{"id":471208,"date":"2025-10-18T00:28:33","date_gmt":"2025-10-18T00:28:33","guid":{"rendered":"https:\/\/www.europesays.com\/fr\/471208\/"},"modified":"2025-10-18T00:28:33","modified_gmt":"2025-10-18T00:28:33","slug":"bourse-lallemagne-veut-un-marche-financier-europeen-pour-contrer-new-york-et-lasie","status":"publish","type":"post","link":"https:\/\/www.europesays.com\/fr\/471208\/","title":{"rendered":"Bourse : l&rsquo;Allemagne veut un march\u00e9 financier europ\u00e9en pour contrer New York et l\u2019Asie"},"content":{"rendered":"<p>Le chancelier allemand <strong>Friedrich Merz<\/strong> a appel\u00e9 jeudi 16 octobre \u00e0 la cr\u00e9ation d&rsquo;<strong>une place financi\u00e8re europ\u00e9enne<\/strong> pour concurrencer ses rivales am\u00e9ricaines et asiatiques, afin d&rsquo;\u00e9viter la fuite des capitaux des entreprises du continent, en perte de comp\u00e9titivit\u00e9. Lors d&rsquo;un discours devant les d\u00e9put\u00e9s allemands avant un sommet europ\u00e9en la semaine prochaine, le chancelier a r\u00e9p\u00e9t\u00e9 la n\u00e9cessit\u00e9 d&rsquo;unifier les march\u00e9s de capitaux de l&rsquo;UE.<\/p>\n<p>Ce v\u00e9ritable serpent de mer des sommets des 27 projets d&rsquo;harmoniser les r\u00e9glementations des diff\u00e9rentes bourses europ\u00e9ennes, pour acc\u00e9l\u00e9rer les flux financiers au sein de l&rsquo;UE et faciliter les investissements. \u00abNos entreprises ont besoin d&rsquo;un march\u00e9 des capitaux suffisamment large et profond pour pouvoir <strong>se financer mieux, et surtout, plus rapidement\u00bb<\/strong>, a d\u00e9clar\u00e9 le dirigeant. Berlin et Bruxelles ont donc \u00abbesoin d&rsquo;une Bourse europ\u00e9enne pour que des entreprises prosp\u00e8res comme, par exemple <a href=\"https:\/\/www.capital.fr\/entreprises-marches\/moderna-pfizer-biontech-astrazeneca-les-fabricants-du-vaccin-covid-19-se-portent-bien-3-ans-apres-la-crise-1463200\" target=\"_blank\" rel=\"noopener\">BioNTech<\/a> en Allemagne, n&rsquo;\u00e9taient pas \u00e0 aller \u00e0 la Bourse de New York\u00bb, a-t-il ajout\u00e9.<\/p>\n<p>La Bourse de New York, refuge des grandes entreprises europ\u00e9ennes<\/p>\n<p>Le laboratoire connu pour son vaccin contre le Covid-19 fait partie des entreprises du Nasdaq depuis 2019. D&rsquo;autres entreprises allemandes ont \u00e9galement tourn\u00e9 le dos \u00e0 la bourse de Francfort pour celle de New York, comme la c\u00e9l\u00e8bre marque de sandales <a href=\"https:\/\/www.capital.fr\/entreprises-marches\/birkenstock-vedette-de-la-mode-et-star-en-puissance-de-la-bourse-1476414\" target=\"_blank\" rel=\"noopener\">Birkenstock<\/a> ou le g\u00e9ant gazier Linde. Ce dernier avait quitt\u00e9 le Dax en 2023, d\u00e9non\u00e7ant les r\u00e8gles boursi\u00e8res allemandes qui bridaient ses performances, ce qui avait \u00e9t\u00e9 un coup de masse pour la place de Francfort.<\/p>\n<p>\u00abEuronext est pr\u00eat \u00e0 contribuer au prochain niveau de consolidation des march\u00e9s en Europe pour cr\u00e9er un pool de liquidit\u00e9 plus profond afin de financer la croissance des entreprises europ\u00e9ennes\u00bb, a r\u00e9agi le patron de l&rsquo;op\u00e9rateur de places boursi\u00e8res europ\u00e9ennes St\u00e9phane Boujnah dans une d\u00e9claration transmise \u00e0 l&rsquo;AFP. <strong>Euronext<\/strong>, qui g\u00e8re les <a href=\"https:\/\/www.capital.fr\/entreprises-marches\/cac-40-la-bourse-plonge-revelations-de-prets-defaillants-aux-etats-unis-1519710\" target=\"_blank\" rel=\"noopener\">Bourses de Paris<\/a>, Milan, Amsterdam, Bruxelles, Dublin, Lisbonne et Oslo, \u00aba toujours \u00e9t\u00e9 guid\u00e9 par la forte conviction qu&rsquo;en Europe, il est toujours possible de r\u00e9ussir ensemble plut\u00f4t que d&rsquo;\u00e9chouer s\u00e9par\u00e9ment\u00bb, a-t-il ajout\u00e9.<\/p>\n<p>Ce n&rsquo;est que gr\u00e2ce \u00e0 une bourse europ\u00e9enne \u00abque la cr\u00e9ation de valeur issue de la recherche allemande et europ\u00e9enne reste en Europe\u00bb, selon Friedrich Merz. Enlis\u00e9es dans la stagnation, l&rsquo;Union Europ\u00e9enne et ses entreprises phares, notamment allemandes, sont menac\u00e9es de d\u00e9crochage \u00e9conomique et technologique vis-\u00e0-vis de la Chine et des Etats-Unis. Le risque est que l&rsquo;Europe devienne un \u00abjouet pour les grands p\u00f4les \u00e9conomiques en Asie et en Am\u00e9rique\u00bb, a \u00e9galement d\u00e9clar\u00e9 le chancelier.<\/p>\n<p>A la pointe de cette consolidation financi\u00e8re europ\u00e9enne se trouve Euronext, l&rsquo;op\u00e9rateur de la Bourse de Paris, qui a rachet\u00e9 plusieurs places (Oslo, Milan) et lorgne d\u00e9sormais sur celle d&rsquo;Ath\u00e8nes. Plusieurs tentatives de fusion avec son grand concurrent, l&rsquo;allemand Deutsche B\u00f6rse, ont \u00e9chou\u00e9 par le pass\u00e9.<\/p>\n","protected":false},"excerpt":{"rendered":"Le chancelier allemand Friedrich Merz a appel\u00e9 jeudi 16 octobre \u00e0 la cr\u00e9ation d&rsquo;une place financi\u00e8re europ\u00e9enne pour&hellip;\n","protected":false},"author":2,"featured_media":471209,"comment_status":"","ping_status":"","sticky":false,"template":"","format":"standard","meta":{"footnotes":""},"categories":[1587],"tags":[11,672,340,1804,343,1805,1803,1777,51604,674,1801,12834,12,1802],"class_list":{"0":"post-471208","1":"post","2":"type-post","3":"status-publish","4":"format-standard","5":"has-post-thumbnail","7":"category-allemagne","8":"tag-actualites","9":"tag-allemagne","10":"tag-bourse","11":"tag-bundesrepublik-deutschland","12":"tag-cac-40","13":"tag-de","14":"tag-deutschland","15":"tag-eu","16":"tag-euronext","17":"tag-europe","18":"tag-germany","19":"tag-nasdaq","20":"tag-news","21":"tag-republique-federale-dallemagne"},"share_on_mastodon":{"url":"https:\/\/pubeurope.com\/@fr\/115392341827459599","error":""},"_links":{"self":[{"href":"https:\/\/www.europesays.com\/fr\/wp-json\/wp\/v2\/posts\/471208","targetHints":{"allow":["GET"]}}],"collection":[{"href":"https:\/\/www.europesays.com\/fr\/wp-json\/wp\/v2\/posts"}],"about":[{"href":"https:\/\/www.europesays.com\/fr\/wp-json\/wp\/v2\/types\/post"}],"author":[{"embeddable":true,"href":"https:\/\/www.europesays.com\/fr\/wp-json\/wp\/v2\/users\/2"}],"replies":[{"embeddable":true,"href":"https:\/\/www.europesays.com\/fr\/wp-json\/wp\/v2\/comments?post=471208"}],"version-history":[{"count":0,"href":"https:\/\/www.europesays.com\/fr\/wp-json\/wp\/v2\/posts\/471208\/revisions"}],"wp:featuredmedia":[{"embeddable":true,"href":"https:\/\/www.europesays.com\/fr\/wp-json\/wp\/v2\/media\/471209"}],"wp:attachment":[{"href":"https:\/\/www.europesays.com\/fr\/wp-json\/wp\/v2\/media?parent=471208"}],"wp:term":[{"taxonomy":"category","embeddable":true,"href":"https:\/\/www.europesays.com\/fr\/wp-json\/wp\/v2\/categories?post=471208"},{"taxonomy":"post_tag","embeddable":true,"href":"https:\/\/www.europesays.com\/fr\/wp-json\/wp\/v2\/tags?post=471208"}],"curies":[{"name":"wp","href":"https:\/\/api.w.org\/{rel}","templated":true}]}}