{"id":471218,"date":"2025-10-18T00:33:11","date_gmt":"2025-10-18T00:33:11","guid":{"rendered":"https:\/\/www.europesays.com\/fr\/471218\/"},"modified":"2025-10-18T00:33:11","modified_gmt":"2025-10-18T00:33:11","slug":"s-p-abaisse-dun-cran-la-note-de-la-france-incertitude-elevee-sur-les-finances-publiques-liberation","status":"publish","type":"post","link":"https:\/\/www.europesays.com\/fr\/471218\/","title":{"rendered":"S\u00a0&#038;\u00a0P abaisse d\u2019un cran la note de la France, incertitude \u00ab\u00e9lev\u00e9e\u00bb sur les finances publiques \u2013 Lib\u00e9ration"},"content":{"rendered":"<p class=\"sc-cPiKLX AiZTS text-element\">Et de deux. Apr\u00e8s <a href=\"https:\/\/iberation.fr\/economie\/fitch-degrade-la-note-de-la-france-en-raison-des-difficultes-budgetaires-et-de-linstabilite-politique-20250912_3XWIU6EE3NBS3MLQVNWNA5D\" target=\"_blank\" rel=\"noopener\" title=\"https:\/\/iberation.fr\/economie\/fitch-degrade-la-note-de-la-france-en-raison-des-difficultes-budgetaires-et-de-linstabilite-politique-20250912_3XWIU6EE3NBS3MLQVNWNA5D\">Fitch<\/a> le 12 septembre dernier, <a href=\"https:\/\/www.liberation.fr\/economie\/standard-poors-maintient-la-note-de-aa-mais-menace-de-degrader-la-france-au-vu-de-ses-finances-publiques-20250301_SEXF2ZE3SZDWFKYF2MRVQSWK74\/?redirected=1\" target=\"_blank\" rel=\"noopener\" title=\"https:\/\/www.liberation.fr\/economie\/standard-poors-maintient-la-note-de-aa-mais-menace-de-degrader-la-france-au-vu-de-ses-finances-publiques-20250301_SEXF2ZE3SZDWFKYF2MRVQSWK74\/?redirected=1\">S &amp; P Global Ratings<\/a> a, \u00e0 son tour, d\u00e9cid\u00e9 de priver la France d\u2019une lettre. Ce vendredi 17 octobre l\u2019agence de notation am\u00e9ricaine (anciennement Standard &amp; Poors) &#8211; dont la r\u00e9vision \u00e9tait attendue pour le 28 novembre &#8211; a elle aussi abaiss\u00e9 la note de cr\u00e9dit de la France \u00e0 A + contre AA-. L\u2019hexagone se retrouve ainsi au niveau de l\u2019Espagne, du Japon, du Portugal et de la Chine. <\/p>\n<p class=\"sc-cPiKLX AiZTS text-element\">Une d\u00e9gradation motiv\u00e9e par l\u2019instabilit\u00e9 politique persistante et l<a href=\"https:\/\/www.liberation.fr\/politique\/budget-2026-un-calendrier-parlementaire-pave-dincertitudes-20251016_JULX6XHZPFB5HJTV5RLVDAR2NE\/\" target=\"_blank\" rel=\"noopener\" title=\"https:\/\/www.liberation.fr\/politique\/budget-2026-un-calendrier-parlementaire-pave-dincertitudes-20251016_JULX6XHZPFB5HJTV5RLVDAR2NE\/\">es incertitudes budg\u00e9taires qui p\u00e8sent sur le pays<\/a>. Et la pr\u00e9sentation cette semaine du projet de budget de 2026 par le gouvernement Lecornu II n\u2019a rien chang\u00e9 \u00e0 l\u2019affaire.  <\/p>\n<p class=\"sc-cPiKLX AiZTS text-element\">\u00abSelon nous, l\u2019incertitude sur les finances publiques demeure \u00e9lev\u00e9e \u00e0 l\u2019approche de l\u2019\u00e9lection pr\u00e9sidentielle de 2027. La d\u00e9cision du nouveau gouvernement de suspendre la r\u00e9forme historique des retraites, initialement inscrite dans la loi de 2023, en est un exemple\u00bb, souligne ainsi l\u2019agence dans son communiqu\u00e9. Tout en pointant que la France traverse \u00absa pire p\u00e9riode d\u2019instabilit\u00e9 depuis le d\u00e9but de la Ve R\u00e9publique\u00bb, avec \u00abun turn-over de six Premiers ministre\u00bb depuis la r\u00e9\u00e9lection d\u2019Emmanuel Macron en 2022. <\/p>\n<p class=\"sc-cPiKLX AiZTS text-element\">Cette situation politique pourrait, selon S &amp; P, peser sur l\u2019\u00e9conomie fran\u00e7aise en freinant l\u2019investissement, la consommation priv\u00e9e et la croissance. L\u2019agence anticipe d\u00e9sormais que \u00abla dette publique brute atteindra 121 % du PIB en 2028, contre 112 % du PIB \u00e0 la fin de l\u2019ann\u00e9e derni\u00e8re\u00bb. <\/p>\n<p class=\"sc-cPiKLX AiZTS text-element\">R\u00e9agissant \u00e0 cette deuxi\u00e8me d\u00e9gradation par S &amp; P en un an et demi, <a href=\"https:\/\/www.liberation.fr\/economie\/gouvernement-lecornu-roland-lescure-nouveau-maitre-de-bercy-20251005_KPP67B425RDKPF4RGTF7Q6VE4Y\/\" target=\"_blank\" rel=\"noopener\" title=\"https:\/\/www.liberation.fr\/economie\/gouvernement-lecornu-roland-lescure-nouveau-maitre-de-bercy-20251005_KPP67B425RDKPF4RGTF7Q6VE4Y\/\">le ministre de l\u2019Economie, Roland Lescure<\/a>, a dit \u00ab[prendre] acte\u00bb de cette d\u00e9cision. \u00abLe gouvernement confirme sa d\u00e9termination \u00e0 tenir l\u2019objectif de d\u00e9ficit de 5,4 % du PIB pour 2025\u00bb, a ajout\u00e9 son minist\u00e8re dans une d\u00e9claration transmise \u00e0 l\u2019AFP. <\/p>\n<p class=\"sc-cPiKLX AiZTS text-element\">Selon S &amp; P, si cet \u00abobjectif de d\u00e9ficit public de 5,4 % du PIB en 2025 sera atteint [\u2026] en l\u2019absence de mesures suppl\u00e9mentaires significatives de r\u00e9duction du d\u00e9ficit budg\u00e9taire, l\u2019assainissement budg\u00e9taire sur (son) horizon de pr\u00e9vision sera plus lent que pr\u00e9vu\u00bb. <\/p>\n<p class=\"sc-cPiKLX AiZTS text-element\">A Bercy en revanche, on maintient le cap.<b> <\/b>\u00abPour 2026, le gouvernement a d\u00e9pos\u00e9 ce mardi 14 octobre un projet de budget qui vise \u00e0 acc\u00e9l\u00e9rer la r\u00e9duction du d\u00e9ficit public \u00e0 4,7 % du PIB tout en pr\u00e9servant la croissance\u00bb, a r\u00e9pondu le minist\u00e8re de l\u2019Economie. \u00abIl s\u2019agit d\u2019une \u00e9tape clef qui nous permettra de respecter l\u2019engagement de la France \u00e0 ramener le d\u00e9ficit public sous 3 % du PIB en 2029\u00bb, a ajout\u00e9 Bercy alors que l\u2019engagement de S\u00e9bastien Lecornu de ne pas recourir au 49.3 rend hypoth\u00e9tique la tenue de cette cible de r\u00e9duction du d\u00e9ficit au terme des d\u00e9bats parlementaires. <\/p>\n<p class=\"sc-cPiKLX AiZTS text-element\">Avant l\u2019arriv\u00e9e du projet de loi de finances(PLF) \u00e0 l\u2019Assembl\u00e9e la semaine prochaine, Bercy met la pression : \u00abIl est d\u00e9sormais de la responsabilit\u00e9 collective du gouvernement et du Parlement de parvenir \u00e0 l\u2019adoption d\u2019un budget qui s\u2019inscrit dans ce cadre, avant la fin de l\u2019ann\u00e9e 2025\u00bb, insiste le minist\u00e8re. <\/p>\n<p class=\"sc-cPiKLX AiZTS text-element\">Le 24 octobre prochain &#8211; jour de l\u2019arriv\u00e9e du projet de loi de finances pour 2026 dans l\u2019h\u00e9micycle &#8211; ce sera au tour de l\u2019agence Moody\u2019s de rendre sa d\u00e9cision sur la note de la France. <\/p>\n","protected":false},"excerpt":{"rendered":"Et de deux. Apr\u00e8s Fitch le 12 septembre dernier, S &amp; P Global Ratings a, \u00e0 son tour,&hellip;\n","protected":false},"author":2,"featured_media":471219,"comment_status":"","ping_status":"","sticky":false,"template":"","format":"standard","meta":{"footnotes":""},"categories":[4],"tags":[11,25548,1011,27,12,25],"class_list":{"0":"post-471218","1":"post","2":"type-post","3":"status-publish","4":"format-standard","5":"has-post-thumbnail","7":"category-france","8":"tag-actualites","9":"tag-budget-public","10":"tag-fr","11":"tag-france","12":"tag-news","13":"tag-republique-francaise"},"share_on_mastodon":{"url":"https:\/\/pubeurope.com\/@fr\/115392361461614139","error":""},"_links":{"self":[{"href":"https:\/\/www.europesays.com\/fr\/wp-json\/wp\/v2\/posts\/471218","targetHints":{"allow":["GET"]}}],"collection":[{"href":"https:\/\/www.europesays.com\/fr\/wp-json\/wp\/v2\/posts"}],"about":[{"href":"https:\/\/www.europesays.com\/fr\/wp-json\/wp\/v2\/types\/post"}],"author":[{"embeddable":true,"href":"https:\/\/www.europesays.com\/fr\/wp-json\/wp\/v2\/users\/2"}],"replies":[{"embeddable":true,"href":"https:\/\/www.europesays.com\/fr\/wp-json\/wp\/v2\/comments?post=471218"}],"version-history":[{"count":0,"href":"https:\/\/www.europesays.com\/fr\/wp-json\/wp\/v2\/posts\/471218\/revisions"}],"wp:featuredmedia":[{"embeddable":true,"href":"https:\/\/www.europesays.com\/fr\/wp-json\/wp\/v2\/media\/471219"}],"wp:attachment":[{"href":"https:\/\/www.europesays.com\/fr\/wp-json\/wp\/v2\/media?parent=471218"}],"wp:term":[{"taxonomy":"category","embeddable":true,"href":"https:\/\/www.europesays.com\/fr\/wp-json\/wp\/v2\/categories?post=471218"},{"taxonomy":"post_tag","embeddable":true,"href":"https:\/\/www.europesays.com\/fr\/wp-json\/wp\/v2\/tags?post=471218"}],"curies":[{"name":"wp","href":"https:\/\/api.w.org\/{rel}","templated":true}]}}