{"id":471220,"date":"2025-10-18T00:35:15","date_gmt":"2025-10-18T00:35:15","guid":{"rendered":"https:\/\/www.europesays.com\/fr\/471220\/"},"modified":"2025-10-18T00:35:15","modified_gmt":"2025-10-18T00:35:15","slug":"marchand-promet-un-nouveau-centre-sportif-de-36-millions-a-beauport","status":"publish","type":"post","link":"https:\/\/www.europesays.com\/fr\/471220\/","title":{"rendered":"Marchand promet un nouveau centre sportif de 36 millions \u00e0 Beauport"},"content":{"rendered":"<p class=\"article-bodystyled__StyledText-sc-19uhgql-0 bGeyRM body-paragraph\" id=\"content-element-HKINVFAZ4RCRXMRQ26CN7SSNOI\">\u00abLes joueurs de volleyball crient. On sait qu\u2019il y a de la demande\u00bb, a pr\u00e9sent\u00e9 vendredi le chef de Qu\u00e9bec forte et fi\u00e8re. <\/p>\n<p class=\"article-bodystyled__StyledText-sc-19uhgql-0 bGeyRM body-paragraph\" id=\"content-element-HTYSG6ZKM5G6POOTU2QK7ZVD7M\">Entour\u00e9 d\u2019une partie de son \u00e9quipe et d\u2019une grappe de jeunes sportifs, Bruno Marchand s\u2019est engag\u00e9 \u00e0 garantir son appui \u00e0 la construction d\u2019un futur complexe sportif dans l\u2019est de la ville, \u00e0 Beauport. <\/p>\n<p class=\"article-bodystyled__StyledText-sc-19uhgql-0 bGeyRM body-paragraph\" id=\"content-element-IUXTVFUVVFEQPKRSYPO4XTPKIQ\">Sur les anciens terrains de soccer naturel de l\u2019\u00e9cole secondaire priv\u00e9e Fran\u00e7ois-Bourrin, le maire sortant promet de faire pousser un centre de volleyball pour permettre aux \u00e9l\u00e8ves \u2014 et \u00e0 la communaut\u00e9 \u2014 de pratiquer ce sport en \u00e9mergence. <\/p>\n<blockquote class=\"blockquote\" cite=\"\" id=\"content-element-LRVI32CG7NFNLKT7WDWSSH4DWY\">\n<p class=\"secondary-font__SecondaryFontStyles-sc-jft5zj-0 kJOXaj\">Pareille infrastructure n\u2019existe pas encore \u00e0 Qu\u00e9bec, insiste M. Marchand. Et pourtant, le besoin est l\u00e0, plaide-t-il. <\/p>\n<\/blockquote>\n<p class=\"article-bodystyled__StyledText-sc-19uhgql-0 bGeyRM body-paragraph\" id=\"content-element-IXHRWOHK5ZEYPD2ERQOMM6UFIY\">Les installations neuves de 66 000 pieds carr\u00e9s incluront non seulement 10 terrains de volleyball int\u00e9rieurs, qui pourront \u00eatre convertis pour pratiquer \u00e9galement le futsal, un sport qui s\u2019apparente au soccer. <\/p>\n<p class=\"article-bodystyled__StyledText-sc-19uhgql-0 bGeyRM body-paragraph\" id=\"content-element-73XYWPW4B5CMJKQ4DJGFOVYKHI\">De m\u00eame, l\u2019am\u00e9nagement de six terrains de volleyball de plage couverts en hiver \u2014 une premi\u00e8re \u00e0 Qu\u00e9bec \u2014 est pr\u00e9vu dans le projet, dans les cartons depuis plus de huit ans. <\/p>\n<p><img decoding=\"async\" data-chromatic=\"ignore\" alt=\"&#xAB;Les joueurs de volleyball crient. On sait qu&#x2019;il y a de la demande&#xBB;, a pr&#xE9;sent&#xE9; vendredi le chef de Qu&#xE9;bec forte et fi&#xE8;re. \" class=\"c-image\" loading=\"lazy\" src=\"https:\/\/www.europesays.com\/fr\/wp-content\/uploads\/2025\/10\/NDJN3OHIQ5DIZIZFFLQTCAQC2Y.JPG\"  width=\"1200\" height=\"900\"\/><\/p>\n<p class=\"image-metadata__MetadataParagraph-sc-1gfk7p2-0 cAaLKg image-metadata\">\u00abLes joueurs de volleyball crient. On sait qu\u2019il y a de la demande\u00bb, a pr\u00e9sent\u00e9 vendredi le chef de Qu\u00e9bec forte et fi\u00e8re.  (\u00c9milie Pelletier\/Le Soleil)<\/p>\n<p class=\"article-bodystyled__StyledText-sc-19uhgql-0 bGeyRM body-paragraph\" id=\"content-element-2U2NHRJAXFHK7MRPEBNZBEJJPI\">S\u2019il est r\u00e9\u00e9lu, le maire Marchand s\u2019engage \u00e0 ce que la Ville de Qu\u00e9bec finance aussi une piste de course et de marche incluse \u00e0 m\u00eame le nouveau centre, une composante \u00e9valu\u00e9e \u00e0 cinq millions de dollars. <\/p>\n<p>Montage financier \u00e0 compl\u00e9ter<\/p>\n<p class=\"article-bodystyled__StyledText-sc-19uhgql-0 bGeyRM body-paragraph\" id=\"content-element-GWQMBT5WKNBKJK7KVK332V46KY\">L\u2019ensemble du projet se chiffre \u00e0 36 millions de dollars, selon les chiffres \u00abapproximatifs\u00bb fournis vendredi.<\/p>\n<p class=\"article-bodystyled__StyledText-sc-19uhgql-0 bGeyRM body-paragraph\" id=\"content-element-URYX2OKQ4FF6VFV6M7IMR674FE\">La part de la facture \u00e0 assumer par la Ville de Qu\u00e9bec demeure \u00e0 \u00eatre d\u00e9termin\u00e9e, comme le reste du montage financier. <\/p>\n<p><img decoding=\"async\" data-chromatic=\"ignore\" alt=\"Les installations neuves de 66 000 pieds carr&#xE9;s incluront non seulement 10 terrains de volleyball int&#xE9;rieurs, qui pourront &#xEA;tre convertis pour pratiquer &#xE9;galement le futsal, un sport qui s&#x2019;apparente au soccer. \" class=\"c-image\" loading=\"lazy\" src=\"https:\/\/www.europesays.com\/fr\/wp-content\/uploads\/2025\/10\/OWMSUAWW3JG3FL3JLP6KZDYYRA.png\"  width=\"1200\" height=\"667\"\/><\/p>\n<p class=\"image-metadata__MetadataParagraph-sc-1gfk7p2-0 cAaLKg image-metadata\">Les installations neuves de 66 000 pieds carr\u00e9s incluront non seulement 10 terrains de volleyball int\u00e9rieurs, qui pourront \u00eatre convertis pour pratiquer \u00e9galement le futsal, un sport qui s\u2019apparente au soccer.  (Qu\u00e9bec forte et fi\u00e8re)<\/p>\n<p class=\"article-bodystyled__StyledText-sc-19uhgql-0 bGeyRM body-paragraph\" id=\"content-element-73XNQXGHNNBDBFFX7U2P7OTY2A\">L\u2019\u00e9cole Fran\u00e7ois-Bourrin projette d\u2019ores et d\u00e9j\u00e0 le lancement d\u2019une campagne de financement pour participer \u00e0 l\u2019effort et \u00abgarantir le succ\u00e8s\u00bb du projet.<\/p>\n<p class=\"article-bodystyled__StyledText-sc-19uhgql-0 bGeyRM body-paragraph\" id=\"content-element-ZDQTXWQJHZCQ5JPTQBF3W22QZE\">Pour boucler le financement, la Ville compte sur des subventions issues du Programme d\u2019aide financi\u00e8re aux infrastructures r\u00e9cr\u00e9atives, sportives et de plein air (PAFIRSPA) du gouvernement du Qu\u00e9bec pour y arriver.<\/p>\n<p class=\"article-bodystyled__StyledText-sc-19uhgql-0 bGeyRM body-paragraph\" id=\"content-element-7TABNXROXFCFFCV2JY2LOLWIMI\">Ce programme peut d\u00e9frayer jusqu\u2019\u00e0 66 % du co\u00fbt des infrastructures sportives.<\/p>\n<p><img decoding=\"async\" data-chromatic=\"ignore\" alt=\"Maquette du complexe sportif dans Beauport propos&#xE9; par Qu&#xE9;bec forte et fi&#xE8;re.\" class=\"c-image\" loading=\"lazy\" src=\"https:\/\/www.europesays.com\/fr\/wp-content\/uploads\/2025\/10\/BFKDVJPE5JFEFPKJJOGYKVKAYQ.png\"  width=\"1200\" height=\"670\"\/><\/p>\n<p class=\"image-metadata__MetadataParagraph-sc-1gfk7p2-0 cAaLKg image-metadata\">Maquette du complexe sportif dans Beauport propos\u00e9 par Qu\u00e9bec forte et fi\u00e8re. (Qu\u00e9bec forte et fi\u00e8re)<\/p>\n<p class=\"article-bodystyled__StyledText-sc-19uhgql-0 bGeyRM body-paragraph\" id=\"content-element-YOGFRJEQYRADRBHBVLJIZDHMLI\">Sans cette contribution gouvernementale, la concr\u00e9tisation du projet pourrait s\u2019av\u00e9rer \u00abdifficile\u00bb, admet Bruno Marchand. Il se montre cependant confiant d\u2019obtenir une r\u00e9ponse positive de Qu\u00e9bec, consid\u00e9rant les \u00abbesoins\u00bb dans l\u2019Est de la ville. <\/p>\n<p class=\"article-bodystyled__StyledText-sc-19uhgql-0 bGeyRM body-paragraph\" id=\"content-element-3UHT3ZAF7BDDNDXVO5CUTLH6O4\">La Ville de Qu\u00e9bec a vu <a href=\"https:\/\/www.lesoleil.com\/actualites\/actualites-locales\/la-capitale\/2024\/11\/19\/quebec-risque-gros-pour-des-jeux-et-du-curling-selon-lopposition-D4PMQQNLOVEXFOWYTCIWHYB3PY\/\" target=\"_blank\" rel=\"nofollow noopener\" title=\"https:\/\/www.lesoleil.com\/actualites\/actualites-locales\/la-capitale\/2024\/11\/19\/quebec-risque-gros-pour-des-jeux-et-du-curling-selon-lopposition-D4PMQQNLOVEXFOWYTCIWHYB3PY\/\">sa demande d\u2019aide financi\u00e8re rejet\u00e9e dans le dossier de son nouveau centre de curling<\/a> \u00e0 presque 40 millions, en construction \u00e0 Lebourgneuf. <\/p>\n<p class=\"article-bodystyled__StyledText-sc-19uhgql-0 bGeyRM body-paragraph\" id=\"content-element-73WGTHQPZBF5JEEVREO6CR6SCM\">Ce complexe, qui pourrait \u00abr\u00e9alistement\u00bb ouvrir en 2027, pourrait devenir \u00abun levier pour une ville qui bouge et qui est la plus active au Canada\u00bb, esp\u00e8re M. Marchand.<\/p>\n","protected":false},"excerpt":{"rendered":"\u00abLes joueurs de volleyball crient. On sait qu\u2019il y a de la demande\u00bb, a pr\u00e9sent\u00e9 vendredi le chef&hellip;\n","protected":false},"author":2,"featured_media":471221,"comment_status":"","ping_status":"","sticky":false,"template":"","format":"standard","meta":{"footnotes":""},"categories":[1417],"tags":[59492,59490,59493,1011,27,59491,60,1470,1469],"class_list":{"0":"post-471220","1":"post","2":"type-post","3":"status-publish","4":"format-standard","5":"has-post-thumbnail","7":"category-volley","8":"tag-beauport","9":"tag-bruno-marchand","10":"tag-ecole-francois-bourrin","11":"tag-fr","12":"tag-france","13":"tag-quebec-forte-et-fiere","14":"tag-sports","15":"tag-volley","16":"tag-volleyball"},"share_on_mastodon":{"url":"https:\/\/pubeurope.com\/@fr\/115392370049005430","error":""},"_links":{"self":[{"href":"https:\/\/www.europesays.com\/fr\/wp-json\/wp\/v2\/posts\/471220","targetHints":{"allow":["GET"]}}],"collection":[{"href":"https:\/\/www.europesays.com\/fr\/wp-json\/wp\/v2\/posts"}],"about":[{"href":"https:\/\/www.europesays.com\/fr\/wp-json\/wp\/v2\/types\/post"}],"author":[{"embeddable":true,"href":"https:\/\/www.europesays.com\/fr\/wp-json\/wp\/v2\/users\/2"}],"replies":[{"embeddable":true,"href":"https:\/\/www.europesays.com\/fr\/wp-json\/wp\/v2\/comments?post=471220"}],"version-history":[{"count":0,"href":"https:\/\/www.europesays.com\/fr\/wp-json\/wp\/v2\/posts\/471220\/revisions"}],"wp:featuredmedia":[{"embeddable":true,"href":"https:\/\/www.europesays.com\/fr\/wp-json\/wp\/v2\/media\/471221"}],"wp:attachment":[{"href":"https:\/\/www.europesays.com\/fr\/wp-json\/wp\/v2\/media?parent=471220"}],"wp:term":[{"taxonomy":"category","embeddable":true,"href":"https:\/\/www.europesays.com\/fr\/wp-json\/wp\/v2\/categories?post=471220"},{"taxonomy":"post_tag","embeddable":true,"href":"https:\/\/www.europesays.com\/fr\/wp-json\/wp\/v2\/tags?post=471220"}],"curies":[{"name":"wp","href":"https:\/\/api.w.org\/{rel}","templated":true}]}}