{"id":471223,"date":"2025-10-18T00:37:12","date_gmt":"2025-10-18T00:37:12","guid":{"rendered":"https:\/\/www.europesays.com\/fr\/471223\/"},"modified":"2025-10-18T00:37:12","modified_gmt":"2025-10-18T00:37:12","slug":"djokovic-qualifie-pour-turin-et-un-record-avec-federer-de-nouveau-en-jeu","status":"publish","type":"post","link":"https:\/\/www.europesays.com\/fr\/471223\/","title":{"rendered":"Djokovic qualifi\u00e9 pour Turin\u2026 et un record avec Federer de nouveau en jeu"},"content":{"rendered":"<p>                <img decoding=\"async\" src=\"https:\/\/www.europesays.com\/fr\/wp-content\/uploads\/2025\/10\/sgzI.jpg\" fetchpriority=\"high\" alt=\"Djokovic qualifi\u00e9 pour Turin\u2026 et un record avec Federer de nouveau en jeu\"\/><\/p>\n<p>Avec ses 4580 points \u00e0 la Race, Novak Djokovic a d\u00e9croch\u00e9 son billet pour Turin. Pourtant, comme l\u2019an dernier, le Serbe entretient le myst\u00e8re sur sa venue, lui qui pourrait \u00e9galer un record de Federer.<\/p>\n<p>Quatre demi-finales en Grand Chelem, une finale \u00e0 Miami, une demi-finale \u00e0 Shanghai et un titre \u00e0 Gen\u00e8ve auront suffi \u00e0 Novak Djokovic pour obtenir sa qualification pour les ATP Finals \u00e0 Turin.<\/p>\n<p>Le Serbe, avec 4580 points au compteur \u00e0 un mois de l\u2019\u00e9ch\u00e9ance, a math\u00e9matiquement valid\u00e9 son ticket. S\u2019il venait \u00e0 y participer, il \u00e9galerait le record de 17 apparitions \u00e9tabli par Roger Federer.<\/p>\n<p>Cependant, comme l\u2019ann\u00e9e derni\u00e8re, Djokovic laisse planer le doute sur sa participation. Il n\u2019est pour le moment inscrit qu\u2019\u00e0 l\u2019ATP 250 d\u2019Ath\u00e8nes (2-8 novembre), tournoi organis\u00e9 par sa famille.<\/p>\n<p>En cas de forfait pour Turin, ce serait pour l\u2019instant F\u00e9lix Auger-Aliassime qui en profiterait. Le Canadien, engag\u00e9 \u00e0 Bruxelles cette semaine, est 10e \u00e0 la Race (Draper, 9e, a mis un terme \u00e0 sa saison).<\/p>\n","protected":false},"excerpt":{"rendered":"Avec ses 4580 points \u00e0 la Race, Novak Djokovic a d\u00e9croch\u00e9 son billet pour Turin. Pourtant, comme l\u2019an&hellip;\n","protected":false},"author":2,"featured_media":471224,"comment_status":"","ping_status":"","sticky":false,"template":"","format":"standard","meta":{"footnotes":""},"categories":[1415],"tags":[1011,27,60,1467],"class_list":{"0":"post-471223","1":"post","2":"type-post","3":"status-publish","4":"format-standard","5":"has-post-thumbnail","7":"category-tennis","8":"tag-fr","9":"tag-france","10":"tag-sports","11":"tag-tennis"},"share_on_mastodon":{"url":"https:\/\/pubeurope.com\/@fr\/115392377252620863","error":""},"_links":{"self":[{"href":"https:\/\/www.europesays.com\/fr\/wp-json\/wp\/v2\/posts\/471223","targetHints":{"allow":["GET"]}}],"collection":[{"href":"https:\/\/www.europesays.com\/fr\/wp-json\/wp\/v2\/posts"}],"about":[{"href":"https:\/\/www.europesays.com\/fr\/wp-json\/wp\/v2\/types\/post"}],"author":[{"embeddable":true,"href":"https:\/\/www.europesays.com\/fr\/wp-json\/wp\/v2\/users\/2"}],"replies":[{"embeddable":true,"href":"https:\/\/www.europesays.com\/fr\/wp-json\/wp\/v2\/comments?post=471223"}],"version-history":[{"count":0,"href":"https:\/\/www.europesays.com\/fr\/wp-json\/wp\/v2\/posts\/471223\/revisions"}],"wp:featuredmedia":[{"embeddable":true,"href":"https:\/\/www.europesays.com\/fr\/wp-json\/wp\/v2\/media\/471224"}],"wp:attachment":[{"href":"https:\/\/www.europesays.com\/fr\/wp-json\/wp\/v2\/media?parent=471223"}],"wp:term":[{"taxonomy":"category","embeddable":true,"href":"https:\/\/www.europesays.com\/fr\/wp-json\/wp\/v2\/categories?post=471223"},{"taxonomy":"post_tag","embeddable":true,"href":"https:\/\/www.europesays.com\/fr\/wp-json\/wp\/v2\/tags?post=471223"}],"curies":[{"name":"wp","href":"https:\/\/api.w.org\/{rel}","templated":true}]}}