{"id":471227,"date":"2025-10-18T00:40:10","date_gmt":"2025-10-18T00:40:10","guid":{"rendered":"https:\/\/www.europesays.com\/fr\/471227\/"},"modified":"2025-10-18T00:40:10","modified_gmt":"2025-10-18T00:40:10","slug":"cadillac-entre-en-scene-en-2026","status":"publish","type":"post","link":"https:\/\/www.europesays.com\/fr\/471227\/","title":{"rendered":"Cadillac entre en sc\u00e8ne en 2026"},"content":{"rendered":"<p>                    L&rsquo;approbation de la FIA arrivera dans quelque temps, mais parmi les nombreuses nouveaut\u00e9s techniques et r\u00e9glementaires attendues pour 2026, il y en aura \u00e9galement une li\u00e9e directement \u00e0 l&rsquo;entr\u00e9e dans le circuit d&rsquo;une nouvelle \u00e9quipe, Cadillac, qui portera de 20 \u00e0 22 le nombre de monoplaces en piste. Il s&rsquo;agit d&rsquo;une l\u00e9g\u00e8re modification du format des qualifications, dans lesquelles ne seront plus cinq, mais six, les voitures \u00e9limin\u00e9es lors des deux premi\u00e8res sessions. Il restera donc dix pilotes qui participeront \u00e0 la Q3, la session qui attribue la pole position.<\/p>\n<p>Pour l&rsquo;officialisation, il faudra attendre l&rsquo;approbation du nouveau r\u00e8glement sportif par le Conseil mondial du sport automobile de la FIA. Il s&rsquo;agit toutefois d&rsquo;une nouveaut\u00e9 tr\u00e8s partielle &#8211; d\u00e9j\u00e0 adopt\u00e9e en 2016 lorsque le Mondial comptait \u00e9galement onze \u00e9quipes &#8211; par rapport \u00e0 d&rsquo;autres hypoth\u00e8ses que les dirigeants de la Formule 1 envisageraient. Comme celle, par exemple, de la grille invers\u00e9e pour la course sprint, o\u00f9 occuperaient les positions les plus avanc\u00e9es les pilotes avec les temps les plus \u00e9lev\u00e9s, une id\u00e9e pour rendre les courses plus excitantes et voir plus de d\u00e9passements en piste.                    <\/p>\n<p>&#13;<br \/>\n                                \u00a9 TOUS DROITS R\u00c9SERV\u00c9S <br \/>&#13;<br \/>\n                                Cet article est traduit automatiquement                            <\/p>\n","protected":false},"excerpt":{"rendered":"L&rsquo;approbation de la FIA arrivera dans quelque temps, mais parmi les nombreuses nouveaut\u00e9s techniques et r\u00e9glementaires attendues pour&hellip;\n","protected":false},"author":2,"featured_media":471228,"comment_status":"","ping_status":"","sticky":false,"template":"","format":"standard","meta":{"footnotes":""},"categories":[1412],"tags":[1451,1452,1453,1454,1455,1011,27,60],"class_list":{"0":"post-471227","1":"post","2":"type-post","3":"status-publish","4":"format-standard","5":"has-post-thumbnail","7":"category-f1","8":"tag-f1","9":"tag-formula-1","10":"tag-formula1","11":"tag-formule-1","12":"tag-formule1","13":"tag-fr","14":"tag-france","15":"tag-sports"},"share_on_mastodon":{"url":"https:\/\/pubeurope.com\/@fr\/115392389126109898","error":""},"_links":{"self":[{"href":"https:\/\/www.europesays.com\/fr\/wp-json\/wp\/v2\/posts\/471227","targetHints":{"allow":["GET"]}}],"collection":[{"href":"https:\/\/www.europesays.com\/fr\/wp-json\/wp\/v2\/posts"}],"about":[{"href":"https:\/\/www.europesays.com\/fr\/wp-json\/wp\/v2\/types\/post"}],"author":[{"embeddable":true,"href":"https:\/\/www.europesays.com\/fr\/wp-json\/wp\/v2\/users\/2"}],"replies":[{"embeddable":true,"href":"https:\/\/www.europesays.com\/fr\/wp-json\/wp\/v2\/comments?post=471227"}],"version-history":[{"count":0,"href":"https:\/\/www.europesays.com\/fr\/wp-json\/wp\/v2\/posts\/471227\/revisions"}],"wp:featuredmedia":[{"embeddable":true,"href":"https:\/\/www.europesays.com\/fr\/wp-json\/wp\/v2\/media\/471228"}],"wp:attachment":[{"href":"https:\/\/www.europesays.com\/fr\/wp-json\/wp\/v2\/media?parent=471227"}],"wp:term":[{"taxonomy":"category","embeddable":true,"href":"https:\/\/www.europesays.com\/fr\/wp-json\/wp\/v2\/categories?post=471227"},{"taxonomy":"post_tag","embeddable":true,"href":"https:\/\/www.europesays.com\/fr\/wp-json\/wp\/v2\/tags?post=471227"}],"curies":[{"name":"wp","href":"https:\/\/api.w.org\/{rel}","templated":true}]}}