{"id":471236,"date":"2025-10-18T00:45:18","date_gmt":"2025-10-18T00:45:18","guid":{"rendered":"https:\/\/www.europesays.com\/fr\/471236\/"},"modified":"2025-10-18T00:45:18","modified_gmt":"2025-10-18T00:45:18","slug":"mort-de-baek-se-hee-autrice-de-best-sellers-sud-coreenne-a-lage-35-ans","status":"publish","type":"post","link":"https:\/\/www.europesays.com\/fr\/471236\/","title":{"rendered":"Mort de Baek Se-hee, autrice de best-sellers sud-cor\u00e9enne, \u00e0 l&rsquo;\u00e2ge 35 ans"},"content":{"rendered":"<p>L&rsquo;autrice sud-cor\u00e9enne, \u00e0 qui l&rsquo;on doit l&rsquo;ouvrage I Want to Die but I Want To Eat Tteokbokki, \u00e9coul\u00e9 \u00e0 plus d&rsquo;un million d&rsquo;exemplaires dans le monde, est morte \u00e0 35 ans.<\/p>\n<p>Une disparition qui interroge. D&rsquo;apr\u00e8s la <a href=\"https:\/\/www.bbc.com\/news\/articles\/cpq1dy8w3jwo\" target=\"_blank\" class=\"external_link\" rel=\"nofollow noopener\">BBC<\/a>, l&rsquo;autrice sud-cor\u00e9enne Baek Se-hee, \u00e0 qui l&rsquo;on doit le best-seller autobiographique I Want to Die but I Want To Eat Tteokbokki, est morte \u00e0 l&rsquo;\u00e2ge de 35 ans.<\/p>\n<p>Pour l&rsquo;heure, les raisons de la mort de l&rsquo;\u00e9crivaine sont encore floues. D&rsquo;apr\u00e8s un communiqu\u00e9 de l&rsquo;Agence cor\u00e9enne pour le don d&rsquo;organes, Baek Se-hee, qui se trouvait en \u00e9tat de mort c\u00e9r\u00e9brale ce vendredi 17 octobre, a fait don de ses organes &#8211; son c\u0153ur, ses poumons, son foie et ses reins.<\/p>\n<p>Dans ce m\u00eame communiqu\u00e9, la s\u0153ur de l&rsquo;autrice a \u00e9galemet d\u00e9clar\u00e9 que Baek Se-hee avait voulu \u00ab\u00a0partager son c\u0153ur avec les autres \u00e0 travers son travail et inspirer l&rsquo;espoir\u00a0\u00bb.<\/p>\n<p>Vendue \u00e0 plus d&rsquo;un million d&rsquo;exemplaires dans le monde<\/p>\n<p>N\u00e9e en 1990, Baek Se-hee s&rsquo;est fait conna\u00eetre gr\u00e2ce \u00e0 son livre I Want to Die but I Want To Eat Tteokbokki. Publi\u00e9 en 2018, cet ouvrage, qui compile les conversations de l&rsquo;autrice avec son psychiatre au sujet de sa d\u00e9pression, a connu un succ\u00e8s ph\u00e9nom\u00e9nal.<\/p>\n<p>Vendu \u00e0 plus d&rsquo;un million d&rsquo;exemplaires dans le monde et traduit dans 25 pays, ce livre a notamment \u00e9t\u00e9 salu\u00e9 pour avoir permis de normaliser les conversations sur la sant\u00e9 mentale. Une suite, intitul\u00e9e I Want to Die but I Still Want to Eat Tteokbokki, a \u00e9t\u00e9 publi\u00e9e en cor\u00e9en en 2019. Sa traduction anglaise a \u00e9t\u00e9 publi\u00e9e en 2024.<\/p>\n<p>Depuis l&rsquo;annonce de sa mort, plusieurs internautes lui ont rendu hommage sur les r\u00e9seaux sociaux. \u00ab\u00a0Merci de nous avoir sauv\u00e9s gr\u00e2ce \u00e0 ton honn\u00eatet\u00e9\u00a0\u00bb, \u00e9crit un fan sur Instagram. \u00ab\u00a0Cr\u00e9er un seul livre capable de remonter le moral des gens&#8230; n&rsquo;est pas une t\u00e2che facile, et j&rsquo;ai un respect indescriptible pour vous qui y \u00eates parvenue\u00a0\u00bb, abonde un autre.<\/p>\n","protected":false},"excerpt":{"rendered":"L&rsquo;autrice sud-cor\u00e9enne, \u00e0 qui l&rsquo;on doit l&rsquo;ouvrage I Want to Die but I Want To Eat Tteokbokki, \u00e9coul\u00e9&hellip;\n","protected":false},"author":2,"featured_media":471237,"comment_status":"","ping_status":"","sticky":false,"template":"","format":"standard","meta":{"footnotes":""},"categories":[1357],"tags":[1379,58,59,1011,27,1380],"class_list":{"0":"post-471236","1":"post","2":"type-post","3":"status-publish","4":"format-standard","5":"has-post-thumbnail","7":"category-livres","8":"tag-books","9":"tag-divertissement","10":"tag-entertainment","11":"tag-fr","12":"tag-france","13":"tag-livres"},"share_on_mastodon":{"url":"https:\/\/pubeurope.com\/@fr\/115392408786997383","error":""},"_links":{"self":[{"href":"https:\/\/www.europesays.com\/fr\/wp-json\/wp\/v2\/posts\/471236","targetHints":{"allow":["GET"]}}],"collection":[{"href":"https:\/\/www.europesays.com\/fr\/wp-json\/wp\/v2\/posts"}],"about":[{"href":"https:\/\/www.europesays.com\/fr\/wp-json\/wp\/v2\/types\/post"}],"author":[{"embeddable":true,"href":"https:\/\/www.europesays.com\/fr\/wp-json\/wp\/v2\/users\/2"}],"replies":[{"embeddable":true,"href":"https:\/\/www.europesays.com\/fr\/wp-json\/wp\/v2\/comments?post=471236"}],"version-history":[{"count":0,"href":"https:\/\/www.europesays.com\/fr\/wp-json\/wp\/v2\/posts\/471236\/revisions"}],"wp:featuredmedia":[{"embeddable":true,"href":"https:\/\/www.europesays.com\/fr\/wp-json\/wp\/v2\/media\/471237"}],"wp:attachment":[{"href":"https:\/\/www.europesays.com\/fr\/wp-json\/wp\/v2\/media?parent=471236"}],"wp:term":[{"taxonomy":"category","embeddable":true,"href":"https:\/\/www.europesays.com\/fr\/wp-json\/wp\/v2\/categories?post=471236"},{"taxonomy":"post_tag","embeddable":true,"href":"https:\/\/www.europesays.com\/fr\/wp-json\/wp\/v2\/tags?post=471236"}],"curies":[{"name":"wp","href":"https:\/\/api.w.org\/{rel}","templated":true}]}}