{"id":471240,"date":"2025-10-18T00:47:09","date_gmt":"2025-10-18T00:47:09","guid":{"rendered":"https:\/\/www.europesays.com\/fr\/471240\/"},"modified":"2025-10-18T00:47:09","modified_gmt":"2025-10-18T00:47:09","slug":"le-rappeur-booba-a-nouveau-mis-en-examen-pour-harcelement-aggrave-cette-fois-sur-demdem-lex-compagne-de-gims-tf1-info","status":"publish","type":"post","link":"https:\/\/www.europesays.com\/fr\/471240\/","title":{"rendered":"Le rappeur Booba \u00e0 nouveau mis en examen pour harc\u00e8lement aggrav\u00e9, cette fois sur Demdem, l&#039;ex-compagne de Gims &#8211; TF1 Info"},"content":{"rendered":"<ol>\n<li><a href=\"https:\/\/news.google.com\/rss\/articles\/CBMi-gFBVV95cUxNR0ZuRy1Qc0FmSHNvN2IwWUl6TEx0QUZwblJBb09ZTFpGUnpBM0RMMFctc1J6dnVVcGZ5T3loRWRoWHNkOHBSRVFORElodl9panFaY2gxRmFSMV9TT090VVpBMEo3VXNwaHVpNFlYMTJoOUQwZ1RGMVJTOWFvTm5SSklaQmI3cV9WQkZGWGd4c0xrd2pPMkxtNjZhTmw4VkdmeTRGUUZ6amlXTUl0amNOQk9HV182bFVFUGNpREhlRVJKZHNKMnpJVllScHdhWHg0SUgwZmFYQlhZZE9LNWNxWXpXYjNTR2tHUGVvNXZjY29sd0xxSERfcGNR?oc=5\" target=\"_blank\" rel=\"nofollow noopener\">Le rappeur Booba \u00e0 nouveau mis en examen pour harc\u00e8lement aggrav\u00e9, cette fois sur Demdem, l&rsquo;ex-compagne de Gims<\/a>&nbsp;&nbsp;TF1 Info<\/li>\n<li><a href=\"https:\/\/news.google.com\/rss\/articles\/CBMi7gFBVV95cUxPYmprdkpCa0ZiQzd2U2N4U2hhWW5xODA0ZVZ6aDNIVmVzWUwzb1RvcVhndlRheXAxbjhWX2xDV2tZODZuOENaTjdzMWg1RkV0bGtFa1ZMZUpfWk5rY0s0dW14QmNqZjN0bkZtSkhUR0dOb3BNOHRfN0FFSU40cktpNG01ZTlKNEo3SFNzM1dDQnBwbmVNMFlnQ3kzeTdzdTNQRzNWd29ESkQ3ZkpJSmpxWEJ2dGZXRHF0eVhxVUs0VTZ4bXQ3amszcmh6MFgzelRmeVRPQmJxbkxiWHk2elpEUEFmUEJEN0gzU3Q5QWlB?oc=5\" target=\"_blank\" rel=\"nofollow noopener\">Le rappeur Booba mis en examen pour harc\u00e8lement aggrav\u00e9 contre Demdem, la compagne du chanteur Gims<\/a>&nbsp;&nbsp;Franceinfo<\/li>\n<li><a href=\"https:\/\/news.google.com\/rss\/articles\/CBMinwFBVV95cUxPeVZuOFRJOFVKOVNYeVRVcjgzd0hPZ2hSWTBvTWwyYXYtbXpqZHRzUWEtQkJ1Zkpzamp6REhxMTJVc3JDMEFQRE9IbGlfWmMwN0tQRDE1dTFxemJCV0U2NHdDeGZoLU1Nc2lfZnpUcEcyRHA4aFhnZk94UFBwYjFyVDdxWTA3YVVfTkJaUDZ0TmVSUk1KemJpM1YtSDI3Nlk?oc=5\" target=\"_blank\" rel=\"nofollow noopener\">Booba, monument du rap qui souvent d\u00e9rape<\/a>&nbsp;&nbsp;Actualit\u00e9s \u2013 Orange<\/li>\n<li><a href=\"https:\/\/news.google.com\/rss\/articles\/CBMitwFBVV95cUxOeWdPdjFSQno1VW12a3VDVXg1cG9LN3VKT21MdnlXY2FRQTZyWVNoM0ozRTJfeE1wT1EwVGVMaGoweG13Qy10S2tBVHdENzV6UXlLOUI2ZUNBNlNaQWhBaHZGd3VyVzdiSTFJRkk3UEpELXVaMk0zQWpKNlVxaThfYTRnRTJ6Y1YxSkt5WUQxN3pWbmxjUEpDSjluX3dYUVR2Nk1QX3FWSmJoTFFiWUJMVUszRm9lelk?oc=5\" target=\"_blank\" rel=\"nofollow noopener\">Booba mis en examen pour harc\u00e8lement aggrav\u00e9 sur Demdem, la compagne de Gims<\/a>&nbsp;&nbsp;Le Figaro<\/li>\n<li><a href=\"https:\/\/news.google.com\/rss\/articles\/CBMi_AFBVV95cUxNd2hqSTNfZlJNcXVLaFMybFVnNURBclBCMV9vUFVSN0s5aEVJTWgxSEQwamJGQmRBNWZyZ0hWNWptMjA5OUNBNjh0OGd4b0xsWUpyZUtlWUFTbW5lZUdTUEJhVUhRQnJsRThFQ3VENW9BUEFheU1hdjJYZlhzWHB0TGJyMGZJcDV3aExhQXpNYjZ6TlBSVnhkZWswMEhPZ1BIbTdET3IwdWYxVWQ1Q3c1d1FrV04tMGR6Q0V4aDJsNlZaWFpzSzVlUVdhRUF3b2N5Snl2ckttWXkwbzlQV28tVjNuT3R4SWR0R1c2Wll2VHBxenM3aHFkcEM1QWE?oc=5\" target=\"_blank\" rel=\"nofollow noopener\">Le rappeur Booba mis en examen pour harc\u00e8lement aggrav\u00e9 apr\u00e8s une plainte d\u00e9pos\u00e9e par Gims<\/a>&nbsp;&nbsp;Ouest-France<\/li>\n<\/ol>\n","protected":false},"excerpt":{"rendered":"Le rappeur Booba \u00e0 nouveau mis en examen pour harc\u00e8lement aggrav\u00e9, cette fois sur Demdem, l&rsquo;ex-compagne de Gims&nbsp;&nbsp;TF1&hellip;\n","protected":false},"author":2,"featured_media":395849,"comment_status":"","ping_status":"","sticky":false,"template":"","format":"standard","meta":{"footnotes":""},"categories":[1355],"tags":[58,59,1011,27,1361,873],"class_list":{"0":"post-471240","1":"post","2":"type-post","3":"status-publish","4":"format-standard","5":"has-post-thumbnail","7":"category-musique","8":"tag-divertissement","9":"tag-entertainment","10":"tag-fr","11":"tag-france","12":"tag-music","13":"tag-musique"},"share_on_mastodon":{"url":"https:\/\/pubeurope.com\/@fr\/115392416694102791","error":""},"_links":{"self":[{"href":"https:\/\/www.europesays.com\/fr\/wp-json\/wp\/v2\/posts\/471240","targetHints":{"allow":["GET"]}}],"collection":[{"href":"https:\/\/www.europesays.com\/fr\/wp-json\/wp\/v2\/posts"}],"about":[{"href":"https:\/\/www.europesays.com\/fr\/wp-json\/wp\/v2\/types\/post"}],"author":[{"embeddable":true,"href":"https:\/\/www.europesays.com\/fr\/wp-json\/wp\/v2\/users\/2"}],"replies":[{"embeddable":true,"href":"https:\/\/www.europesays.com\/fr\/wp-json\/wp\/v2\/comments?post=471240"}],"version-history":[{"count":0,"href":"https:\/\/www.europesays.com\/fr\/wp-json\/wp\/v2\/posts\/471240\/revisions"}],"wp:featuredmedia":[{"embeddable":true,"href":"https:\/\/www.europesays.com\/fr\/wp-json\/wp\/v2\/media\/395849"}],"wp:attachment":[{"href":"https:\/\/www.europesays.com\/fr\/wp-json\/wp\/v2\/media?parent=471240"}],"wp:term":[{"taxonomy":"category","embeddable":true,"href":"https:\/\/www.europesays.com\/fr\/wp-json\/wp\/v2\/categories?post=471240"},{"taxonomy":"post_tag","embeddable":true,"href":"https:\/\/www.europesays.com\/fr\/wp-json\/wp\/v2\/tags?post=471240"}],"curies":[{"name":"wp","href":"https:\/\/api.w.org\/{rel}","templated":true}]}}