{"id":471253,"date":"2025-10-18T00:55:13","date_gmt":"2025-10-18T00:55:13","guid":{"rendered":"https:\/\/www.europesays.com\/fr\/471253\/"},"modified":"2025-10-18T00:55:13","modified_gmt":"2025-10-18T00:55:13","slug":"terroristes-du-hamas-illegaux-et-criminels-la-porte-parole-de-la-maison-blanche-blame-les-democrates-2","status":"publish","type":"post","link":"https:\/\/www.europesays.com\/fr\/471253\/","title":{"rendered":"\u00ab\u00a0Terroristes du Hamas, ill\u00e9gaux et criminels\u00a0\u00bb, la porte-parole de la Maison-Blanche bl\u00e2me les D\u00e9mocrates"},"content":{"rendered":"<p>Quelques semaines apr\u00e8s l\u2019assassinat de <a href=\"https:\/\/www.20minutes.fr\/monde\/etats-unis\/4179390-20251015-etats-unis-trump-decore-titre-posthume-influenceur-assassine-charlie-kirk\" target=\"_blank\" class=\"c-link c-link--is-underlined\" rel=\"nofollow noopener\">Charlie Kirk<\/a>, qui avait conduit plusieurs \u00e9lus r\u00e9publicains \u00e0 appeler \u00e0 mod\u00e9rer le discours politique, la porte-parole de la Maison-Blanche <a href=\"https:\/\/www.20minutes.fr\/monde\/election-presidentielle-americaine\/4121683-20241116-etats-unis-tout-juste-27-ans-karoline-leavitt-devient-porte-parole-administration-trump\" target=\"_blank\" class=\"c-link c-link--is-underlined\" rel=\"nofollow noopener\">Karoline Leavitt<\/a> a raviv\u00e9 les tensions. Invit\u00e9e de <a href=\"https:\/\/www.20minutes.fr\/dossier\/fox_news\" target=\"_blank\" class=\"c-link c-link--is-underlined\" rel=\"nofollow noopener\">Fox News<\/a> jeudi apr\u00e8s-midi, elle a accus\u00e9 les \u00e9lecteurs d\u00e9mocrates d\u2019\u00eatre \u00ab\u00a0des terroristes du <a href=\"https:\/\/www.20minutes.fr\/monde\/hamas\/\" target=\"_blank\" class=\"c-link c-link--is-underlined\" rel=\"nofollow noopener\">Hamas<\/a>, des immigr\u00e9s ill\u00e9gaux et des criminels violents\u00a0\u00bb. Ces propos, d\u2019une rare virulence, ont \u00e9t\u00e9 rapport\u00e9s par <a href=\"https:\/\/www.independent.co.uk\/news\/world\/americas\/us-politics\/karoline-leavitt-democrats-hamas-terrorists-criminals-b2846954.html\" rel=\"nofollow noopener\" target=\"_blank\" class=\"c-link c-link--is-underlined\">The Independent<\/a>.<\/p>\n<p class=\"mb-xxl@xs color-ultramarine font-weight-semi-bold@xs font-source-serif-pro heading-s@xs\">L\u2019acc\u00e8s \u00e0 ce contenu a \u00e9t\u00e9 bloqu\u00e9 afin de respecter votre choix de consentement<\/p>\n<p class=\"mb-m@xs text-l@xs\">En cliquant sur\u00ab J\u2019accepte \u00bb, vous acceptez le d\u00e9p\u00f4t de cookies par des services externes et aurez ainsi acc\u00e8s aux contenus de nos partenaires.<\/p>\n<p class=\"mb-xl@xs text-s@xs\">Plus d\u2019informations sur la page<a href=\"https:\/\/www.20minutes.fr\/gestion-cookies\" class=\"mx-xxs@xs color-ultramarine\" rel=\"nofollow noopener\" target=\"_blank\">Politique de gestion des cookies<\/a><\/p>\n<p>J\u2019accepte<\/p>\n<p>Karoline Leavitt r\u00e9agissait \u00e0 la diffusion d\u2019une vid\u00e9o montrant Zohran Mamdani, favori de la mairie de <a href=\"https:\/\/www.20minutes.fr\/dossier\/new_york\" target=\"_blank\" class=\"c-link c-link--is-underlined\" rel=\"nofollow noopener\">New York<\/a>, refuser de dire s\u2019il souhaitait que le Hamas d\u00e9pose les armes. S\u2019appuyant sur cet extrait, elle a affirm\u00e9 que le <a href=\"https:\/\/www.20minutes.fr\/dossier\/parti_democrate\" target=\"_blank\" class=\"c-link c-link--is-underlined\" rel=\"nofollow noopener\">Parti d\u00e9mocrate<\/a> n\u2019\u00e9tait plus soutenu que par \u00ab\u00a0sa base la plus radicale\u00a0\u00bb, qu\u2019elle a associ\u00e9e \u00e0 des antis\u00e9mites et \u00e0 des d\u00e9linquants. Selon elle, les dirigeants d\u00e9mocrates \u00ab\u00a0veulent rel\u00e2cher des criminels dans les rues am\u00e9ricaines\u00a0\u00bb et \u00ab\u00a0ferment les yeux sur les infiltrations terroristes\u00a0\u00bb.<\/p>\n<\/p>\n<p>Elle pr\u00e9sente Donald Trump en artisan de la paix<\/p>\n<p>La porte-parole a \u00e9galement cherch\u00e9 \u00e0 redorer l\u2019image internationale du pr\u00e9sident <a href=\"https:\/\/www.20minutes.fr\/dossier\/donald_trump\" target=\"_blank\" class=\"c-link c-link--is-underlined\" rel=\"nofollow noopener\">Donald Trump<\/a>, affirmant qu\u2019il serait le seul dirigeant \u00e0 avoir \u00ab\u00a0r\u00e9ellement lib\u00e9r\u00e9 la Palestine\u00a0\u00bb. Une d\u00e9claration qui intervient alors que le conflit \u00e0 Gaza reste particuli\u00e8rement tendu. Selon <a href=\"https:\/\/www.npr.org\/2025\/10\/15\/nx-s1-5574953\/israel-gaza-border-crossing-aid\" rel=\"nofollow noopener\" target=\"_blank\" class=\"c-link c-link--is-underlined\">NPR<\/a>, Isra\u00ebl n\u2019a retir\u00e9 qu\u2019une partie de ses troupes et continue de restreindre l\u2019entr\u00e9e de l\u2019aide humanitaire.<\/p>\n<p><a href=\"https:\/\/www.20minutes.fr\/monde\/etats-unis\/\" target=\"_blank\" class=\"c-link c-btn c-btn--primary\" rel=\"nofollow noopener\">Notre dossier sur les Etats-Unis<\/a><\/p>\n<p>Cette nouvelle charge verbale survient dans un climat o\u00f9 les attaques personnelles sont devenues monnaie courante au sein de l\u2019administration Trump. Le m\u00eame jour, Stephen Miller, directeur adjoint du cabinet pr\u00e9sidentiel, a qualifi\u00e9 le gouverneur d\u00e9mocrate de l\u2019Illinois, J.B. Pritzker, de \u00ab\u00a0moron\u00a0\u00bb (\u00ab imb\u00e9ciles en Fran\u00e7ais)\u00a0\u00bb qui \u00ab\u00a0d\u00e9teste l\u2019Am\u00e9rique\u00a0\u00bb. Il l\u2019a accus\u00e9 d\u2019emp\u00eacher l\u2019envoi de la Garde nationale \u00e0 Chicago pour \u00ab\u00a0prot\u00e9ger les meurtriers\u00a0\u00bb.<\/p>\n","protected":false},"excerpt":{"rendered":"Quelques semaines apr\u00e8s l\u2019assassinat de Charlie Kirk, qui avait conduit plusieurs \u00e9lus r\u00e9publicains \u00e0 appeler \u00e0 mod\u00e9rer le&hellip;\n","protected":false},"author":2,"featured_media":471254,"comment_status":"","ping_status":"","sticky":false,"template":"","format":"standard","meta":{"footnotes":""},"categories":[5],"tags":[47,11,2951,75,73,12445,1011,27,3519,14,78,1251,74,12,23893,45250,28],"class_list":{"0":"post-471253","1":"post","2":"type-post","3":"status-publish","4":"format-standard","5":"has-post-thumbnail","7":"category-international","8":"tag-actualite","9":"tag-actualites","10":"tag-criminalite","11":"tag-donald-trump","12":"tag-etats-unis","13":"tag-fox-news","14":"tag-fr","15":"tag-france","16":"tag-hamas","17":"tag-international","18":"tag-maison-blanche","19":"tag-migrants","20":"tag-monde","21":"tag-news","22":"tag-parti-democrate-usa","23":"tag-terroriste","24":"tag-world"},"share_on_mastodon":{"url":"","error":""},"_links":{"self":[{"href":"https:\/\/www.europesays.com\/fr\/wp-json\/wp\/v2\/posts\/471253","targetHints":{"allow":["GET"]}}],"collection":[{"href":"https:\/\/www.europesays.com\/fr\/wp-json\/wp\/v2\/posts"}],"about":[{"href":"https:\/\/www.europesays.com\/fr\/wp-json\/wp\/v2\/types\/post"}],"author":[{"embeddable":true,"href":"https:\/\/www.europesays.com\/fr\/wp-json\/wp\/v2\/users\/2"}],"replies":[{"embeddable":true,"href":"https:\/\/www.europesays.com\/fr\/wp-json\/wp\/v2\/comments?post=471253"}],"version-history":[{"count":0,"href":"https:\/\/www.europesays.com\/fr\/wp-json\/wp\/v2\/posts\/471253\/revisions"}],"wp:featuredmedia":[{"embeddable":true,"href":"https:\/\/www.europesays.com\/fr\/wp-json\/wp\/v2\/media\/471254"}],"wp:attachment":[{"href":"https:\/\/www.europesays.com\/fr\/wp-json\/wp\/v2\/media?parent=471253"}],"wp:term":[{"taxonomy":"category","embeddable":true,"href":"https:\/\/www.europesays.com\/fr\/wp-json\/wp\/v2\/categories?post=471253"},{"taxonomy":"post_tag","embeddable":true,"href":"https:\/\/www.europesays.com\/fr\/wp-json\/wp\/v2\/tags?post=471253"}],"curies":[{"name":"wp","href":"https:\/\/api.w.org\/{rel}","templated":true}]}}