{"id":471269,"date":"2025-10-18T01:03:19","date_gmt":"2025-10-18T01:03:19","guid":{"rendered":"https:\/\/www.europesays.com\/fr\/471269\/"},"modified":"2025-10-18T01:03:19","modified_gmt":"2025-10-18T01:03:19","slug":"enorme-coup-dur-pour-le-club-un-international-francais-longuement-blesse","status":"publish","type":"post","link":"https:\/\/www.europesays.com\/fr\/471269\/","title":{"rendered":"\u00e9norme coup dur pour le club, un international fran\u00e7ais longuement bless\u00e9"},"content":{"rendered":"<p>Le destin ne sourit toujours pas \u00e0 Antoine Frisch. En 2024, le centre avait fait le choix de revenir dans le Top 14 pour esp\u00e9rer accrocher le XV de France, apr\u00e8s avoir \u00e9t\u00e9 convoqu\u00e9 \u00e0 plusieurs reprises par Fabien Galthi\u00e9. Le joueur de 29 ans avait explos\u00e9 sous les couleurs du Munster et voulait faire ses preuves dans le championnat local.<\/p>\n<p>4 \u00e0 5 mois d\u2019absence pour Frisch<\/p>\n<p>G\u00ean\u00e9 par de nombreuses blessures, Frisch n\u2019avait jamais su r\u00e9pondre aux attentes et esp\u00e9rait pouvoir enfin montrer son vrai visage cette saison. Apr\u00e8s avoir bien d\u00e9but\u00e9, le centre est victime d\u2019un gros coup d\u2019arr\u00eat. En conf\u00e9rence de presse, Pierre Mignoni a indiqu\u00e9 qu\u2019il allait se faire op\u00e9rer du pied et serait absent entre quatre et cinq mois, comme le rapporte <a href=\"https:\/\/www.lequipe.fr\/Rugby\/Actualites\/Le-centre-de-toulon-antoine-frisch-sera-absent-plusieurs-mois\/1602287\" rel=\"nofollow noopener\" target=\"_blank\">L\u2019Equipe<\/a>.<\/p>\n<blockquote>\n<p>\u00ab\u00a0Antoine va subir une op\u00e9ration du pied la semaine prochaine, le m\u00eame que la saison derni\u00e8re. Il est tr\u00e8s d\u00e9\u00e7u parce que c&rsquo;est sa deuxi\u00e8me saison chez nous mais que l&rsquo;an dernier, il a d\u00e9j\u00e0 \u00e9t\u00e9 poursuivi par les blessures&#8230; C&rsquo;est le m\u00eame pied. Un choix avait \u00e9t\u00e9 fait \u00e0 l&rsquo;\u00e9poque, mais malheureusement \u00e7a ne tient pas donc il faut op\u00e9rer. Il va revenir au mois de mars.\u00a0\u00bb<\/p>\n<\/blockquote>\n<p>Partagez cette info avec vos amis et vos proches en cliquant ici<br \/>Pour r\u00e9sumer<\/p>\n<p>Un international fran\u00e7ais doit se faire op\u00e9rer \u00e0 un pied et sera absent de longs mois. Un gros coup dur pour Toulon et le joueur, d\u00e9j\u00e0 sujet \u00e0 de nombreuses blessures la saison pass\u00e9e. Antoine Frisch va revenir au mois de mars.<\/p>\n<p> <img decoding=\"async\" width=\"76\" height=\"76\" loading=\"lazy\" src=\"https:\/\/www.europesays.com\/fr\/wp-content\/uploads\/2025\/04\/avatar-quinze.png\" alt=\"Arnaud D\u00e9chelotte\"\/><\/p>\n","protected":false},"excerpt":{"rendered":"Le destin ne sourit toujours pas \u00e0 Antoine Frisch. En 2024, le centre avait fait le choix de&hellip;\n","protected":false},"author":2,"featured_media":471270,"comment_status":"","ping_status":"","sticky":false,"template":"","format":"standard","meta":{"footnotes":""},"categories":[9619],"tags":[1111,11,1777,674,1011,27,12,882,25,478,2310],"class_list":{"0":"post-471269","1":"post","2":"type-post","3":"status-publish","4":"format-standard","5":"has-post-thumbnail","7":"category-toulon","8":"tag-actu","9":"tag-actualites","10":"tag-eu","11":"tag-europe","12":"tag-fr","13":"tag-france","14":"tag-news","15":"tag-provence-alpes-cote-dazur","16":"tag-republique-francaise","17":"tag-top-14","18":"tag-toulon"},"share_on_mastodon":{"url":"https:\/\/pubeurope.com\/@fr\/115392479508593078","error":""},"_links":{"self":[{"href":"https:\/\/www.europesays.com\/fr\/wp-json\/wp\/v2\/posts\/471269","targetHints":{"allow":["GET"]}}],"collection":[{"href":"https:\/\/www.europesays.com\/fr\/wp-json\/wp\/v2\/posts"}],"about":[{"href":"https:\/\/www.europesays.com\/fr\/wp-json\/wp\/v2\/types\/post"}],"author":[{"embeddable":true,"href":"https:\/\/www.europesays.com\/fr\/wp-json\/wp\/v2\/users\/2"}],"replies":[{"embeddable":true,"href":"https:\/\/www.europesays.com\/fr\/wp-json\/wp\/v2\/comments?post=471269"}],"version-history":[{"count":0,"href":"https:\/\/www.europesays.com\/fr\/wp-json\/wp\/v2\/posts\/471269\/revisions"}],"wp:featuredmedia":[{"embeddable":true,"href":"https:\/\/www.europesays.com\/fr\/wp-json\/wp\/v2\/media\/471270"}],"wp:attachment":[{"href":"https:\/\/www.europesays.com\/fr\/wp-json\/wp\/v2\/media?parent=471269"}],"wp:term":[{"taxonomy":"category","embeddable":true,"href":"https:\/\/www.europesays.com\/fr\/wp-json\/wp\/v2\/categories?post=471269"},{"taxonomy":"post_tag","embeddable":true,"href":"https:\/\/www.europesays.com\/fr\/wp-json\/wp\/v2\/tags?post=471269"}],"curies":[{"name":"wp","href":"https:\/\/api.w.org\/{rel}","templated":true}]}}