{"id":471278,"date":"2025-10-18T01:09:14","date_gmt":"2025-10-18T01:09:14","guid":{"rendered":"https:\/\/www.europesays.com\/fr\/471278\/"},"modified":"2025-10-18T01:09:14","modified_gmt":"2025-10-18T01:09:14","slug":"des-citoyens-iserois-equipes-de-defibrillateurs-pour-sauver-des-vies","status":"publish","type":"post","link":"https:\/\/www.europesays.com\/fr\/471278\/","title":{"rendered":"Des citoyens is\u00e9rois \u00e9quip\u00e9s de d\u00e9fibrillateurs pour sauver des vies"},"content":{"rendered":"<p>Il est 15 heures, jeudi 16 octobre 2025. Des volon\u00adtaires s\u2019ac\u00adtivent autour de man\u00adne\u00adquins ali\u00adgn\u00e9s sur le sol en simu\u00adlant des vic\u00adtimes d\u2019ar\u00adr\u00eat car\u00addiaque, dans une salle de for\u00adma\u00adtion du Samu du CHU de Grenoble. En cette <a href=\"https:\/\/www.globalfirstaidcentre.org\/wp-content\/uploads\/2025\/07\/Note-dorientation-FR.pdf\" target=\"_blank\" rel=\"noopener nofollow\">jour\u00adn\u00e9e mon\u00addiale de la r\u00e9ani\u00adma\u00adtion car\u00addiaque<\/a>,\u00a0des infir\u00admi\u00e8res les accom\u00adpagnent en leur don\u00adnant des ins\u00adtruc\u00adtions pr\u00e9\u00adcises sur le fonc\u00adtion\u00adne\u00adment de d\u00e9fi\u00adbril\u00adla\u00adteurs per\u00adson\u00adnels ultra-com\u00adpacts connec\u00adt\u00e9s <a href=\"https:\/\/www.tatondef.com\/defibrillateurs-et-accessoires\/3-defibrillateur-ultra-portable.html\" target=\"_blank\" rel=\"noopener nofollow\">CellAED<\/a>, dis\u00adtri\u00adbu\u00e9s par <a href=\"https:\/\/www.tatondef.com\/\" target=\"_blank\" rel=\"noopener nofollow\">TaTonDef\u201d<\/a>. De quoi leur per\u00admettre d\u2019in\u00adter\u00adve\u00adnir effi\u00adca\u00adce\u00adment avant l\u2019arriv\u00e9e des secours, s\u2019ils font face \u00e0 des situa\u00adtions car\u00addiaques critiques.\u00a0<\/p>\n<p>Mesurant moins de 20\u00a0cm de long et pesant 450 grammes, l\u2019ap\u00adpa\u00adreil est le plus petit au monde. Il s\u2019active et guide voca\u00adle\u00adment l\u2019utilisateur \u00e0 chaque \u00e9tape, apr\u00e8s avoir effec\u00adtu\u00e9 trois mou\u00adve\u00adments simples\u00a0: \u00ab\u00a0cas\u00adser, s\u00e9pa\u00adrer, col\u00adler\u00a0\u00bb.\u00a0<\/p>\n<p>\u00ab\u00a0Chaque minute compte\u00a0\u00bb, rap\u00adpelle le pro\u00adfes\u00adseur Guillaume Debaty, chef du Samu de l\u2019Is\u00e8re, obser\u00advant la sc\u00e8ne. \u00ab\u00a0Lorsqu\u2019un arr\u00eat car\u00addiaque sur\u00advient, chaque minute per\u00addue, c\u2019est 10\u00a0% de mor\u00adta\u00adlit\u00e9 en plus. Si un d\u00e9fi\u00adbril\u00adla\u00adteur est pos\u00e9 dans les trois pre\u00admi\u00e8res minutes, on peut atteindre 70\u00a0% de sur\u00advie\u00a0\u00bb, assure l\u2019urgentiste.<\/p>\n<p><a href=\"https:\/\/www.europesays.com\/fr\/wp-content\/uploads\/2025\/10\/defbrillateurchusauvlifecredittatondef-4-scaled.jpg\"><img fetchpriority=\"high\" decoding=\"async\" aria-describedby=\"caption-attachment-662509\" class=\"wp-image-662509 size-full\" src=\"data:image\/svg+xml,%3Csvg%20xmlns=\" http:=\"\" alt=\"Des citoyens grenoblois \u00e9quip\u00e9s de d\u00e9fibrillateurs pour sauver des vies . Le d\u00e9fibrillateur portable CellAED\u00ae, se loge ais\u00e9ment dans un sac. \u00a9 TaTonDef'\" width=\"2048\" height=\"1365\" data-lazy- data-lazy- data-lazy-src=\"https:\/\/www.europesays.com\/fr\/wp-content\/uploads\/2025\/10\/defbrillateurchusauvlifecredittatondef-4-scaled.jpg\"\/><\/a><\/p>\n<p id=\"caption-attachment-662509\" class=\"wp-caption-text\">Le d\u00e9fi\u00adbril\u00adla\u00adteur por\u00adtable CellAED\u00ae, se loge ais\u00e9\u00adment dans un sac. \u00a9 TaTonDef\u201d<\/p>\n<p>En France, pr\u00e8s de 50 000 per\u00adsonnes meurent ainsi chaque ann\u00e9e d\u2019un arr\u00eat car\u00addiaque. Seules 5\u00a0% sur\u00advivent. Dans 70\u00a0% des cas, des t\u00e9moins sont pour\u00adtant pr\u00e9\u00adsents, sou\u00advent impuis\u00adsants. C\u2019est ce foss\u00e9 que l\u2019association <a href=\"https:\/\/sauvlife.org\/\" target=\"_blank\" rel=\"noopener nofollow\">Sauv Life<\/a>, fon\u00add\u00e9e par le Pr Lionel Lamhaut, entend com\u00adbler. Son appli\u00adca\u00adtion, reli\u00e9e aux ser\u00advices du Samu, g\u00e9o\u00adlo\u00adca\u00adlise les citoyens sau\u00adve\u00adteurs les plus proches et les alerte instantan\u00e9ment.<\/p>\n","protected":false},"excerpt":{"rendered":"Il est 15 heures, jeudi 16 octobre 2025. Des volon\u00adtaires s\u2019ac\u00adtivent autour de man\u00adne\u00adquins ali\u00adgn\u00e9s sur le sol&hellip;\n","protected":false},"author":2,"featured_media":471279,"comment_status":"","ping_status":"","sticky":false,"template":"","format":"standard","meta":{"footnotes":""},"categories":[9566],"tags":[1111,11,2430,1777,674,1011,27,2731,12,25],"class_list":{"0":"post-471278","1":"post","2":"type-post","3":"status-publish","4":"format-standard","5":"has-post-thumbnail","7":"category-grenoble","8":"tag-actu","9":"tag-actualites","10":"tag-auvergne-rhone-alpes","11":"tag-eu","12":"tag-europe","13":"tag-fr","14":"tag-france","15":"tag-grenoble","16":"tag-news","17":"tag-republique-francaise"},"share_on_mastodon":{"url":"https:\/\/pubeurope.com\/@fr\/115392503084382706","error":""},"_links":{"self":[{"href":"https:\/\/www.europesays.com\/fr\/wp-json\/wp\/v2\/posts\/471278","targetHints":{"allow":["GET"]}}],"collection":[{"href":"https:\/\/www.europesays.com\/fr\/wp-json\/wp\/v2\/posts"}],"about":[{"href":"https:\/\/www.europesays.com\/fr\/wp-json\/wp\/v2\/types\/post"}],"author":[{"embeddable":true,"href":"https:\/\/www.europesays.com\/fr\/wp-json\/wp\/v2\/users\/2"}],"replies":[{"embeddable":true,"href":"https:\/\/www.europesays.com\/fr\/wp-json\/wp\/v2\/comments?post=471278"}],"version-history":[{"count":0,"href":"https:\/\/www.europesays.com\/fr\/wp-json\/wp\/v2\/posts\/471278\/revisions"}],"wp:featuredmedia":[{"embeddable":true,"href":"https:\/\/www.europesays.com\/fr\/wp-json\/wp\/v2\/media\/471279"}],"wp:attachment":[{"href":"https:\/\/www.europesays.com\/fr\/wp-json\/wp\/v2\/media?parent=471278"}],"wp:term":[{"taxonomy":"category","embeddable":true,"href":"https:\/\/www.europesays.com\/fr\/wp-json\/wp\/v2\/categories?post=471278"},{"taxonomy":"post_tag","embeddable":true,"href":"https:\/\/www.europesays.com\/fr\/wp-json\/wp\/v2\/tags?post=471278"}],"curies":[{"name":"wp","href":"https:\/\/api.w.org\/{rel}","templated":true}]}}