{"id":471280,"date":"2025-10-18T01:10:18","date_gmt":"2025-10-18T01:10:18","guid":{"rendered":"https:\/\/www.europesays.com\/fr\/471280\/"},"modified":"2025-10-18T01:10:18","modified_gmt":"2025-10-18T01:10:18","slug":"pro-d2-colomiers-reprend-la-tete-du-championnat-grenoble-perd-encore-sport","status":"publish","type":"post","link":"https:\/\/www.europesays.com\/fr\/471280\/","title":{"rendered":"Pro D2. Colomiers reprend la t\u00eate du championnat, Grenoble perd encore . Sport"},"content":{"rendered":"<p>Colomiers confirme son tr\u00e8s bon d\u00e9but de saison en Pro D2. Vainqueurs pour la troisi\u00e8me fois de la saison \u00e0 l\u2019ext\u00e9rieur, les Hauts Garonnais reprennent la t\u00eate du championnat, <a href=\"https:\/\/vannes.maville.com\/sport\/detail_-rc-vannes.-laborieux-match-bizarre-les-reactions-apres-la-victoire-contre-oyonnax-_12-7023807_actu.Htm\" target=\"_self\" rel=\"noopener\">aux d\u00e9pens du RC Vannes,<\/a> qui compte autant de points apr\u00e8s <a href=\"https:\/\/vannes.maville.com\/sport\/detail_-pro-d2.-les-tops-et-les-flops-de-la-victoire-du-rcv-face-a-oyonnax-_12-7024440_actu.Htm\" target=\"_self\" rel=\"noopener\">son succ\u00e8s \u00e0 Oyonnax<\/a>. La victoire a \u00e9t\u00e9 obtenue \u00e0 l\u2019arrach\u00e9e par les Colum\u00e9rins \u00e0 Carcassonne (15-13).<\/p>\n<p>Grenoble coule encore<\/p>\n<p>Valence-Romans monte sur le podium gr\u00e2ce \u00e0 son succ\u00e8s \u00e0 B\u00e9ziers (37-29). Les Grenoblois, sous tension apr\u00e8s le licenciement de leur entra\u00eeneur des lignes arri\u00e8res Nicolas Nadau et une menace de gr\u00e8ve des joueurs lors de la pr\u00e9c\u00e9dente journ\u00e9e, ont eux encha\u00een\u00e9 un troisi\u00e8me revers, d\u00e9pass\u00e9s \u00e0 Mont-de-Marsan (32-18), et pointent \u00e0 une piteuse 10e place.<\/p>\n<p>En bas de tableau, les Biarrots remontent \u00e0 la 12e place gr\u00e2ce \u00e0 une p\u00e9nalit\u00e9 d\u2019Enzo Elponi dans le temps additionnel, synonyme de victoire contre Soyaux-Angoul\u00eame (21-20). Apr\u00e8s avoir men\u00e9 27 \u00e0 13\u00a0chez des Aurillacois r\u00e9duits \u00e0 14, les Dacquois se sont eux effondr\u00e9s, finalement battus 36 \u00e0 33, et restent lanternes rouges, \u00e0 sept longueurs des Montois.<\/p>\n<p><strong>Lire aussi\u00a0: <\/strong> <a href=\"https:\/\/vannes.maville.com\/sport\/detail_-rc-vannes.-des-points-engranges-en-attendant-de-bien-jouer-_12-7025480_actu.Htm\" target=\"_self\" rel=\"noopener\">RC Vannes. Des points engrang\u00e9s en attendant de bien jouer<\/a><\/p>\n<p>En fin de soir\u00e9e, Agen, qui recevait Brive, s\u2019est largement impos\u00e9 (41-10) et se replace au classement.<\/p>\n<p>\u00a0<\/p>\n","protected":false},"excerpt":{"rendered":"Colomiers confirme son tr\u00e8s bon d\u00e9but de saison en Pro D2. Vainqueurs pour la troisi\u00e8me fois de la&hellip;\n","protected":false},"author":2,"featured_media":471281,"comment_status":"","ping_status":"","sticky":false,"template":"","format":"standard","meta":{"footnotes":""},"categories":[9566],"tags":[1111,11,2430,3809,1465,1777,674,63,1011,27,2731,1792,1922,2047,12,25,479,517,1470],"class_list":{"0":"post-471280","1":"post","2":"type-post","3":"status-publish","4":"format-standard","5":"has-post-thumbnail","7":"category-grenoble","8":"tag-actu","9":"tag-actualites","10":"tag-auvergne-rhone-alpes","11":"tag-ball","12":"tag-basket","13":"tag-eu","14":"tag-europe","15":"tag-football","16":"tag-fr","17":"tag-france","18":"tag-grenoble","19":"tag-handball","20":"tag-info","21":"tag-mans","22":"tag-news","23":"tag-republique-francaise","24":"tag-rugby","25":"tag-sport","26":"tag-volley"},"share_on_mastodon":{"url":"https:\/\/pubeurope.com\/@fr\/115392507009372076","error":""},"_links":{"self":[{"href":"https:\/\/www.europesays.com\/fr\/wp-json\/wp\/v2\/posts\/471280","targetHints":{"allow":["GET"]}}],"collection":[{"href":"https:\/\/www.europesays.com\/fr\/wp-json\/wp\/v2\/posts"}],"about":[{"href":"https:\/\/www.europesays.com\/fr\/wp-json\/wp\/v2\/types\/post"}],"author":[{"embeddable":true,"href":"https:\/\/www.europesays.com\/fr\/wp-json\/wp\/v2\/users\/2"}],"replies":[{"embeddable":true,"href":"https:\/\/www.europesays.com\/fr\/wp-json\/wp\/v2\/comments?post=471280"}],"version-history":[{"count":0,"href":"https:\/\/www.europesays.com\/fr\/wp-json\/wp\/v2\/posts\/471280\/revisions"}],"wp:featuredmedia":[{"embeddable":true,"href":"https:\/\/www.europesays.com\/fr\/wp-json\/wp\/v2\/media\/471281"}],"wp:attachment":[{"href":"https:\/\/www.europesays.com\/fr\/wp-json\/wp\/v2\/media?parent=471280"}],"wp:term":[{"taxonomy":"category","embeddable":true,"href":"https:\/\/www.europesays.com\/fr\/wp-json\/wp\/v2\/categories?post=471280"},{"taxonomy":"post_tag","embeddable":true,"href":"https:\/\/www.europesays.com\/fr\/wp-json\/wp\/v2\/tags?post=471280"}],"curies":[{"name":"wp","href":"https:\/\/api.w.org\/{rel}","templated":true}]}}