{"id":471282,"date":"2025-10-18T01:11:22","date_gmt":"2025-10-18T01:11:22","guid":{"rendered":"https:\/\/www.europesays.com\/fr\/471282\/"},"modified":"2025-10-18T01:11:22","modified_gmt":"2025-10-18T01:11:22","slug":"fdsea-et-ja-dille-et-vilaine-denoncent-un-ecart-injustifie-entre-le-cout-des-aliments-et-les-marches","status":"publish","type":"post","link":"https:\/\/www.europesays.com\/fr\/471282\/","title":{"rendered":"FDSEA et JA d\u2019Ille-et-Vilaine d\u00e9noncent un \u00e9cart injustifi\u00e9 entre le co\u00fbt des aliments et les march\u00e9s"},"content":{"rendered":"<p>            Par<br \/>\n        <strong><br \/>\n            <a href=\"https:\/\/actu.fr\/auteur\/redaction-terra\" title=\"Consulter tous les articles de R\u00e9daction Terra\" target=\"_blank\" rel=\"noopener\">R\u00e9daction Terra<\/a><br \/>\n        <\/strong><\/p>\n<p>        Publi\u00e9 le<\/p>\n<p>            17 oct. 2025 \u00e0 12h06        <\/p>\n<p>Depuis plusieurs mois, les <b>\u00e9leveurs de porcs bretons<\/b> voient s\u2019accentuer un d\u00e9s\u00e9quilibre inqui\u00e9tant\u2009: les prix des aliments pour animaux restent hauts, alors que le co\u00fbt des mati\u00e8res premi\u00e8res a, lui, nettement recul\u00e9. Une situation jug\u00e9e \u00ab\u2009injustifi\u00e9e\u2009\u00bb et \u00ab\u2009lourde de cons\u00e9quences pour les exploitations\u2009\u00bb, selon <b>la FDSEA et les Jeunes Agriculteurs d\u2019Ille-et-Vilaine<\/b>.<\/p>\n<p class=\" wall-content\">\u00ab\u2009Selon Inaporc, l\u2019indice des mati\u00e8res premi\u00e8res a d\u00e9croch\u00e9 de plus de 20 points en juillet dernier par rapport \u00e0 celui des aliments complets, soulignent les deux syndicats. Pourtant, le prix des aliments compos\u00e9s reste \u00e0 un niveau anormalement \u00e9lev\u00e9.\u2009\u00bb<\/p>\n<p class=\" wall-content\">Un \u00e9cart qui, pour les \u00e9leveurs, ne correspond plus \u00e0 la r\u00e9alit\u00e9 \u00e9conomique du march\u00e9 et qui creuse les difficult\u00e9s dans un contexte d\u00e9j\u00e0 tendu.<\/p>\n<p>Un march\u00e9 du porc en repli<\/p>\n<p class=\" wall-content\">Le probl\u00e8me survient alors que le prix du porc conna\u00eet lui aussi un s\u00e9rieux revers. \u00ab\u2009Le March\u00e9 du Porc Fran\u00e7ais (MPF) enregistre une chute brutale de la cotation, au moment m\u00eame o\u00f9 les charges restent trop lourdes pour les \u00e9leveurs\u2009\u00bb, d\u00e9plorent la FDSEA 35 et les JA 35 dans un communiqu\u00e9.<\/p>\n<p class=\" wall-content\">M\u00eame si une partie des volumes \u00e9chappe aujourd\u2019hui \u00e0 cette cotation, les syndicats rappellent que \u00ab\u2009le MPF doit rester l\u2019outil de r\u00e9f\u00e9rence pour la fixation du prix du porc en France\u2009\u00bb.<\/p>\n<p class=\" wall-content\">Cette baisse des prix, combin\u00e9e \u00e0 des co\u00fbts d\u2019alimentation d\u00e9connect\u00e9s du march\u00e9, \u00ab\u2009fragilise encore davantage les producteurs, pris en \u00e9tau entre un prix de vente en baisse et des charges qui ne refl\u00e8tent plus la r\u00e9alit\u00e9 \u00e9conomique\u2009\u00bb.<\/p>\n<p>Appel \u00e0 une restructuration du secteur de l\u2019aliment<\/p>\n<p class=\" wall-content\">Pour les syndicats agricoles, il est urgent de r\u00e9\u00e9quilibrer la fili\u00e8re. \u00ab\u2009Nous demandons une v\u00e9ritable prise de conscience de la part des fabricants d\u2019aliments, et d\u2019engager un travail collectif pour une restructuration du secteur,\u2009\u00bb insistent la FDSEA et les JA 35.<\/p>\n<p>Votre r\u00e9gion, votre actu !<\/p>\n<p>Recevez chaque jour les infos qui comptent pour vous.<\/p>\n<p>\t<a href=\"https:\/\/actu.fr\/newsletter\" class=\"ac-btn ac-btn--corner ac-btn--medium ac-btn--blue800\" target=\"_blank\" rel=\"noopener\">S&rsquo;incrire<\/a><\/p>\n<p class=\" wall-content\">Selon eux, retrouver de la comp\u00e9titivit\u00e9 \u00e0 tous les \u00e9chelons est indispensable pour assurer la p\u00e9rennit\u00e9 des \u00e9levages porcins bretons et fran\u00e7ais.<\/p>\n<p class=\" wall-content\">\u00ab\u2009Les efforts de comp\u00e9titivit\u00e9 et d\u2019optimisation ne peuvent pas toujours reposer uniquement sur les producteurs, pr\u00e9viennent-ils. Chaque maillon doit assumer sa part de responsabilit\u00e9.\u2009\u00bb<\/p>\n<p>Une fili\u00e8re en qu\u00eate d\u2019\u00e9quilibre<\/p>\n<p class=\" wall-content\">Dans un contexte d\u2019incertitude \u00e9conomique, les \u00e9leveurs de porcs d\u2019Ille-et-Vilaine redoutent une nouvelle d\u00e9gradation de leurs marges et appellent \u00e0 plus de transparence sur la formation des prix.<\/p>\n<p class=\" wall-content\">Les syndicats concluent\u2009: \u00ab\u2009Si nous voulons maintenir un \u00e9levage porcin dynamique et durable en Bretagne, il faut que la cha\u00eene de valeur fonctionne de mani\u00e8re plus juste et plus solidaire.\u2009\u00bb<\/p>\n<p>Aliments du b\u00e9tail \u2014 une baisse des mati\u00e8res premi\u00e8res, mais pas des tarifs<\/p>\n<p>Selon les donn\u00e9es d\u2019Inaporc, l\u2019indice des mati\u00e8res premi\u00e8res destin\u00e9es \u00e0 l\u2019alimentation animale a perdu plus de 20 points entre le d\u00e9but et la mi-ann\u00e9e 2024. Le recul est particuli\u00e8rement marqu\u00e9 pour le bl\u00e9, le ma\u00efs et le soja, qui ont retrouv\u00e9 des niveaux proches de ceux d\u2019avant la flamb\u00e9e de 2022.Pourtant, les prix des aliments compos\u00e9s distribu\u00e9s aux \u00e9leveurs n\u2019ont que tr\u00e8s faiblement boug\u00e9, affichant encore des hausses de 25 \u00e0 30\u2009% par rapport \u00e0 2021.Un d\u00e9calage que les organisations agricoles jugent \u00ab\u2009incompr\u00e9hensible\u2009\u00bb et qui alimente la d\u00e9fiance. Les syndicats demandent davantage de transparence dans la construction des prix et une r\u00e9percussion plus rapide des baisses de mati\u00e8res premi\u00e8res sur les tarifs pratiqu\u00e9s aux \u00e9leveurs.<\/p>\n<p class=\" wall-content\">Personnalisez votre actualit\u00e9 en ajoutant vos villes et m\u00e9dias en favori avec <a href=\"https:\/\/moncompte.actu.fr\" title=\"D\u00e9couvez Mon Actu\" rel=\"nofollow noopener\" data-trk=\"{&quot;cta&quot;:{&quot;action&quot;:&quot;https:\\\/\\\/moncompte.actu.fr&quot;,&quot;category&quot;:&quot;mon compte&quot;,&quot;from&quot;:&quot;article footer&quot;,&quot;name&quot;:&quot;Mon actu&quot;,&quot;type&quot;:&quot;cta&quot;}}\" target=\"_blank\">Mon Actu<\/a>.<\/p>\n","protected":false},"excerpt":{"rendered":"Par R\u00e9daction Terra Publi\u00e9 le 17 oct. 2025 \u00e0 12h06 Depuis plusieurs mois, les \u00e9leveurs de porcs bretons&hellip;\n","protected":false},"author":2,"featured_media":471283,"comment_status":"","ping_status":"","sticky":false,"template":"","format":"standard","meta":{"footnotes":""},"categories":[2821],"tags":[1111,11,327,258,829,33,1777,674,1011,27,26213,12,584,25],"class_list":{"0":"post-471282","1":"post","2":"type-post","3":"status-publish","4":"format-standard","5":"has-post-thumbnail","7":"category-rennes","8":"tag-actu","9":"tag-actualites","10":"tag-agriculture","11":"tag-alimentation","12":"tag-bretagne","13":"tag-economie","14":"tag-eu","15":"tag-europe","16":"tag-fr","17":"tag-france","18":"tag-industrie-agroalimentaire","19":"tag-news","20":"tag-rennes","21":"tag-republique-francaise"},"share_on_mastodon":{"url":"https:\/\/pubeurope.com\/@fr\/115392511076567638","error":""},"_links":{"self":[{"href":"https:\/\/www.europesays.com\/fr\/wp-json\/wp\/v2\/posts\/471282","targetHints":{"allow":["GET"]}}],"collection":[{"href":"https:\/\/www.europesays.com\/fr\/wp-json\/wp\/v2\/posts"}],"about":[{"href":"https:\/\/www.europesays.com\/fr\/wp-json\/wp\/v2\/types\/post"}],"author":[{"embeddable":true,"href":"https:\/\/www.europesays.com\/fr\/wp-json\/wp\/v2\/users\/2"}],"replies":[{"embeddable":true,"href":"https:\/\/www.europesays.com\/fr\/wp-json\/wp\/v2\/comments?post=471282"}],"version-history":[{"count":0,"href":"https:\/\/www.europesays.com\/fr\/wp-json\/wp\/v2\/posts\/471282\/revisions"}],"wp:featuredmedia":[{"embeddable":true,"href":"https:\/\/www.europesays.com\/fr\/wp-json\/wp\/v2\/media\/471283"}],"wp:attachment":[{"href":"https:\/\/www.europesays.com\/fr\/wp-json\/wp\/v2\/media?parent=471282"}],"wp:term":[{"taxonomy":"category","embeddable":true,"href":"https:\/\/www.europesays.com\/fr\/wp-json\/wp\/v2\/categories?post=471282"},{"taxonomy":"post_tag","embeddable":true,"href":"https:\/\/www.europesays.com\/fr\/wp-json\/wp\/v2\/tags?post=471282"}],"curies":[{"name":"wp","href":"https:\/\/api.w.org\/{rel}","templated":true}]}}