{"id":471284,"date":"2025-10-18T01:12:19","date_gmt":"2025-10-18T01:12:19","guid":{"rendered":"https:\/\/www.europesays.com\/fr\/471284\/"},"modified":"2025-10-18T01:12:19","modified_gmt":"2025-10-18T01:12:19","slug":"benjamin-biolay-a-rennes-2026","status":"publish","type":"post","link":"https:\/\/www.europesays.com\/fr\/471284\/","title":{"rendered":"Benjamin Biolay \u00e0 Rennes 2026"},"content":{"rendered":"<p class=\"intro\">Benjamin Biolay investit la sc\u00e8ne du Libert\u00e9 de Rennes le jeudi 8 octobre 2026 \u00e0 20h pour un concert exceptionnel dans le cadre de sa tourn\u00e9e des Z\u00e9niths. L&rsquo;auteur-compositeur-interpr\u00e8te pr\u00e9sentera son nouvel album\u00a0\u00ab\u00a0Le Disque Bleu\u00a0\u00bb, d\u00e9j\u00e0 salu\u00e9 par la critique, dans cette salle mythique du centre-ville rennais. Apr\u00e8s une tourn\u00e9e acoustique des th\u00e9\u00e2tres sold-out, l&rsquo;artiste revient avec une formule grand format pour conqu\u00e9rir les 5 200 places de cette salle embl\u00e9matique. Les billets sont disponibles d\u00e8s maintenant pour ce rendez-vous musical incontournable.<\/p>\n<p>Rennes accueille Benjamin Biolay au Libert\u00e9 pour une soir\u00e9e musicale d&rsquo;exception<\/p>\n<p>Ce concert au <strong>Libert\u00e9 de Rennes<\/strong> s&rsquo;inscrit dans une tourn\u00e9e nationale ambitieuse o\u00f9 Benjamin Biolay pr\u00e9sente\u00a0\u00ab\u00a0Le Disque Bleu\u00a0\u00bb, son 17e album studio sorti en octobre 2025. Cette nouvelle cr\u00e9ation, divis\u00e9e en deux volumes\u00a0\u00ab\u00a0R\u00e9sidents\u00a0\u00bb et\u00a0\u00ab\u00a0Visiteurs\u00a0\u00bb, confirme l&rsquo;\u00e9volution artistique constante de cet artiste majeur de la chanson fran\u00e7aise contemporaine.<\/p>\n<p><img decoding=\"async\" loading=\"lazy\" src=\"https:\/\/www.europesays.com\/fr\/wp-content\/uploads\/2025\/10\/benjamin-biolay-tournee-2026-tickets_453973_3654155_222x222.jpg\" alt=\"Benjamin Biolay en Tourn\u00e9e\" class=\"border\"\/><\/p>\n<p>La capitale bretonne et le d\u00e9partement d&rsquo;<strong>Ille-et-Vilaine<\/strong> accueilleront cette soir\u00e9e musicale dans l&rsquo;une des principales salles multiculturelles de la r\u00e9gion. L&rsquo;\u00e9v\u00e9nement promet de rassembler les amateurs de <a href=\"https:\/\/www.jds.fr\/rennes\/agenda\/musique-et-concerts-96_B\" rel=\"nofollow noopener\" target=\"_blank\">concerts et musiques actuelles \u00e0 Rennes<\/a>, dans un cadre exceptionnel au c\u0153ur du centre-ville.<\/p>\n<p>Billetterie Benjamin Biolay au Libert\u00e9\u00a0: r\u00e9servez vos places<\/p>\n<p><a class=\"btn btn-lg shadow-lg btn-primary rounded-pill fnac_link\" data-fnac=\"in_article\" href=\"https:\/\/www.awin1.com\/pclick.php?p=42815294801&amp;a=634278&amp;m=12494&amp;clickref=in_article-A-desktop\" target=\"_blank\" rel=\"nofollow noopener\"> Acheter des billets<\/a><\/p>\n<p>Les <strong>billets<\/strong> pour ce concert au Libert\u00e9 sont propos\u00e9s de <strong>39\u00a0\u20ac \u00e0 70\u00a0\u20ac<\/strong>. Face \u00e0 la popularit\u00e9 grandissante de Benjamin Biolay et au succ\u00e8s critique de\u00a0\u00ab\u00a0Le Disque Bleu\u00a0\u00bb, il est recommand\u00e9 de <strong>r\u00e9server<\/strong> rapidement vos places pour cette date unique \u00e0 Rennes. La configuration de la salle permet d&rsquo;accueillir jusqu&rsquo;\u00e0 5 200 spectateurs, mais l&rsquo;engouement pour cet artiste laisse pr\u00e9sager une forte demande.<\/p>\n<p>Retrouvez \u00e9galement tous les <a href=\"https:\/\/www.jds.fr\/artistes\/benjamin-biolay-2178_N\" rel=\"nofollow noopener\" target=\"_blank\">concerts de Benjamin Biolay en tourn\u00e9e<\/a> pour d\u00e9couvrir les autres dates de sa programmation nationale.<\/p>\n<p>Benjamin Biolay\u00a0: un parcours artistique remarquable<\/p>\n<p>Form\u00e9 au Conservatoire de Lyon en trombone, <strong>Benjamin Biolay<\/strong> a d\u00e9velopp\u00e9 un style unique m\u00ealant pop, jazz et chanson fran\u00e7aise. Son approche sophistiqu\u00e9e des arrangements orchestraux s&rsquo;illustre dans des albums comme\u00a0\u00ab\u00a0Rose Kennedy\u00a0\u00bb,\u00a0\u00ab\u00a0La Superbe\u00a0\u00bb ou\u00a0\u00ab\u00a0Palermo Hollywood\u00a0\u00bb, qui lui ont valu plusieurs <strong>Victoires de la musique<\/strong>.<\/p>\n<p>Influenc\u00e9 par <strong>Serge Gainsbourg<\/strong>, l&rsquo;artiste ne cesse de r\u00e9inventer la chanson fran\u00e7aise contemporaine avec des compositions raffin\u00e9es et des textes cisel\u00e9s. Son dernier opus\u00a0\u00ab\u00a0Le Disque Bleu\u00a0\u00bb confirme cette recherche permanente d&rsquo;innovation musicale qui caract\u00e9rise sa carri\u00e8re depuis plus de deux d\u00e9cennies. <a href=\"https:\/\/www.jds.fr\/saint-brieuc\/concerts\/chanson-francaise\/benjamin-biolay-en-tournee-1217573_A\" rel=\"nofollow noopener\" target=\"_blank\">Benjamin Biolay sera aussi en concert \u00e0 Saint-Brieuc<\/a> lors de cette m\u00eame tourn\u00e9e.<\/p>\n<p>Comment se rendre au Libert\u00e9 de Rennes\u00a0?<\/p>\n<p>Pour rejoindre ce concert, plusieurs options de transport s&rsquo;offrent aux spectateurs. Le <strong>m\u00e9tro rennais<\/strong> constitue le moyen le plus pratique avec la ligne A, station Charles de Gaulle situ\u00e9e \u00e0 seulement 81 m\u00e8tres de <a href=\"https:\/\/www.jds.fr\/rennes\/salles-spectacle\/le-liberte-15057_L\" rel=\"nofollow noopener\" target=\"_blank\">la salle de spectacle Le Libert\u00e9<\/a>. Les lignes de bus C2, C3, 54, 55 et 56 desservent \u00e9galement l&rsquo;arr\u00eat Charles de Gaulle, offrant une desserte compl\u00e8te du centre-ville rennais.<\/p>\n<p>Les automobilistes peuvent stationner dans plusieurs <strong>parkings payants<\/strong>\u00a0: De Gaulle-Gare (le plus proche), Colombier, Arsenal ou Gare-Sud. Attention, depuis janvier 2025, seuls les v\u00e9hicules avec vignette Crit&rsquo;Air sont autoris\u00e9s dans la zone \u00e0 faibles \u00e9missions de Rennes. La salle dispose \u00e9galement d&rsquo;un <strong>parking souterrain de 200 places<\/strong> et est enti\u00e8rement accessible aux personnes \u00e0 mobilit\u00e9 r\u00e9duite.<\/p>\n<p class=\"mise_en_avant\">Notre conseil\u00a0: privil\u00e9giez le m\u00e9tro ligne A jusqu&rsquo;\u00e0 la station Charles de Gaulle pour un acc\u00e8s direct et \u00e9viter les contraintes de stationnement en centre-ville.<\/p>\n<p>Apr\u00e8s ce concert de Benjamin Biolay, <a href=\"https:\/\/www.jds.fr\/rennes\/concerts\/rap\/djadja-et-dinaz-tournee-1082632_A\" rel=\"nofollow noopener\" target=\"_blank\">Djadja &amp; Dinaz investiront \u00e9galement la sc\u00e8ne du Libert\u00e9<\/a> dans le cadre de leur tourn\u00e9e, confirmant la programmation \u00e9clectique de cette salle embl\u00e9matique de Rennes.<\/p>\n<p class=\"font-size-30 fw-bold lh-1 mt-0 mb-4\">Je trouve les meilleures sorties dans ma ville<\/p>\n","protected":false},"excerpt":{"rendered":"Benjamin Biolay investit la sc\u00e8ne du Libert\u00e9 de Rennes le jeudi 8 octobre 2026 \u00e0 20h pour un&hellip;\n","protected":false},"author":2,"featured_media":471285,"comment_status":"","ping_status":"","sticky":false,"template":"","format":"standard","meta":{"footnotes":""},"categories":[2821],"tags":[1111,11,829,1777,674,1011,27,12,584,25],"class_list":{"0":"post-471284","1":"post","2":"type-post","3":"status-publish","4":"format-standard","5":"has-post-thumbnail","7":"category-rennes","8":"tag-actu","9":"tag-actualites","10":"tag-bretagne","11":"tag-eu","12":"tag-europe","13":"tag-fr","14":"tag-france","15":"tag-news","16":"tag-rennes","17":"tag-republique-francaise"},"share_on_mastodon":{"url":"https:\/\/pubeurope.com\/@fr\/115392515919098889","error":""},"_links":{"self":[{"href":"https:\/\/www.europesays.com\/fr\/wp-json\/wp\/v2\/posts\/471284","targetHints":{"allow":["GET"]}}],"collection":[{"href":"https:\/\/www.europesays.com\/fr\/wp-json\/wp\/v2\/posts"}],"about":[{"href":"https:\/\/www.europesays.com\/fr\/wp-json\/wp\/v2\/types\/post"}],"author":[{"embeddable":true,"href":"https:\/\/www.europesays.com\/fr\/wp-json\/wp\/v2\/users\/2"}],"replies":[{"embeddable":true,"href":"https:\/\/www.europesays.com\/fr\/wp-json\/wp\/v2\/comments?post=471284"}],"version-history":[{"count":0,"href":"https:\/\/www.europesays.com\/fr\/wp-json\/wp\/v2\/posts\/471284\/revisions"}],"wp:featuredmedia":[{"embeddable":true,"href":"https:\/\/www.europesays.com\/fr\/wp-json\/wp\/v2\/media\/471285"}],"wp:attachment":[{"href":"https:\/\/www.europesays.com\/fr\/wp-json\/wp\/v2\/media?parent=471284"}],"wp:term":[{"taxonomy":"category","embeddable":true,"href":"https:\/\/www.europesays.com\/fr\/wp-json\/wp\/v2\/categories?post=471284"},{"taxonomy":"post_tag","embeddable":true,"href":"https:\/\/www.europesays.com\/fr\/wp-json\/wp\/v2\/tags?post=471284"}],"curies":[{"name":"wp","href":"https:\/\/api.w.org\/{rel}","templated":true}]}}