{"id":471286,"date":"2025-10-18T01:13:43","date_gmt":"2025-10-18T01:13:43","guid":{"rendered":"https:\/\/www.europesays.com\/fr\/471286\/"},"modified":"2025-10-18T01:13:43","modified_gmt":"2025-10-18T01:13:43","slug":"quoi-faire-a-halloween-voici-14-experiences-ensorcelantes-a-strasbourg","status":"publish","type":"post","link":"https:\/\/www.europesays.com\/fr\/471286\/","title":{"rendered":"Quoi faire \u00e0 Halloween ? Voici 14 exp\u00e9riences ensorcelantes \u00e0 Strasbourg !"},"content":{"rendered":"<p><b>\u00c0 Strasbourg, plus que l\u2019automne, c\u2019est Halloween qui revient nous mettre la (ci)trouille. F\u00eates mal\u00e9fiques, drag shows sulfureux, jeux d\u2019enqu\u00eates, ateliers cr\u00e9atifs et autres \u00e9tranget\u00e9s au cin\u00e9 : elle se d\u00e9cline en de nombreux \u00e9v\u00e9nements amusants ou carr\u00e9ment effrayants. De la f\u00eate pa\u00efenne de Samain, aux vacances de la Toussaint des petits monstres, \u00e0 la c\u00e9l\u00e9bration queer d\u2019aujourd\u2019hui : \u00e0 chacun(e) son Halloween.<\/b><\/p>\n<p>Les f\u00eates mal\u00e9fiques<\/p>\n<p>\u00ab\u00a0Skeleton Party\u00a0\u00bb au Blue Moon<\/p>\n<p><b>Le Blue Moon <\/b>d\u00e9marre les hostilit\u00e9s d\u00e8s le <b>jeudi 30 octobre <\/b>avec la <b>\u00ab\u00a0Skeleton Party\u00a0\u00bb<\/b> organis\u00e9e par <b>le jeune collectif Unleashed<\/b> qui fera sa premi\u00e8re.<\/p>\n<p align=\"LEFT\">Et pour te faire fr\u00e9mir du f\u00e9mur, le <b>duo Black Pastis<\/b> te pr\u00e9pare un set des ann\u00e9es 80 \u00e0 aujourd\u2019hui, avec des squelettes. Sauras-tu faire de vieux os dans leur crypte ?<\/p>\n<p style=\"text-align: center;\" align=\"LEFT\"><b>Quand et o\u00f9\u00a0?<br \/><\/b>Jeudi 30 octobre de 22h \u00e0 2h<br \/>Au Blue Moon<br \/><a href=\"https:\/\/www.instagram.com\/p\/DPy84BvgrV1\/?utm_source=ig_web_copy_link&amp;igsh=MW40bHIzMnh2b201Mw==\" target=\"_blank\" rel=\"noopener\">+ d\u2019infos<\/a><\/p>\n<p>                <img width=\"375\" height=\"500\" src=\"https:\/\/www.europesays.com\/fr\/wp-content\/uploads\/2025\/10\/blue-moon-bar-testimage00034.jpeg\" class=\"attachment-gallery size-gallery\" alt=\"BLUE MOON BAR TESTimage00034\" data-full-url=\"https:\/\/www.europesays.com\/fr\/wp-content\/uploads\/2025\/10\/blue-moon-bar-testimage00034.jpeg\" decoding=\"async\" loading=\"lazy\"  \/>            <\/p>\n<p>                <img width=\"667\" height=\"500\" src=\"https:\/\/www.europesays.com\/fr\/wp-content\/uploads\/2025\/10\/blue-moon-bar-testimage00024.jpeg\" class=\"attachment-gallery size-gallery\" alt=\"BLUE MOON BAR TESTimage00024\" data-full-url=\"https:\/\/www.europesays.com\/fr\/wp-content\/uploads\/2025\/10\/blue-moon-bar-testimage00024.jpeg\" decoding=\"async\" loading=\"lazy\"  \/>            <\/p>\n<p>                    \u00a9 Bastien Pietronave \/ Pokaa<\/p>\n<p>\u00ab\u00a0Des Rives d&rsquo;Automne\u00a0\u00bb au Phare Citadelle<\/p>\n<p>Pour clore son chapitre annuel, et fermer ses portes jusqu\u2019au printemps prochain, le Phare Citadelle nous entra\u00eene une nouvelle fois sur <b>\u00ab\u00a0Des Rives d\u2019Automne\u00a0\u00bb<\/b>. Pour le 31 octobre, il concocte \u00ab\u00a0une derni\u00e8re f\u00eate remplie d\u2019espi\u00e8glerie et de magie pour cl\u00f4turer en beaut\u00e9 et en malice [sa] saison\u00a0\u00bb.<\/p>\n<p>Dans sa marmite\u00a0? Des \u00ab\u00a0<b>jeux dr\u00f4les<\/b>, <b>tarot<\/b>, cuisine malicieuse, cocktails enchant\u00e9s et <b>musique jusqu\u2019au bout de la nuit\u00a0<\/b>\u00bb.<\/p>\n<p align=\"CENTER\"><b>Quand et o\u00f9\u00a0?<br \/><\/b>Vendredi 31 octobre de 18h \u00e0 4h<br \/>Au Phare Citadelle<br \/><a href=\"https:\/\/fb.me\/e\/5V7IobeoB\" target=\"_blank\" rel=\"noopener\">+ d\u2019infos<\/a><\/p>\n<p>                <img width=\"394\" height=\"500\" src=\"https:\/\/www.europesays.com\/fr\/wp-content\/uploads\/2025\/07\/img-9748-394x500.jpg\" class=\"attachment-gallery size-gallery\" alt=\"phare citadelle\" data-full-url=\"https:\/\/pokaa.fr\/wp-content\/uploads\/2025\/02\/11\/img-9748.jpg\" decoding=\"async\" loading=\"lazy\"  \/>            <\/p>\n<p>                <img width=\"387\" height=\"500\" src=\"https:\/\/www.europesays.com\/fr\/wp-content\/uploads\/2025\/04\/img-9749-387x500.jpg\" class=\"attachment-gallery size-gallery\" alt=\"phare citadelle\" data-full-url=\"https:\/\/pokaa.fr\/wp-content\/uploads\/2025\/02\/11\/img-9749.jpg\" decoding=\"async\" loading=\"lazy\"  \/>            <\/p>\n<p>                    \u00a9 Coraline Lafon \/ Pokaa<\/p>\n<p>\u00ab\u00a0Mascara Klub &amp; Mal\u00e9fices\u00a0\u00bb avec la House of Diamonds &amp; La Tar\u00e9\u2022e au Karmen Camina<\/p>\n<p>Un voile de myst\u00e8re s\u2019appr\u00eate \u00e0 s\u2019abattre sur le Karmen Camina. <b>Vendredi 31 octobre<\/b>, la <b>House of Diamonds <\/b>et <b>La Tar\u00e9\u00b7e<\/b> nous plongent dans <b>\u00ab\u00a0Mascara Klub &amp; Mal\u00e9fices\u00a0\u00bb<\/b>.<\/p>\n<p>Une soir\u00e9e qui promet des <b>drag shows<\/b> aussi freaky que<b> les DJ sets<\/b> seront lourds <b>\u00e0 en r\u00e9veiller les morts<\/b>. Avec Moon Alisha, Vendredi 13, Graphic Dee, Mizkeen, Kidz Moon et Baboush Bomboush pour les performances, et de l\u2019autre KTAR6, JeanneTo, Stanislawa, EUROMAX DJ et Fifibiza pour le son.<\/p>\n<p align=\"CENTER\"><b>Quand et o\u00f9\u00a0?<br \/><\/b>Vendredi 31 de 20h30 \u00e0 5h<br \/>Au Karmen Camina<br \/><a href=\"https:\/\/fr.ra.co\/events\/2277606\" target=\"_blank\" rel=\"noopener\">+ d\u2019infos<\/a><\/p>\n<p>                <img width=\"375\" height=\"500\" src=\"https:\/\/www.europesays.com\/fr\/wp-content\/uploads\/2025\/10\/img-8036-375x500.jpeg\" class=\"attachment-gallery size-gallery\" alt=\"Karmen Camina club caf\u00e9 tiers lieu sonorisation\" data-full-url=\"https:\/\/pokaa.fr\/wp-content\/uploads\/2025\/01\/07\/img-8036.jpeg\" decoding=\"async\" loading=\"lazy\"  \/>            <\/p>\n<p>                <img width=\"375\" height=\"500\" src=\"https:\/\/www.europesays.com\/fr\/wp-content\/uploads\/2025\/06\/img-8035-375x500.jpeg\" class=\"attachment-gallery size-gallery\" alt=\"Karmen Camina club caf\u00e9 tiers lieu sonorisation\" data-full-url=\"https:\/\/pokaa.fr\/wp-content\/uploads\/2025\/01\/07\/img-8035.jpeg\" decoding=\"async\" loading=\"lazy\"  \/>            <\/p>\n<p>                <img width=\"375\" height=\"500\" src=\"https:\/\/www.europesays.com\/fr\/wp-content\/uploads\/2025\/10\/img-8029-375x500.jpeg\" class=\"attachment-gallery size-gallery\" alt=\"Karmen Camina club caf\u00e9 tiers lieu sonorisation\" data-full-url=\"https:\/\/pokaa.fr\/wp-content\/uploads\/2025\/01\/07\/img-8029.jpeg\" decoding=\"async\" loading=\"lazy\"  \/>            <\/p>\n<p>                <img width=\"376\" height=\"500\" src=\"https:\/\/www.europesays.com\/fr\/wp-content\/uploads\/2025\/06\/pxl-20240511-1959530212-scaled-e1718208860472-376x500.jpg\" class=\"attachment-gallery size-gallery\" alt=\"House of Diamonds\" data-full-url=\"https:\/\/pokaa.fr\/wp-content\/uploads\/2024\/06\/12\/pxl-20240511-1959530212-1500x1992.jpg\" decoding=\"async\" loading=\"lazy\"  \/>            <\/p>\n<p>                    1. \u00e0 3. \u00a9 Bastien Pietronave \/ Pokaa ; 4. Graphic Dee (House of Diamonds). \u00a9 Fanny Soriano \/ Pokaa <\/p>\n<p>\u00ab\u00a0Ravage noir\u00a0\u00bb \u00e0 la P\u00e9niche M\u00e9canique<\/p>\n<p>En lendemain d\u2019Halloween, <b>la P\u00e9niche M\u00e9canique<\/b> nous plongera dans un mauvais r\u00eave\u2026 Avec <b>\u00ab\u00a0Ravage noir\u00a0\u00bb<\/b>, elle nous pr\u00e9pare \u00ab une nuit pour transpirer et r\u00eaver. Entre cauchemar et extase, ravag\u00e9es, ravage, rage \u00bb.<\/p>\n<p>Dans les oreilles ? <b>\u00ab\u00a0Bouyon \u00e0 6000 bpm, basses sombres, transe collective\u00a0\u00bb<\/b>. Les tympans vont saigner en cette Toussaint, avec les <b>DJ sets de Sans Lune Ni Ciel, Veine, R Cardiak et Orpheee <\/b>(bouyon, coup\u00e9-d\u00e9cal\u00e9, baile funk, latinclub, techno).<\/p>\n<p align=\"CENTER\"><b>Quand et o\u00f9\u00a0?<br \/><\/b>Samedi 1er novembre d\u00e8s 23h<br \/>\u00c0 la P\u00e9niche M\u00e9canique<br \/><a href=\"https:\/\/fb.me\/e\/5q6Tyy9Od\" target=\"_blank\" rel=\"noopener\">+ d\u2019infos<\/a><\/p>\n<p>    <img width=\"452\" height=\"600\" src=\"https:\/\/www.europesays.com\/fr\/wp-content\/uploads\/2025\/10\/peniche-mecanique-fanny-soriano-452x600.jpg\" class=\"attachment-image-size-M size-image-size-M\" alt=\"P\u00e9niche M\u00e9canique\" decoding=\"async\" loading=\"lazy\"  \/>         La P\u00e9niche M\u00e9canique. \u00a9 Fanny Soriano \/ Pokaa <\/p>\n<p>Les shows terrifiants et films d\u00e9moniaques<br \/>\n\u00ab\u00a0Spectacular Drag Stage\u00a0\u00bb \u00e9dition Spooky au Petit Tigre<\/p>\n<p>C\u2019est dans son obscur caveau que <b>le Petit Tigre <\/b>nous entra\u00eenera<b> le samedi 25 octobre<\/b>.<\/p>\n<p>De ses profondeurs surgiront des \u00ab\u00a0cr\u00e9atures de la nuit\u00a0\u00bb de la <b>sc\u00e8ne drag strasbourgeoise<\/b>, convoqu\u00e9es par <b>Madame de Kurbis <\/b>(House de la Trouille) et <b>Melankh\u00f6lia Marley <\/b>(House of Marley). Deux diaboliques ma\u00eetresses de c\u00e9r\u00e9monie pour cette \u00e9dition \u00ab\u00a0spooky\u00a0\u00bb.<\/p>\n<p align=\"CENTER\"><b>Quand et o\u00f9\u00a0?<br \/><\/b>Samedi 25 octobre de 21h \u00e0 minuit<br \/>Au Bar le Petit Tigre<br \/><a href=\"https:\/\/www.instagram.com\/p\/DPuNuDvCF5s\/?utm_source=ig_web_copy_link&amp;igsh=dDByNnZ6ejc3eDFx\" target=\"_blank\" rel=\"noopener\">+ d\u2019infos<\/a><\/p>\n<p>                <img width=\"375\" height=\"500\" src=\"https:\/\/www.europesays.com\/fr\/wp-content\/uploads\/2025\/06\/img-4507-375x500.jpeg\" class=\"attachment-gallery size-gallery\" alt=\"Melankh\u00f6lia Marley jeannette et les cycleux house of Marley\" data-full-url=\"https:\/\/pokaa.fr\/wp-content\/uploads\/2025\/04\/28\/img-4507.jpeg\" decoding=\"async\" loading=\"lazy\"  \/>            <\/p>\n<p>                <img width=\"375\" height=\"500\" src=\"https:\/\/www.europesays.com\/fr\/wp-content\/uploads\/2025\/10\/476862888-1782348632587121-1438321277125990085-n-375x500.jpg\" class=\"attachment-gallery size-gallery\" alt=\"le petit tigre jam\" data-full-url=\"https:\/\/pokaa.fr\/wp-content\/uploads\/2025\/02\/18\/476862888-1782348632587121-1438321277125990085-n.jpg\" decoding=\"async\" loading=\"lazy\"  \/>            <\/p>\n<p>                    Melankh\u00f6lia Marley. 1. \u00a9 Anthony Jilli \/ Pokaa ; 2. \u00a9 Le Petit Tigre \/ Document remis<\/p>\n<p>\u00ab\u00a0Halloween Party\u00a0\u00bb avec Les Tantines \u00e0 La Mondaine<\/p>\n<p><b>Les Tantines <\/b>sont de retour pour nous jouer de mauvais tours\u2026 Le 31, elles invitent non seulement <b>Lula Strega <\/b>\u2013 <b>finaliste de Drag Race France saison 3<\/b> \u2013 mais s\u2019entourent aussi de nombreuses autres cr\u00e9atures (Frankie Kekshoz, Levo Evolove, etc.).<\/p>\n<p>Outre les <b>drag shows<\/b>, un <b>concours de d\u00e9guisements <\/b>avec de nombreux lots \u00e0 la cl\u00e9. Et pour faire trembler les murs de La Mondaine jusqu\u2019au \u00ab\u00a0milieu de la nuit\u00a0\u00bb\u00a0? <b>Les DJ Kalak, Louis Feen et SEF:D <\/b>pour un voyage de la disco\/house\/pop \u00e0 la minimal\/techno.<\/p>\n<p align=\"CENTER\"><b>Quand et o\u00f9\u00a0?<br \/><\/b>Vendredi 31 octobre d\u00e8s 20h<br \/>\u00c0 La Mondaine<br \/><a href=\"https:\/\/www.instagram.com\/p\/DPRtpqajFf_\/?utm_source=ig_web_copy_link&amp;igsh=bHRvc3B6NXdqNnF5\" target=\"_blank\" rel=\"noopener\">+ d\u2019infos<\/a><\/p>\n<p>                <a href=\"https:\/\/pokaa.fr\/2025\/03\/14\/paillettes-et-tolerance-a-strasbourg-2-drag-queens-creent-une-asso-pour-rassembler\/\" target=\"_blank\" rel=\"noopener\"><br \/>\n                    <img width=\"450\" height=\"270\" src=\"https:\/\/www.europesays.com\/fr\/wp-content\/uploads\/2025\/10\/1-1-450x270.png\" class=\"attachment-card-horizontal--same-subject size-card-horizontal--same-subject wp-post-image\" alt=\"\" decoding=\"async\" loading=\"lazy\"\/>                <\/a><\/p>\n<p>    <img width=\"800\" height=\"445\" src=\"https:\/\/www.europesays.com\/fr\/wp-content\/uploads\/2025\/10\/rosetental-manon-jensen-pokaa-25-09-24-6-800x445.png\" class=\"attachment-image-size-L size-image-size-L\" alt=\"10 ans Pokaa \u00e9v\u00e9nement anniversaire Rose Tental\" decoding=\"async\" loading=\"lazy\"  \/>         Rose Tental. \u00a9 Manon Jensen \/ Pokaa <\/p>\n<p>Les rendez-vous spooky dans les bars<\/p>\n<p>Ce serait de la sorcellerie que de r\u00e9ussir \u00e0 lister l\u2019int\u00e9gralit\u00e9 des soir\u00e9es d\u2019Halloween \u00e0 Strasbourg\u2026 On te conseille donc de rapprocher ta citrouille \u00e0 c\u00f4t\u00e9 de ton bar pr\u00e9f\u00e9r\u00e9 pour voir ce qu\u2019il mijote pour le 31.<\/p>\n<p>On a par ailleurs rep\u00e9r\u00e9 les diff\u00e9rents \u00e9v\u00e9nements de <b>la House of Marley<\/b> comme le<b> jeudi 23 octobre \u00e0 Jeannette<\/b> avec<a href=\"https:\/\/www.facebook.com\/lahouseofmarley\/posts\/pfbid02pf6owMWbBuBExEsb19n6ZSLzFqZq7h36Ab53wET8B8cztzBzDxUubinCDV3aUSZRl\" target=\"_blank\" rel=\"noopener\"><b> la soir\u00e9e Spin &amp; Slay<\/b><\/a> avec \u00ab\u00a0<b>du drag<\/b> \u00e0 l\u2019\u00e9tat brut : punchlines, impro, show\u00a0\u00bb, <b>des jeux <\/b>et des lots \u00e0 gagner\u00a0!<\/p>\n<p>    <img width=\"800\" height=\"600\" src=\"https:\/\/www.europesays.com\/fr\/wp-content\/uploads\/2025\/10\/img-4519-800x600.jpeg\" class=\"attachment-image-size-L size-image-size-L\" alt=\"house of Marley quiz Melankh\u00f6lia Marley Ar\u00ef Marley ebene bonda jeannette et les cycleux\" decoding=\"async\" loading=\"lazy\"  \/>         Soir\u00e9e soir\u00e9e Spin &amp; Slay \u00e0 Jeannette avec la House of Marley. \u00a9 Anthony Jilli \/ Pokaa <\/p>\n<p>Ou la soir\u00e9e d\u2019Halloween de <b>La Planque<\/b>, qui pr\u00e9pare <b>un tattoo flash day <\/b>avec Rond Kvlt et un DJ set (le 31). <b>Au Caf\u00e9 Grognon<\/b>, \u00e7a se passera en deux rendez-vous\u00a0: <a href=\"https:\/\/fb.me\/e\/6gVmb1EkD\" target=\"_blank\" rel=\"noopener\"><b>\u00ab\u00a0Pimp ta Citrouille\u00a0\u00bb le jeudi 30<\/b> <\/a>et <a href=\"https:\/\/fb.me\/e\/5cgfGQzpw\" target=\"_blank\" rel=\"noopener\"><b>un jeu g\u00e9ant <\/b>qui verra s\u2019affronter des fant\u00f4mes contre des chasseurs, <b>pour Halloween<\/b><\/a>.<\/p>\n<p><b>Quant <a href=\"https:\/\/fb.me\/e\/3f3SyPaFS\" target=\"_blank\" rel=\"noopener\">au LA\u00c0B<\/a><\/b> (L\u2019Amer \u00e0 Boire), il accueillera un <b>concours du meilleur costume et concert de Peter Later<\/b> (powerpop, Strasbourg).<\/p>\n<p>Halloween ludique\u00a0: en famille ou entre potes<br \/>\n\u00ab\u00a0Exil ou survie\u00a0?\u00a0\u00bb\u00a0: Halloween au ch\u00e2teau de Lichtenberg<\/p>\n<p>Comme \u00e0 chaque saison,<b> le ch\u00e2teau de Lichtenberg (\u00e0 1h de Strasbourg)<\/b> se d\u00e9voile avec une programmation th\u00e9matique\u2026 Et pour Halloween, celui-ci se transforme <b>du 18 octobre au 2 novembre en une zone d\u2019apocalypse<\/b> suite au crash d\u2019une m\u00e9t\u00e9orite radioactive.<\/p>\n<p><b>Des <\/b><b>\u00ab\u00a0d\u00e9cors apocalyptiques\u00a0\u00bb<\/b><b> <\/b>o\u00f9 se cacheront \u00ab\u00a0d\u2019\u00e9tranges cr\u00e9atures\u00a0\u00bb, entre son \u00ab\u00a0cimeti\u00e8re irradi\u00e9\u00a0\u00bb, sa \u00ab\u00a0chapelle obscure\u00a0\u00bb, ou les casemates. \u00ab\u00a0<b>Entre mission de survie ou voyage vers une autre plan\u00e8te<\/b>, petits et grands plongent dans un univers ludique et fantastique\u00a0\u00bb, nous pr\u00e9vient-on.<\/p>\n<p>    <img width=\"800\" height=\"533\" src=\"https:\/\/www.europesays.com\/fr\/wp-content\/uploads\/2025\/10\/monstres-halloween-lichtenberg-credit-chloe-jacob-1-800x533.jpg\" class=\"attachment-image-size-L size-image-size-L\" alt=\"Halloween + chateau Lichtenberg\" decoding=\"async\" loading=\"lazy\"  \/>         \u00a9 Chlo\u00e9 Jacob \/ Document remis <\/p>\n<p><b>Pour les vacances de la Toussaint\u00a0: chaque jour, son animation<\/b>. <b>Escape game<\/b>, <b>spectacles jeune public<\/b>, lecture cont\u00e9e, <b>visites et l\u00e9gendes ensorcel\u00e9es<\/b>, concert, atelier <b>maquillage<\/b>, <b>jeux de soci\u00e9t\u00e9<\/b>\u2026 Laissez-vous contaminer par l\u2019esprit d\u2019Halloween.<\/p>\n<p>Il y aura aussi <b>deux soir\u00e9es exceptionnelles\u00a0: les samedis 18 octobre \u2013 <\/b>pour l\u2019inauguration \u2013 et <b>31 octobre<\/b>. La compagnie <b>Burn\u2019n Light <\/b>embrasera \u00e0 deux reprises le ch\u00e2teau avec \u00ab\u00a0ses jongleurs, cracheurs de feu, \u00e9chassiers et acrobates\u00a0\u00bb lors d\u2019<b>une <\/b><b>\u00ab\u00a0d\u00e9ambulation enflamm\u00e9e\u00a0\u00bb<\/b>\u2026<\/p>\n<p>L\u2019\u00e9quipe du Lichtenberg nous plongera, elle, dans sa nouvelle cr\u00e9ation\u00a0: Des zombies et des hommes, une pi\u00e8ce immersive en d\u00e9ambulation. Tandis que <b>le Comptoir du Crime <\/b>pr\u00e9parera <b>une visite sc\u00e9naris\u00e9e du ch\u00e2teau<\/b>, en nous confrontant aux survivant(e)s ou membres d\u2019une exp\u00e9dition spatiale, afin de \u00ab\u00a0[nous] guider dans [n]otre mission\u00a0\u00bb. Envie de relever le d\u00e9fi ?<\/p>\n<p align=\"CENTER\"><b>Quand et o\u00f9\u00a0?<br \/><\/b>Du 18 octobre au 2 novembre<br \/>Au ch\u00e2teau de Lichtenberg<br \/><a href=\"https:\/\/www.chateaudelichtenberg.alsace\/evenement\/halloween-au-chateau\/\" target=\"_blank\" rel=\"noopener\">+ d\u2019infos<\/a><\/p>\n<p>    <img width=\"800\" height=\"534\" src=\"https:\/\/www.europesays.com\/fr\/wp-content\/uploads\/2025\/10\/halloween-chateau-de-lichtenberg-2022-credit-adrien-dorschner-14-800x534.jpg\" class=\"attachment-image-size-L size-image-size-L\" alt=\"Halloween + chateau Lichtenberg\" decoding=\"async\" loading=\"lazy\"  \/>         \u00a9 Adrien Dorschner \/ Document remis <\/p>\n<p>Atelier masque \u00e0 L&rsquo;Or\u00e9e 85 avec la Cie Les Jardins Suspendus<\/p>\n<p>Alors qu\u2019elle fermera bient\u00f4t ses portes pour la saison froide,<b> L\u2019Or\u00e9e 85<\/b> accueillera petit(e)s et grand(e)s (<b>d\u00e8s 10 ans<\/b>)<b> le dimanche 26 octobre<\/b>.<\/p>\n<p>Avec <b>la Cie Les Jardins Suspendus<\/b>, il s\u2019agira de <b>cr\u00e9er son masque d\u2019Halloween<\/b>, \u00ab\u00a0unique et effrayant\u00a0\u00bb, lors d\u2019un <b>atelier cr\u00e9atif (\u00e0 prix libre)<\/b>. Parfait pour pr\u00e9parer son costume pour le 31.<\/p>\n<p align=\"CENTER\"><b>Quand et o\u00f9\u00a0?<br \/><\/b>Dimanche 26 octobre de 15h \u00e0 17h<br \/>\u00c0 L\u2019Or\u00e9e 85<br \/><a href=\"https:\/\/fb.me\/e\/8IYDxNruU\" target=\"_blank\" rel=\"noopener\">L\u2019\u00e9v\u00e9nement Facebook<\/a><\/p>\n<p>                <img width=\"385\" height=\"500\" src=\"https:\/\/www.europesays.com\/fr\/wp-content\/uploads\/2025\/04\/img-9765-385x500.jpg\" class=\"attachment-gallery size-gallery\" alt=\"or\u00e9e 85\" data-full-url=\"https:\/\/pokaa.fr\/wp-content\/uploads\/2025\/02\/11\/img-9765.jpg\" decoding=\"async\" loading=\"lazy\"  \/>            <\/p>\n<p>                <img width=\"375\" height=\"500\" src=\"https:\/\/www.europesays.com\/fr\/wp-content\/uploads\/2025\/10\/354297336-281125057640925-6697958596016194188-n-375x500.jpg\" class=\"attachment-gallery size-gallery\" alt=\"or\u00e9e 85\" data-full-url=\"https:\/\/pokaa.fr\/wp-content\/uploads\/2023\/06\/354297336-281125057640925-6697958596016194188-n-1500x2000.jpg\" decoding=\"async\" loading=\"lazy\"  \/>            <\/p>\n<p>                    \u00a9 Coraline Lafon \/ Pokaa<\/p>\n<p>\u00ab\u00a0Vampire Bed&rsquo;n&rsquo;Breakfast\u00a0\u00bb au CEAAC (expo et ateliers pour enfants)<\/p>\n<p>C\u2019est dans le cadre de leur <a href=\"https:\/\/ceaac.org\/fr\/exposition\/vampire-bednbreakfast\/\" target=\"_blank\" rel=\"noopener\"><b>exposition <\/b><\/a><b>Vampire Bed\u2019N\u2019Breakfast, <\/b>dans le Project Space du <b>CEAAC<\/b>, qu\u2019Emma Pflieger et Antoine F\u0153gl\u00e9 invoquent leur propre coven <b>du 29 au 31 octobre<\/b>.<\/p>\n<p>Pour compl\u00e9ter leur rang, le duo invite <b>les jeunes vampires de 6 \u00e0 12 ans<\/b> \u00e0 <b>confectionner, \u00e0 leurs c\u00f4t\u00e9s, leur parure<\/b> \u2013 \u00ab\u00a0collerette, ailes de chauve-souris et griffes ac\u00e9r\u00e9es\u00a0\u00bb. L\u2019id\u00e9e\u00a0: lancer avec eux l\u2019expo, le soir d\u2019Halloween. Un<b> atelier gratuit <\/b>(sur r\u00e9servation).<\/p>\n<p>On en profitera pour prolonger l\u2019exp\u00e9rience <b>jusqu\u2019au 4 janvier <\/b>avec cette <b>curieuse exposition-fiction<\/b>, \u00ab\u00a0articul\u00e9e autour d\u2019une vampiresse animant des visites nocturnes dans la capitale hongroise, o\u00f9 il est autant question des grands bouleversements politiques du XXe si\u00e8cle que de tourisme dentaire\u00a0\u00bb.<\/p>\n<p align=\"CENTER\"><b>Quand et o\u00f9\u00a0?<br \/><\/b>Du mercredi 29 au vendredi 31 octobre<br \/>Exposition du 1er novembre au 4 janvier (vernissage le 31 octobre)<br \/>Au CEAAC<br \/><a href=\"https:\/\/ceaac.org\/fr\/atelier-vacances-octobre-2025\/\" target=\"_blank\" rel=\"noopener\">+ d\u2019infos<\/a><\/p>\n<p>    <img width=\"800\" height=\"452\" src=\"https:\/\/www.europesays.com\/fr\/wp-content\/uploads\/2025\/10\/dentier-1440x8131-1-800x452.jpg\" class=\"attachment-image-size-L size-image-size-L\" alt=\"Pfliegerfoegl\u00e9\" decoding=\"async\" loading=\"lazy\"  \/>         \u00a9 Pflieger-Foegl\u00e9 \/ Document remis <\/p>\n<p>\u00ab\u00a0Cycle #23 : Boouuh ! (Fant\u00f4mes)\u00a0\u00bb et week-end d&rsquo;Halloween au cin\u00e9ma Le Cosmos<\/p>\n<p>Depuis quelques jours (et<b> jusqu\u2019\u00e0 courant novembre<\/b>), le cin\u00e9ma <b>Le Cosmos<\/b> fait trembler les cin\u00e9philes nostalgiques avec sa nouvelle r\u00e9trospective\u00a0: <b>\u00ab\u00a0Cycle #23 : Boouuh ! (Fant\u00f4mes)\u00a0\u00bb<\/b>.<\/p>\n<p>De <b>S.O.S Fant\u00f4mes<\/b> d\u2019Ivan Reitman \u00e0 <b>Beetlejuice<\/b> et <b>Frankenweenie<\/b> de Tim Burton, ou encore <b>Ring<\/b> d\u2019Hideo Nakata aux plus r\u00e9cents<b> Sans jamais nous conna\u00eetre <\/b>de Andrew Haigh avec Paul Mescal, ou<b> Les Fant\u00f4mes<\/b><b> <\/b>de Jonathan Millet \u2013 tourn\u00e9 en partie \u00e0 Strasbourg\u2026 Pr\u00e8s d\u2019une trentaine de grands classiques, tous genres confondus, <b>\u00e0 revoir sur grand \u00e9cran<\/b>. On en frissonne de plaisir.<\/p>\n<p align=\"CENTER\"><b>Quand et o\u00f9\u00a0?<br \/><\/b>Jusqu\u2019en novembre<br \/>Au cin\u00e9ma Le Cosmos<br \/><a href=\"https:\/\/cinema-cosmos.eu\/agenda\/?_cycles=cycle-23-fantomes\" target=\"_blank\" rel=\"noopener\">+ d\u2019infos<\/a><\/p>\n<\/p>\n<p>Halloween au cin\u00e9ma Star<\/p>\n<p>Le<b> jeudi 30 octobre<\/b>, c\u2019est un <b>Massacre \u00e0 la Tron\u00e7onneuse <\/b>(de Tobe Hooper) qui sera propos\u00e9 aux 12-25 ans au Star.<\/p>\n<p>Pour les plus jeune encore\u00a0? <b>Le vendredi 31 octobre<\/b>, le Star proposera <b>La sorci\u00e8re dans les airs<\/b> de M. Lang &amp; J. Lachauer (d\u00e8s 3 ans) avec une lecture de conte, une s\u00e9ance de maquillage, et une collecte de bonbons. Plus tard, <b>Monstres &amp; Cie<\/b><b>, pour une s\u00e9ance cin\u00e9-pyjama d\u00e8s 6 ans<\/b>.<\/p>\n<p align=\"CENTER\"><b>Quand et o\u00f9\u00a0?<br \/><\/b>Jeudi 30 et vendredi 31 octobre<br \/>Au cin\u00e9ma Star<br \/><a href=\"https:\/\/www.cinema-star.com\/films-evenements\/\" target=\"_blank\" rel=\"noopener\">+ d\u2019infos<\/a><\/p>\n<\/p>\n<p>Mad Knacks\u00a0: des aventures pour tous les \u00e2ges<\/p>\n<p>Et comment parler d\u2019Halloween sans mentionner<b> l\u2019association strasbourgeoise Mad Knacks<\/b> qui se d\u00e9m\u00e8ne chaque mois d\u2019octobre depuis 2021 pour concocter <b>des \u00e9v\u00e9nements pour petit(e)s et grand(e)s<\/b>. Des activit\u00e9s pens\u00e9es selon l\u2019\u00e2ge et le niveau de trouille.<\/p>\n<p>On retrouvera <b>les visites guid\u00e9es \u00ab\u00a0Strasbourg Obscur\u00a0\u00bb<\/b> en deux parcours (l\u2019Original et D\u00e9dale \u00e9carlate), pour d\u00e9couvrir Strasbourg sous un jour plus sombre, <b>entre \u00e9nigmes et anecdotes insolites<\/b> (jusqu\u2019au 2 novembre).<\/p>\n<p>                <img width=\"780\" height=\"500\" src=\"https:\/\/www.europesays.com\/fr\/wp-content\/uploads\/2025\/10\/photo4-e1664459817111-780x500.jpg\" class=\"attachment-gallery size-gallery\" alt=\"Mad Knacks + strasbourg obscur + halloween\" data-full-url=\"https:\/\/pokaa.fr\/wp-content\/uploads\/2022\/09\/photo4-1500x962.jpg\" decoding=\"async\" loading=\"lazy\"  \/>            <\/p>\n<p>                <img width=\"750\" height=\"500\" src=\"https:\/\/www.europesays.com\/fr\/wp-content\/uploads\/2025\/10\/photo3-e1664459836655-750x500.jpg\" class=\"attachment-gallery size-gallery\" alt=\"Mad Knacks + strasbourg obscur + halloween\" data-full-url=\"https:\/\/pokaa.fr\/wp-content\/uploads\/2022\/09\/photo3-1500x1000.jpg\" decoding=\"async\" loading=\"lazy\"  \/>            <\/p>\n<p>                <img width=\"333\" height=\"500\" src=\"https:\/\/www.europesays.com\/fr\/wp-content\/uploads\/2025\/10\/photo1-e1664459878939-333x500.jpg\" class=\"attachment-gallery size-gallery\" alt=\"Mad Knacks + strasbourg obscur + halloween\" data-full-url=\"https:\/\/pokaa.fr\/wp-content\/uploads\/2022\/09\/photo1-e1664459878939.jpg\" decoding=\"async\" loading=\"lazy\"  \/>            <\/p>\n<p>                    Strasbourg Obscur. \u00a9 Mad Knacks \/ Documents remis<\/p>\n<p>Plus flippante (et d\u00e9conseill\u00e9e aux moins de 16 ans)\u00a0: <b>\u00ab\u00a0Mad Inferno\u00a0\u00bb<\/b>, un nouveau concept qui s\u2019emparera de <b>l\u2019Ancienne briqueterie Sonntag \u00e0 Still <\/b>(\u00e0 c\u00f4t\u00e9 de Molsheim et \u00e0 30 minutes de Strasbourg) <b>du 24 octobre au 9 novembre<\/b>. Un \u00ab\u00a0<b>cache-cache<\/b> <b>infernal<\/b> au c\u0153ur d\u2019un site industriel charg\u00e9 d\u2019histoire\u00a0\u00bb, pens\u00e9 pour celles et ceux qui recherchent \u00ab\u00a0les <b>frissons<\/b>, la <b>tension<\/b> et la <b>comp\u00e9tition\u00a0<\/b>\u00bb.<\/p>\n<p>Et enfin, toujours \u00e0 l\u2019Ancienne briqueterie, mais cette fois pour les familles\u00a0: <b>\u00ab\u00a0Halloweenie &amp; le terrible feu follet\u00a0\u00bb <\/b>(les 25, 26 et 31 octobre et 1er et 2 novembre). <b>Une <\/b><b>\u00ab\u00a0aventure ludique et myst\u00e9rieuse\u00a0\u00bb<\/b><b> pour enfants de 4 \u00e0 10 ans<\/b>, avec des \u00e9nigmes, et le site pour d\u00e9cor. On adore.<\/p>\n<p align=\"CENTER\"><b>Quand et o\u00f9\u00a0?<br \/><\/b>Dates variables selon les activit\u00e9s<br \/>\u00c0 Strasbourg et \u00e0 l\u2019Ancienne briqueterie Sonntag \u00e0 Still<br \/><a href=\"https:\/\/www.madknacks.fr\/\" target=\"_blank\" rel=\"noopener\">+ d\u2019infos<\/a><\/p>\n<p>    <img width=\"399\" height=\"600\" src=\"https:\/\/www.europesays.com\/fr\/wp-content\/uploads\/2025\/10\/jody-two-wolves-mad-knacks-2-e1698244334692-399x600.jpg\" class=\"attachment-image-size-M size-image-size-M\" alt=\"Halloween + mad knacks\" decoding=\"async\" loading=\"lazy\"  \/>         Halloween 2022 avec Mad Knacks. \u00a9 Jody Two Wolves \/ Document remis <\/p>\n<p>\u00ab\u00a0Osiris, la statuette maudite\u00a0\u00bb\u00a0: le Comptoir du Crime \u00e0 la Biblioth\u00e8que Humaniste de S\u00e9lestat<\/p>\n<p>On ach\u00e8ve cette s\u00e9lection sur un nouveau myst\u00e8re du <b>Comptoir du Crime<\/b>. Nous les citions d\u00e9j\u00e0 plus haut\u00a0: ce studio \u00e9v\u00e9nementiel strasbourgeois s\u2019est sp\u00e9cialis\u00e9 dans la cr\u00e9ation d\u2019<b>exp\u00e9riences immersives, ludiques et th\u00e9\u00e2tralis\u00e9es<\/b> originales.<\/p>\n<p>Pour Halloween, ils reviennent hanter les couloirs de la <b>Biblioth\u00e8que Humaniste de S\u00e9lestat<\/b>. Cette fois, c\u2019est \u00ab\u00a0la d\u00e9couverte d\u2019une statuette \u00e9gyptienne [qui] provoque des ph\u00e9nom\u00e8nes inexpliqu\u00e9s\u00a0\u00bb. <b>\u00ab\u00a0Osiris, la statuette maudite\u00a0\u00bb <\/b>serait-elle aussi responsable de la mort du directeur de la biblioth\u00e8que ? Un meurtre qui semble inexplicable. \u00ab\u00a0Certains parlent de mal\u00e9diction, d\u2019autres de fraude voire de manipulation\u00a0\u00bb.<\/p>\n<p>Qu\u2019il s\u2019agisse ou non d\u2019une mal\u00e9diction, il s\u2019agira de plonger <b>pendant 1h30 dans une enqu\u00eate immersive <\/b>\u00ab o\u00f9 l\u2019histoire, l\u2019occulte et les secrets s\u2019entrem\u00ealent \u00bb, d\u2019aller interroger les suspect(e)s, et peut-\u00eatre lever le myst\u00e8re. Rendez-vous <b>les vendredi 31 octobre et samedi 1er novembre<\/b>.<\/p>\n<p align=\"CENTER\"><b>Quand et o\u00f9\u00a0?<br \/><\/b>Vendredi 31 octobre et samedi 1er novembre<br \/>\u00c0 la Biblioth\u00e8que Humaniste de S\u00e9lestat<br \/><a href=\"https:\/\/comptoirducrime.fr\/realisations\/osiris-la-statuette-maudite\" target=\"_blank\" rel=\"noopener\">+ d\u2019infos<\/a><\/p>\n<p>                <img width=\"448\" height=\"500\" src=\"https:\/\/www.europesays.com\/fr\/wp-content\/uploads\/2025\/10\/le-comptoir-du-crime-4-e1711046886323-448x500.jpg\" class=\"attachment-gallery size-gallery\" alt=\"le comptoir du crime\" data-full-url=\"https:\/\/pokaa.fr\/wp-content\/uploads\/2024\/03\/21\/le-comptoir-du-crime-4-1500x1674.jpg\" decoding=\"async\" loading=\"lazy\"  \/>            <\/p>\n<p>                <img width=\"364\" height=\"500\" src=\"https:\/\/www.europesays.com\/fr\/wp-content\/uploads\/2025\/10\/le-comptoir-du-crime-5-e1711046863602-364x500.jpg\" class=\"attachment-gallery size-gallery\" alt=\"le comptoir du crime\" data-full-url=\"https:\/\/pokaa.fr\/wp-content\/uploads\/2024\/03\/21\/le-comptoir-du-crime-5-e1711046863602.jpg\" decoding=\"async\" loading=\"lazy\"  \/>            <\/p>\n<p>                <img width=\"749\" height=\"500\" src=\"https:\/\/www.europesays.com\/fr\/wp-content\/uploads\/2025\/10\/comptoir-du-crime-musee-alsacien-hans-trapp-spectateurs-credits-photo-vincent-ledig-1.jpg\" class=\"attachment-gallery size-gallery\" alt=\"Comptoir du Crime + mus\u00e9e alsacien + Hans Trapp + spectateurs + cr\u00e9dits photo Vincent Ledig\" data-full-url=\"https:\/\/www.europesays.com\/fr\/wp-content\/uploads\/2025\/10\/comptoir-du-crime-musee-alsacien-hans-trapp-spectateurs-credits-photo-vincent-ledig-1.jpg\" decoding=\"async\" loading=\"lazy\"  \/>            <\/p>\n<p>                    Le Comptoir du Crime (pr\u00e9c\u00e9dentes enqu\u00eates). 1. 2. \u00a9 Maxime Damien \/ Documents remis ; 3. Vincent Ledig \/ Document remis<\/p>\n<p><script async src=\"\/\/www.instagram.com\/embed.js\"><\/script><\/p>\n","protected":false},"excerpt":{"rendered":"\u00c0 Strasbourg, plus que l\u2019automne, c\u2019est Halloween qui revient nous mettre la (ci)trouille. F\u00eates mal\u00e9fiques, drag shows sulfureux,&hellip;\n","protected":false},"author":2,"featured_media":471287,"comment_status":"","ping_status":"","sticky":false,"template":"","format":"standard","meta":{"footnotes":""},"categories":[2820],"tags":[1111,11,4396,13632,4157,29739,1067,1777,674,652,1011,27,775,326,20815,10392,12,25,3140,640,1347,10919,2528,4064],"class_list":{"0":"post-471286","1":"post","2":"type-post","3":"status-publish","4":"format-standard","5":"has-post-thumbnail","7":"category-strasbourg","8":"tag-actu","9":"tag-actualites","10":"tag-atelier","11":"tag-automne","12":"tag-dj-sets","13":"tag-dragshow","14":"tag-enquete","15":"tag-eu","16":"tag-europe","17":"tag-famille","18":"tag-fr","19":"tag-france","20":"tag-grand-est","21":"tag-gratuit","22":"tag-halloween","23":"tag-murder","24":"tag-news","25":"tag-republique-francaise","26":"tag-spectacle","27":"tag-strasbourg","28":"tag-theatre","29":"tag-toussaint","30":"tag-vacances","31":"tag-week-end"},"share_on_mastodon":{"url":"https:\/\/pubeurope.com\/@fr\/115392520629037813","error":""},"_links":{"self":[{"href":"https:\/\/www.europesays.com\/fr\/wp-json\/wp\/v2\/posts\/471286","targetHints":{"allow":["GET"]}}],"collection":[{"href":"https:\/\/www.europesays.com\/fr\/wp-json\/wp\/v2\/posts"}],"about":[{"href":"https:\/\/www.europesays.com\/fr\/wp-json\/wp\/v2\/types\/post"}],"author":[{"embeddable":true,"href":"https:\/\/www.europesays.com\/fr\/wp-json\/wp\/v2\/users\/2"}],"replies":[{"embeddable":true,"href":"https:\/\/www.europesays.com\/fr\/wp-json\/wp\/v2\/comments?post=471286"}],"version-history":[{"count":0,"href":"https:\/\/www.europesays.com\/fr\/wp-json\/wp\/v2\/posts\/471286\/revisions"}],"wp:featuredmedia":[{"embeddable":true,"href":"https:\/\/www.europesays.com\/fr\/wp-json\/wp\/v2\/media\/471287"}],"wp:attachment":[{"href":"https:\/\/www.europesays.com\/fr\/wp-json\/wp\/v2\/media?parent=471286"}],"wp:term":[{"taxonomy":"category","embeddable":true,"href":"https:\/\/www.europesays.com\/fr\/wp-json\/wp\/v2\/categories?post=471286"},{"taxonomy":"post_tag","embeddable":true,"href":"https:\/\/www.europesays.com\/fr\/wp-json\/wp\/v2\/tags?post=471286"}],"curies":[{"name":"wp","href":"https:\/\/api.w.org\/{rel}","templated":true}]}}