{"id":471288,"date":"2025-10-18T01:14:10","date_gmt":"2025-10-18T01:14:10","guid":{"rendered":"https:\/\/www.europesays.com\/fr\/471288\/"},"modified":"2025-10-18T01:14:10","modified_gmt":"2025-10-18T01:14:10","slug":"coach-de-strasbourg-rosenior-fier-apres-le-nul-contre-le-psg","status":"publish","type":"post","link":"https:\/\/www.europesays.com\/fr\/471288\/","title":{"rendered":"coach de Strasbourg, Rosenior \u00abfier\u00bb apr\u00e8s le nul contre le PSG"},"content":{"rendered":"<p>\n    Le technicien anglais revient sur le nul de \u00abson\u00bb Racing \u00e0 Paris vendredi, lors de la 8e journ\u00e9e de Ligue 1.<\/p>\n<p class=\"fig-paragraph\"><strong>Sentiment apr\u00e8s\u00a0<\/strong><a href=\"http:\/\/www.lefigaro.fr\/sports\/football\/ligue-1\/ligue-1-le-psg-sauve-un-point-contre-strasbourg-et-garde-provisoirement-la-tete-20251017\" data-fig-type=\"NewsFlash\" data-gtm-custom-categorie=\"navigation\" data-gtm-custom-action=\"crossclick\" data-gtm-custom-label=\"Contextuel\" data-gtm-event=\"customEventSPE\" data-fig-domain=\"LEFIGARO\" target=\"_blank\" rel=\"noopener\"><strong>le nul 3-3 contre le PSG<\/strong><\/a> \u00a0: \u00abFier et d\u00e9\u00e7u \u00e0 la fois\u2026 Je voulais qu\u2019on soit fiers de nous et c\u2019est le cas. On avait le deuxi\u00e8me 11 le plus jeune face \u00e0 la meilleure \u00e9quipe au monde. On peut \u00eatre un peu d\u00e9\u00e7us\u00a0apr\u00e8s avoir men\u00e9 3-1,\u00a0mais je ne pourrais pas \u00eatre plus fier de mes joueurs.\u00bb<\/p>\n<p class=\"fig-paragraph\"><strong>Ce qui le rend le plus fier<\/strong>\u00a0: \u00abOn n\u2019a pas eu peur. Le football, ce n\u2019est pas que la possession. Il y a beaucoup d\u2019autres facteurs. On a \u00e9t\u00e9 tr\u00e8s bien sur beaucoup d\u2019aspects. J\u2019aurais aim\u00e9 avoir plus de possession mais c\u2019est la meilleure \u00e9quipe du monde. C\u2019\u00e9tait un match de grande qualit\u00e9. J\u2019\u00e9tais fier d\u2019\u00eatre sur le bord du terrain. (\u2026) Ce n\u2019est pas la tactique qui provoque ce genre de prestation, mais la mentalit\u00e9, le sens du sacrifice, le collectif, l\u2019\u00e9tat d\u2019esprit collectif.\u00bb<\/p>\n<p class=\"fig-body-link\">\n            \u00c0 lire aussi<br \/>\n        <a class=\"fig-body-link__link\" href=\"http:\/\/www.lefigaro.fr\/sports\/football\/ligue-1\/psg-strasbourg-panichelli-voit-double-la-defense-parisienne-febrile-les-tops-et-flops-20251017\" data-fig-type=\"NewsFlash\" data-gtm-custom-categorie=\"navigation\" data-gtm-custom-action=\"crossclick\" data-gtm-custom-label=\"Contextuel\" data-gtm-event=\"customEventSPE\" data-fig-domain=\"LEFIGARO\" target=\"_blank\" rel=\"noopener\">PSG-Strasbourg\u00a0: Panichelli voit double, la d\u00e9fense parisienne f\u00e9brile\u2026 Les tops et flops<br \/>\n    <\/a>\n<\/p>\n<p>                                    <a class=\"fig-a11y-skip a11y-hidden\" href=\"#fig-a11y-skip-main-inarticle\"><br \/>\n        Passer la publicit\u00e9<br \/>\n    <\/a><\/p>\n<p class=\"fig-paragraph\"><strong>Des regrets<\/strong>\u00a0: \u00ab\u00c9videmment, quand on m\u00e8ne 3-1 \u00e0 l\u2019ext\u00e9rieur\u2026 Mais on a d\u00e9pens\u00e9 beaucoup d\u2019\u00e9nergie avec notre pressing pendant 75 minutes. Suis-je heureux de la performance\u00a0? Oui. Je dirais la m\u00eame chose si on avait perdu 3-4. C\u2019est le plus important pour moi.\u00bb<\/p>\n<blockquote class=\"fig-quote&#10;    \">\n<p class=\"fig-quote__text\">La jeunesse est une force.<\/p>\n<p>            Liam Rosienor\n    <\/p><\/blockquote>\n<p class=\"fig-paragraph\"><strong>Les d\u00e9faites \u00e0 la fin contre Monaco et Marseille<\/strong>\u00a0: \u00abOn n\u2019a pas eu peur de revivre le m\u00eame sc\u00e9nario. On a \u00e9t\u00e9 dans le coup lors de ces trois matchs. On a finalement \u00e9t\u00e9 d\u00e9\u00e7us de ne pas gagner les trois fois. On est l\u00e0 o\u00f9 a envie d\u2019\u00eatre, on est comp\u00e9titifs \u00e0 tous les matchs et c\u2019est le plus important.\u00bb<\/p>\n<p class=\"fig-paragraph\"><strong>Joaquin Panichelli\u00a0et son jeu de t\u00eate<\/strong>\u00a0: \u00abC\u2019est l\u2019un des plus beaux buts de la t\u00eate que j\u2019ai vus. Performance top, notamment en tant que point de fixation. \u00c7a ne me surprend pas au vu de ce qu\u2019il fait \u00e0 l\u2019entra\u00eenement. Il a une mentalit\u00e9 incroyable. Il travaille beaucoup. Je suis tr\u00e8s fier de lui.\u00bb<\/p>\n<p class=\"fig-paragraph\"><strong>Les ambitions de Strasbourg cette saison et la jeunesse du groupe<\/strong>\u00a0: \u00abLa jeunesse de cette \u00e9quipe, c\u2019est sa force. Mener contre Marseille et Paris, ce n\u2019est pas simple. Ils vont apprendre, et tr\u00e8s vite. On a pris 16 points en 8 matchs. On a \u00e9t\u00e9 comp\u00e9titifs \u00e0 chaque match. L\u2019\u00e9nergie, la jeunesse, l\u2019absence de peur sur le terrain font partie de nos principales qualit\u00e9s. Les objectifs\u00a0? Gagner le prochain match.\u00bb<\/p>\n<p class=\"fig-paragraph\">Propos recueillis en conf\u00e9rence de presse<\/p>\n","protected":false},"excerpt":{"rendered":"Le technicien anglais revient sur le nul de \u00abson\u00bb Racing \u00e0 Paris vendredi, lors de la 8e journ\u00e9e&hellip;\n","protected":false},"author":2,"featured_media":471289,"comment_status":"","ping_status":"","sticky":false,"template":"","format":"standard","meta":{"footnotes":""},"categories":[2820],"tags":[1111,11,1777,674,1011,27,775,12,93,4448,25,640],"class_list":{"0":"post-471288","1":"post","2":"type-post","3":"status-publish","4":"format-standard","5":"has-post-thumbnail","7":"category-strasbourg","8":"tag-actu","9":"tag-actualites","10":"tag-eu","11":"tag-europe","12":"tag-fr","13":"tag-france","14":"tag-grand-est","15":"tag-news","16":"tag-psg","17":"tag-rc-strasbourg","18":"tag-republique-francaise","19":"tag-strasbourg"},"share_on_mastodon":{"url":"","error":""},"_links":{"self":[{"href":"https:\/\/www.europesays.com\/fr\/wp-json\/wp\/v2\/posts\/471288","targetHints":{"allow":["GET"]}}],"collection":[{"href":"https:\/\/www.europesays.com\/fr\/wp-json\/wp\/v2\/posts"}],"about":[{"href":"https:\/\/www.europesays.com\/fr\/wp-json\/wp\/v2\/types\/post"}],"author":[{"embeddable":true,"href":"https:\/\/www.europesays.com\/fr\/wp-json\/wp\/v2\/users\/2"}],"replies":[{"embeddable":true,"href":"https:\/\/www.europesays.com\/fr\/wp-json\/wp\/v2\/comments?post=471288"}],"version-history":[{"count":0,"href":"https:\/\/www.europesays.com\/fr\/wp-json\/wp\/v2\/posts\/471288\/revisions"}],"wp:featuredmedia":[{"embeddable":true,"href":"https:\/\/www.europesays.com\/fr\/wp-json\/wp\/v2\/media\/471289"}],"wp:attachment":[{"href":"https:\/\/www.europesays.com\/fr\/wp-json\/wp\/v2\/media?parent=471288"}],"wp:term":[{"taxonomy":"category","embeddable":true,"href":"https:\/\/www.europesays.com\/fr\/wp-json\/wp\/v2\/categories?post=471288"},{"taxonomy":"post_tag","embeddable":true,"href":"https:\/\/www.europesays.com\/fr\/wp-json\/wp\/v2\/tags?post=471288"}],"curies":[{"name":"wp","href":"https:\/\/api.w.org\/{rel}","templated":true}]}}