{"id":471294,"date":"2025-10-18T01:17:21","date_gmt":"2025-10-18T01:17:21","guid":{"rendered":"https:\/\/www.europesays.com\/fr\/471294\/"},"modified":"2025-10-18T01:17:21","modified_gmt":"2025-10-18T01:17:21","slug":"la-station-prouve-labellisee-architecture-contemporaine-remarquable","status":"publish","type":"post","link":"https:\/\/www.europesays.com\/fr\/471294\/","title":{"rendered":"La station Prouv\u00e9 labellis\u00e9e architecture contemporaine remarquable"},"content":{"rendered":"<p>L\u2019ancienne station-service est d\u00e9sormais une des \u0153uvres permanentes du Voyage \u00e0 Nantes. Elle vient d\u2019obtenir le label \u00ab\u00a0Architecture contemporaine remarquable\u00a0\u00bb d\u00e9cern\u00e9 par le minist\u00e8re de la Culture.<\/p>\n<p>Le b\u00e2timent est lou\u00e9 depuis 2009 par le Voyage \u00e0 Nantes (Van) qui l\u2019utilise d\u00e9sormais comme bureau, pr\u00e8s du parc des Chantiers, boulevard L\u00e9on-Bureau, \u00e0 Nantes. Mais dans une vie ant\u00e9rieure, c\u2019\u00e9tait une station-service, route des Sorini\u00e8res, \u00e0 Rez\u00e9. Il fait partie des cent quatre-vingts stations construites \u00e0 l\u2019identique dans les ann\u00e9es 1960-1970, selon des plans de l\u2019architecte Jean Prouv\u00e9.<\/p>\n<p>La station Prouv\u00e9 a \u00e9t\u00e9 acquise et restaur\u00e9e par un passionn\u00e9, Jean-Fran\u00e7ois Godet, qui la loue au Van, Elle vient d\u2019obtenir le label \u00ab\u00a0Architecture contemporaine remarquable\u00a0\u00bb. Une plaque a \u00e9t\u00e9 appos\u00e9e sur le b\u00e2timent par Anne G\u00e9rard, directrice de la Drac (Direction r\u00e9gionale des affaires culturelles) \u00e0 l\u2019occasion de la dixi\u00e8me \u00e9dition des journ\u00e9es nationales de l\u2019architecture, qui se tiennent ce week-end.<\/p>\n<p>\u00a0<\/p>\n","protected":false},"excerpt":{"rendered":"L\u2019ancienne station-service est d\u00e9sormais une des \u0153uvres permanentes du Voyage \u00e0 Nantes. Elle vient d\u2019obtenir le label \u00ab\u00a0Architecture&hellip;\n","protected":false},"author":2,"featured_media":471295,"comment_status":"","ping_status":"","sticky":false,"template":"","format":"standard","meta":{"footnotes":""},"categories":[2818],"tags":[1111,11,1350,38498,1777,674,1011,27,59497,766,12,2636,59496,59498,25,3758],"class_list":{"0":"post-471294","1":"post","2":"type-post","3":"status-publish","4":"format-standard","5":"has-post-thumbnail","7":"category-nantes","8":"tag-actu","9":"tag-actualites","10":"tag-architecture","11":"tag-contemporaine","12":"tag-eu","13":"tag-europe","14":"tag-fr","15":"tag-france","16":"tag-labellisee","17":"tag-nantes","18":"tag-news","19":"tag-pays-de-la-loire","20":"tag-prouve","21":"tag-remarquable","22":"tag-republique-francaise","23":"tag-station"},"share_on_mastodon":{"url":"https:\/\/pubeurope.com\/@fr\/115392534553374208","error":""},"_links":{"self":[{"href":"https:\/\/www.europesays.com\/fr\/wp-json\/wp\/v2\/posts\/471294","targetHints":{"allow":["GET"]}}],"collection":[{"href":"https:\/\/www.europesays.com\/fr\/wp-json\/wp\/v2\/posts"}],"about":[{"href":"https:\/\/www.europesays.com\/fr\/wp-json\/wp\/v2\/types\/post"}],"author":[{"embeddable":true,"href":"https:\/\/www.europesays.com\/fr\/wp-json\/wp\/v2\/users\/2"}],"replies":[{"embeddable":true,"href":"https:\/\/www.europesays.com\/fr\/wp-json\/wp\/v2\/comments?post=471294"}],"version-history":[{"count":0,"href":"https:\/\/www.europesays.com\/fr\/wp-json\/wp\/v2\/posts\/471294\/revisions"}],"wp:featuredmedia":[{"embeddable":true,"href":"https:\/\/www.europesays.com\/fr\/wp-json\/wp\/v2\/media\/471295"}],"wp:attachment":[{"href":"https:\/\/www.europesays.com\/fr\/wp-json\/wp\/v2\/media?parent=471294"}],"wp:term":[{"taxonomy":"category","embeddable":true,"href":"https:\/\/www.europesays.com\/fr\/wp-json\/wp\/v2\/categories?post=471294"},{"taxonomy":"post_tag","embeddable":true,"href":"https:\/\/www.europesays.com\/fr\/wp-json\/wp\/v2\/tags?post=471294"}],"curies":[{"name":"wp","href":"https:\/\/api.w.org\/{rel}","templated":true}]}}