{"id":471296,"date":"2025-10-18T01:18:46","date_gmt":"2025-10-18T01:18:46","guid":{"rendered":"https:\/\/www.europesays.com\/fr\/471296\/"},"modified":"2025-10-18T01:18:46","modified_gmt":"2025-10-18T01:18:46","slug":"le-nouveau-reglement-interieur-de-nantes-universite-adopte","status":"publish","type":"post","link":"https:\/\/www.europesays.com\/fr\/471296\/","title":{"rendered":"Le nouveau r\u00e8glement int\u00e9rieur de Nantes universit\u00e9 adopt\u00e9"},"content":{"rendered":"<p>Une vingtaine de personnes s\u2019est rassembl\u00e9e devant la pr\u00e9sidence de <a href=\"https:\/\/www.univ-nantes.fr\/\" target=\"_self\" rel=\"noopener\">Nantes universit\u00e9<\/a>, quai de Tourville (juste \u00e0 c\u00f4t\u00e9 du CHU) d\u00e8s 7\u00a0h\u00a030, ce vendredi 17\u00a0octobre. La circulation n\u2019a pas \u00e9t\u00e9 bloqu\u00e9e.<\/p>\n<p>La date n\u2019a pas \u00e9t\u00e9 choisie au hasard puisque c\u2019est aujourd\u2019hui qu\u2019aura lieu le vote du nouveau r\u00e8glement int\u00e9rieur de Nantes universit\u00e9 par le Conseil d\u2019administration de l\u2019\u00e9tablissement.\u00a0Depuis plusieurs semaines, <a href=\"https:\/\/nantes.maville.com\/actu\/actudet_-a-nantes-universite-les-syndicats-inquiets-pour-la-liberte-d-expression-_52716-6983417_actu.Htm\" target=\"_self\" rel=\"noopener\">plusieurs syndicats (Solidaires, Union pirates, FSE, Sud, FSU, CGT et FO) \u00e9tudiants et professionnels d\u00e9noncent ce projet qu\u2019ils jugeaient \u00ab\u00a0attentatoire \u00e0 la libert\u00e9 d\u2019expression et de r\u00e9union\u00a0\u00bb<\/a>.<\/p>\n<p><strong>\u00ab\u00a0L\u2019objectif est d\u2019interpeller les \u00e9lus du conseil d\u2019administration qui arrivent \u00e0 la pr\u00e9sidence ce vendredi et de montrer qu\u2019on se mobilise\u00a0\u00bb,<\/strong> indiquent les repr\u00e9sentants de l\u2019intersyndicale.<\/p>\n<p>Ils demandent \u00e9galement que les motions \u00e9crites dans les quatre UFR de Nantes universit\u00e9 (soci\u00e9t\u00e9, sant\u00e9, humanit\u00e9, sciences) soient prises en compte. Elles disent que malgr\u00e9 les modifications apport\u00e9es au projet de r\u00e8glement int\u00e9rieur, reste des inqui\u00e9tudes notamment sur la libert\u00e9 de r\u00e9union.<\/p>\n<p>Le nouveau r\u00e8glement int\u00e9rieur a finalement \u00e9t\u00e9 adopt\u00e9 dans la matin\u00e9e \u00e0 21 voix pour, sept voix contre et une abstention.<\/p>\n<p>\u00a0<\/p>\n","protected":false},"excerpt":{"rendered":"Une vingtaine de personnes s\u2019est rassembl\u00e9e devant la pr\u00e9sidence de Nantes universit\u00e9, quai de Tourville (juste \u00e0 c\u00f4t\u00e9&hellip;\n","protected":false},"author":2,"featured_media":471297,"comment_status":"","ping_status":"","sticky":false,"template":"","format":"standard","meta":{"footnotes":""},"categories":[2818],"tags":[1111,11,5373,1777,674,1011,27,16978,766,12,4565,2636,50322,25,5768],"class_list":{"0":"post-471296","1":"post","2":"type-post","3":"status-publish","4":"format-standard","5":"has-post-thumbnail","7":"category-nantes","8":"tag-actu","9":"tag-actualites","10":"tag-adopte","11":"tag-eu","12":"tag-europe","13":"tag-fr","14":"tag-france","15":"tag-interieur","16":"tag-nantes","17":"tag-news","18":"tag-nouveau","19":"tag-pays-de-la-loire","20":"tag-reglement","21":"tag-republique-francaise","22":"tag-universite"},"share_on_mastodon":{"url":"https:\/\/pubeurope.com\/@fr\/115392538452034547","error":""},"_links":{"self":[{"href":"https:\/\/www.europesays.com\/fr\/wp-json\/wp\/v2\/posts\/471296","targetHints":{"allow":["GET"]}}],"collection":[{"href":"https:\/\/www.europesays.com\/fr\/wp-json\/wp\/v2\/posts"}],"about":[{"href":"https:\/\/www.europesays.com\/fr\/wp-json\/wp\/v2\/types\/post"}],"author":[{"embeddable":true,"href":"https:\/\/www.europesays.com\/fr\/wp-json\/wp\/v2\/users\/2"}],"replies":[{"embeddable":true,"href":"https:\/\/www.europesays.com\/fr\/wp-json\/wp\/v2\/comments?post=471296"}],"version-history":[{"count":0,"href":"https:\/\/www.europesays.com\/fr\/wp-json\/wp\/v2\/posts\/471296\/revisions"}],"wp:featuredmedia":[{"embeddable":true,"href":"https:\/\/www.europesays.com\/fr\/wp-json\/wp\/v2\/media\/471297"}],"wp:attachment":[{"href":"https:\/\/www.europesays.com\/fr\/wp-json\/wp\/v2\/media?parent=471296"}],"wp:term":[{"taxonomy":"category","embeddable":true,"href":"https:\/\/www.europesays.com\/fr\/wp-json\/wp\/v2\/categories?post=471296"},{"taxonomy":"post_tag","embeddable":true,"href":"https:\/\/www.europesays.com\/fr\/wp-json\/wp\/v2\/tags?post=471296"}],"curies":[{"name":"wp","href":"https:\/\/api.w.org\/{rel}","templated":true}]}}