{"id":471309,"date":"2025-10-18T01:26:22","date_gmt":"2025-10-18T01:26:22","guid":{"rendered":"https:\/\/www.europesays.com\/fr\/471309\/"},"modified":"2025-10-18T01:26:22","modified_gmt":"2025-10-18T01:26:22","slug":"a-marseille-la-bonne-mere-retrouve-leclat-de-sa-couronne-marquant-la-fin-du-chantier-17-10-2025-a-2034","status":"publish","type":"post","link":"https:\/\/www.europesays.com\/fr\/471309\/","title":{"rendered":"A Marseille, la Bonne M\u00e8re retrouve l&rsquo;\u00e9clat de sa couronne marquant la fin du chantier &#8211; 17\/10\/2025 \u00e0 20:34"},"content":{"rendered":"<p>        <img fetchpriority=\"high\" decoding=\"async\" src=\"https:\/\/www.europesays.com\/fr\/wp-content\/uploads\/2025\/10\/f8e1f0de990de1e9241ca421fcfe0611-760x506.jpg\" alt=\"Des ouvriers remettent en place la couronne dor\u00e9e de la statue de la Bonne M\u00e8re, \u00e0 Marseille, le 17 octobre 2025 ( AFP \/ Christophe SIMON )\" loading=\"eager\" width=\"760\" height=\"506\" style=\"max-width: 100%!important; height: auto;\"\/><\/p>\n<p class=\"c-image-news__legend\">Des ouvriers remettent en place la couronne dor\u00e9e de la statue de la Bonne M\u00e8re, \u00e0 Marseille, le 17 octobre 2025 ( AFP \/ Christophe SIMON )<\/p>\n<p>\n Apr\u00e8s une spectaculaire op\u00e9ration d\u2019h\u00e9litreuillage, la couronne redor\u00e9e de la statue de la Bonne M\u00e8re, figure tut\u00e9laire de la ville de Marseille, a retrouv\u00e9 vendredi matin sa place, sous le regard de curieux marquant ainsi la fin du chantier de restauration.\n<\/p>\n<p>\n \u00ab\u00a0Il s&rsquo;agit du couronnement de la Vierge Marie, mais aussi du couronnement du chantier\u00a0\u00bb, s&rsquo;enthousiasme aupr\u00e8s de l&rsquo;AFP le p\u00e8re Olivier Spinosa, recteur de Notre-Dame de la Garde.\n<\/p>\n<\/p>\n<p>\n La couronne de 150 kilos et de 1,50 m de diam\u00e8tre enti\u00e8rement redor\u00e9e \u00e0 l&rsquo;or fin a \u00e9t\u00e9 plac\u00e9e dans une caisse en bois, puis sangl\u00e9e et transport\u00e9e en h\u00e9licopt\u00e8re.\n<\/p>\n<p>\n Avant d&rsquo;\u00eatre viss\u00e9e sur le sommet de la statue, un joint en plomb a \u00e9t\u00e9 pos\u00e9 pour assurer l&rsquo;\u00e9tanch\u00e9it\u00e9 de la couronne.\n<\/p>\n<p>\n Puis la coiffe a \u00e9t\u00e9 d\u00e9licatement install\u00e9e sur la t\u00eate de la vierge \u00e0 l&rsquo;enfant monumentale de Notre-Dame de la Garde, point culminant de la 2e ville de France, ont constat\u00e9 des journalistes l&rsquo;AFP.\n<\/p>\n<p>\n Le 13 ao\u00fbt, pour la premi\u00e8re fois depuis 1870, la couronne de la Bonne M\u00e8re a quitt\u00e9 le point le plus haut de la basilique.\n<\/p>\n<p>        <img decoding=\"async\" src=\"https:\/\/www.europesays.com\/fr\/wp-content\/uploads\/2025\/10\/5203c1e1d7fc2947a6a8e2883365dab3-760x506.jpg\" alt=\"Des ouvriers remettent en place la couronne dor\u00e9e de la statue de la Bonne M\u00e8re, \u00e0 Marseille, le 17 octobre 2025 ( AFP \/ Christophe SIMON )\" loading=\"eager\" width=\"760\" height=\"506\" style=\"max-width: 100%!important; height: auto;\"\/><\/p>\n<p class=\"c-image-news__legend\">Des ouvriers remettent en place la couronne dor\u00e9e de la statue de la Bonne M\u00e8re, \u00e0 Marseille, le 17 octobre 2025 ( AFP \/ Christophe SIMON )<\/p>\n<p>\n Apr\u00e8s une restauration minutieuse confi\u00e9e \u00e0 un compagnon chaudronnier aixois, elle est revenue au sanctuaire pour \u00eatre redor\u00e9e par des artisans des Ateliers Gohard.\n<\/p>\n<p>\n \u00ab\u00a0Aujourd&rsquo;hui, ce sont les derniers gestes des compagnons qui sont au sommet du clocher pour mettre leur derni\u00e8re touche \u00e0 la couronne de la Vierge et le chantier sera termin\u00e9\u00a0\u00bb, explique Xavier David, le ma\u00eetre d&rsquo;oeuvre des travaux.\n<\/p>\n<p>\n Cette \u00e9tape majeure du chantier de restauration intervient alors que la dorure touche \u00e0 sa fin, apr\u00e8s la pose en septembre de pr\u00e8s de 40.000 feuilles d&rsquo;or sur la statue de la vierge \u00e0 l&rsquo;enfant protectrice de la cit\u00e9 phoc\u00e9enne.\n<\/p>\n<p>        <img decoding=\"async\" src=\"https:\/\/www.europesays.com\/fr\/wp-content\/uploads\/2025\/10\/8a41211268b062eb6a37068997b70253-512x768.jpg\" alt=\"Un h\u00e9licopt\u00e8re Puma transporte la couronne de la Bonne M\u00e8re, le 17 octobre 2025 \u00e0 Marseille ( AFP \/ Christophe SIMON )\" loading=\"eager\" width=\"512\" height=\"768\" style=\"max-width: 100%!important; height: auto;\"\/><\/p>\n<p class=\"c-image-news__legend\">Un h\u00e9licopt\u00e8re Puma transporte la couronne de la Bonne M\u00e8re, le 17 octobre 2025 \u00e0 Marseille ( AFP \/ Christophe SIMON )<\/p>\n<p>\n L&rsquo;id\u00e9e \u00e9tait de lui redonner l&rsquo;\u00e9clat qu&rsquo;elle avait perdu \u00e0 cause du mistral, de l&rsquo;air marin et de la pollution industrielle.\n<\/p>\n<p>\n Les \u00e9chafaudages seront bient\u00f4t d\u00e9mont\u00e9s et les Marseillais retrouveront une vue d\u00e9gag\u00e9e sur la basilique.\n<\/p>\n<p>\n Avant de lancer ces travaux, le dioc\u00e8se de Marseille, propri\u00e9taire de l&rsquo;\u00e9difice, avait lanc\u00e9 une campagne de dons, proposant aux particuliers de financer une des feuilles d&rsquo;or qui ont \u00e9t\u00e9 n\u00e9cessaires \u00e0 l&rsquo;ouvrage.\n<\/p>\n<p>\n Les travaux, qui concernent \u00e9galement le pi\u00e9destal, les anges et les fa\u00e7ades, auront co\u00fbt\u00e9 environ 2,8 millions d&rsquo;euros, dont 2,2 millions rien que pour la redorure.\n<\/p>\n<p>\n La fin des op\u00e9rations est pr\u00e9vue le 7 d\u00e9cembre.<\/p>\n","protected":false},"excerpt":{"rendered":"Des ouvriers remettent en place la couronne dor\u00e9e de la statue de la Bonne M\u00e8re, \u00e0 Marseille, le&hellip;\n","protected":false},"author":2,"featured_media":471310,"comment_status":"","ping_status":"","sticky":false,"template":"","format":"standard","meta":{"footnotes":""},"categories":[2814],"tags":[400,1111,11,398,408,405,1777,674,1011,27,403,402,399,404,884,12,882,25,401,406,407],"class_list":{"0":"post-471309","1":"post","2":"type-post","3":"status-publish","4":"format-standard","5":"has-post-thumbnail","7":"category-marseille","8":"tag-action-cac-40","9":"tag-actu","10":"tag-actualites","11":"tag-bourse-de-paris","12":"tag-boursorama","13":"tag-cotations","14":"tag-eu","15":"tag-europe","16":"tag-fr","17":"tag-france","18":"tag-indices-devises","19":"tag-investir","20":"tag-investissement","21":"tag-marche-boursier","22":"tag-marseille","23":"tag-news","24":"tag-provence-alpes-cote-dazur","25":"tag-republique-francaise","26":"tag-sicav","27":"tag-trackers","28":"tag-warrants"},"share_on_mastodon":{"url":"https:\/\/pubeurope.com\/@fr\/115392570462076298","error":""},"_links":{"self":[{"href":"https:\/\/www.europesays.com\/fr\/wp-json\/wp\/v2\/posts\/471309","targetHints":{"allow":["GET"]}}],"collection":[{"href":"https:\/\/www.europesays.com\/fr\/wp-json\/wp\/v2\/posts"}],"about":[{"href":"https:\/\/www.europesays.com\/fr\/wp-json\/wp\/v2\/types\/post"}],"author":[{"embeddable":true,"href":"https:\/\/www.europesays.com\/fr\/wp-json\/wp\/v2\/users\/2"}],"replies":[{"embeddable":true,"href":"https:\/\/www.europesays.com\/fr\/wp-json\/wp\/v2\/comments?post=471309"}],"version-history":[{"count":0,"href":"https:\/\/www.europesays.com\/fr\/wp-json\/wp\/v2\/posts\/471309\/revisions"}],"wp:featuredmedia":[{"embeddable":true,"href":"https:\/\/www.europesays.com\/fr\/wp-json\/wp\/v2\/media\/471310"}],"wp:attachment":[{"href":"https:\/\/www.europesays.com\/fr\/wp-json\/wp\/v2\/media?parent=471309"}],"wp:term":[{"taxonomy":"category","embeddable":true,"href":"https:\/\/www.europesays.com\/fr\/wp-json\/wp\/v2\/categories?post=471309"},{"taxonomy":"post_tag","embeddable":true,"href":"https:\/\/www.europesays.com\/fr\/wp-json\/wp\/v2\/tags?post=471309"}],"curies":[{"name":"wp","href":"https:\/\/api.w.org\/{rel}","templated":true}]}}