{"id":471311,"date":"2025-10-18T01:27:10","date_gmt":"2025-10-18T01:27:10","guid":{"rendered":"https:\/\/www.europesays.com\/fr\/471311\/"},"modified":"2025-10-18T01:27:10","modified_gmt":"2025-10-18T01:27:10","slug":"gregory-doucet-annonce-plus-de-300-policiers-municipaux","status":"publish","type":"post","link":"https:\/\/www.europesays.com\/fr\/471311\/","title":{"rendered":"Gr\u00e9gory Doucet annonce plus de 300 policiers municipaux"},"content":{"rendered":"<p>            Par<br \/>\n        <strong><br \/>\n            <a href=\"https:\/\/actu.fr\/auteur\/nicolas-zaugra\" title=\"Consulter tous les articles de Nicolas Zaugra\" target=\"_blank\" rel=\"noopener\">Nicolas Zaugra<\/a><br \/>\n        <\/strong><\/p>\n<p>        Publi\u00e9 le<\/p>\n<p>            17 oct. 2025 \u00e0 18h15        <\/p>\n<p>C\u2019est l\u2019un des dossiers les plus difficiles du mandat de <a href=\"https:\/\/actu.fr\/auvergne-rhone-alpes\/lyon_69123\/lyon-municipales-l-interview-de-gregory-doucet-agace-jean-michel-aulas-un-signalement-fait_63278692.html\" target=\"_blank\" rel=\"noopener\">Gr\u00e9gory Doucet<\/a>. Le maire de <a href=\"https:\/\/actu.fr\/auvergne-rhone-alpes\/lyon_69123\" target=\"_blank\" rel=\"noopener\">Lyon<\/a> a promis 365 agents d\u2019ici la fin de son mandat en 2026. Selon des chiffres communiqu\u00e9s par la mairie, <strong>les effectifs comptent 307 policiers municipaux<\/strong> \u00e0 date de fin septembre 2025.<\/p>\n<p class=\" wall-content\">\u00ab\u00a0Je regarde ce qu\u2019on a fait, on n\u2019a jamais autant recrut\u00e9 de policiers municipaux que sous ce mandat : + 90 % que le pr\u00e9c\u00e9dent. On vient de franchir la barre des 300 (307 au moment o\u00f9 je vous parle), notre objectif reste de 365 policiers municipaux, on avance, l\u2019ambition est pos\u00e9e, et je partage le constat de la n\u00e9cessit\u00e9 qu\u2019il y ait davantage de policiers municipaux comme nationaux dans cette ville\u00a0\u00bb, d\u00e9voilait Gr\u00e9gory Doucet dans une interview publi\u00e9e sur <a href=\"https:\/\/actu.fr\/auvergne-rhone-alpes\/lyon_69123\/municipales-2026-gregory-doucet-charge-jean-michel-aulas-il-insulte-les-lyonnais_63271850.html\" target=\"_blank\" rel=\"noopener\">actu Lyon<\/a> le 9 octobre.<\/p>\n<blockquote class=\"ac-article-quote wall-content\">\n<p>On a fait une estimation du nombre qu&rsquo;il nous paraissait n\u00e9cessaire, car je souhaite davantage de policiers municipaux qui puissent patrouiller, intervenir quand c&rsquo;est n\u00e9cessaire, pr\u00e9venir autant que possible&#8230; On a beaucoup d\u2019intervention de la police municipale dans les \u00e9coles comme dans le soutien aux acteurs de l\u2019\u00e9ducation populaire.<\/p>\n<p>    <strong>Gr\u00e9gory Doucet<\/strong>\n            <\/p><\/blockquote>\n<p>L\u2019objectif de 365 agents toujours affirm\u00e9<\/p>\n<p class=\" wall-content\">Selon les chiffres que nous avons pu consulter, l\u2019ann\u00e9e 2025 pas encore termin\u00e9e pr\u00e9sente un solde positif de 26 agents nouveaux (en solde d\u00e9finitif) cette ann\u00e9e avec <strong>49 recrutements<\/strong>, 11 mutations, quatre d\u00e9parts \u00e0 la retraite et huit d\u00e9parts pour d\u2019autres raisons.<\/p>\n<p class=\" wall-content\">Sur l\u2019ensemble du mandat, la municipalit\u00e9 pr\u00e9sente le recrutement de 204 agents mais avec 106 mutations, 44 d\u00e9parts \u00e0 la retraite et 45 d\u00e9parts divers.<\/p>\n<p class=\" wall-content\">Alors qu\u2019il reste quelques mois pour son mandat, Gr\u00e9gory Doucet croit toujours \u00e0 son objectif final de recrutement. Mais, les oppositions comme certains syndicats comme FO doutent que \u00e7a soit r\u00e9alisable. En septembre, Force Ouvri\u00e8re regrettait un d\u00e9calage \u00ab\u00a0entre la r\u00e9alit\u00e9 et les chiffres avanc\u00e9s\u00a0\u00bb.<\/p>\n<p class=\" wall-content\">\u00ab\u00a0Au 1er ao\u00fbt, on avait atteint la barre des 300 agents. Aujourd\u2019hui, nous en sommes \u00e0 307 policiers municipaux\u00a0\u00bb, expliquait d\u00e9j\u00e0 lors du dernier conseil municipal l\u2019adjoint \u00e0 la S\u00e9curit\u00e9 <a href=\"https:\/\/actu.fr\/auvergne-rhone-alpes\/lyon_69123\/lyon-mohamed-chihi-adjoint-au-maire-a-la-securite-la-ville-s-est-calmee-partout_62778548.html\" target=\"_blank\" rel=\"noopener\">Mohamed Chihi<\/a>.<\/p>\n<p class=\" wall-content\">Personnalisez votre actualit\u00e9 en ajoutant vos villes et m\u00e9dias en favori avec <a href=\"https:\/\/moncompte.actu.fr\" title=\"D\u00e9couvez Mon Actu\" rel=\"nofollow noopener\" data-trk=\"{&quot;cta&quot;:{&quot;action&quot;:&quot;https:\\\/\\\/moncompte.actu.fr&quot;,&quot;category&quot;:&quot;mon compte&quot;,&quot;from&quot;:&quot;article footer&quot;,&quot;name&quot;:&quot;Mon actu&quot;,&quot;type&quot;:&quot;cta&quot;}}\" target=\"_blank\">Mon Actu<\/a>.<\/p>\n","protected":false},"excerpt":{"rendered":"Par Nicolas Zaugra Publi\u00e9 le 17 oct. 2025 \u00e0 18h15 C\u2019est l\u2019un des dossiers les plus difficiles du&hellip;\n","protected":false},"author":2,"featured_media":471312,"comment_status":"","ping_status":"","sticky":false,"template":"","format":"standard","meta":{"footnotes":""},"categories":[1889],"tags":[1111,11,2430,1777,674,1011,27,5226,2428,12,1072,25,104],"class_list":{"0":"post-471311","1":"post","2":"type-post","3":"status-publish","4":"format-standard","5":"has-post-thumbnail","7":"category-lyon","8":"tag-actu","9":"tag-actualites","10":"tag-auvergne-rhone-alpes","11":"tag-eu","12":"tag-europe","13":"tag-fr","14":"tag-france","15":"tag-gregory-doucet","16":"tag-lyon","17":"tag-news","18":"tag-police","19":"tag-republique-francaise","20":"tag-societe"},"share_on_mastodon":{"url":"https:\/\/pubeurope.com\/@fr\/115392573837183718","error":""},"_links":{"self":[{"href":"https:\/\/www.europesays.com\/fr\/wp-json\/wp\/v2\/posts\/471311","targetHints":{"allow":["GET"]}}],"collection":[{"href":"https:\/\/www.europesays.com\/fr\/wp-json\/wp\/v2\/posts"}],"about":[{"href":"https:\/\/www.europesays.com\/fr\/wp-json\/wp\/v2\/types\/post"}],"author":[{"embeddable":true,"href":"https:\/\/www.europesays.com\/fr\/wp-json\/wp\/v2\/users\/2"}],"replies":[{"embeddable":true,"href":"https:\/\/www.europesays.com\/fr\/wp-json\/wp\/v2\/comments?post=471311"}],"version-history":[{"count":0,"href":"https:\/\/www.europesays.com\/fr\/wp-json\/wp\/v2\/posts\/471311\/revisions"}],"wp:featuredmedia":[{"embeddable":true,"href":"https:\/\/www.europesays.com\/fr\/wp-json\/wp\/v2\/media\/471312"}],"wp:attachment":[{"href":"https:\/\/www.europesays.com\/fr\/wp-json\/wp\/v2\/media?parent=471311"}],"wp:term":[{"taxonomy":"category","embeddable":true,"href":"https:\/\/www.europesays.com\/fr\/wp-json\/wp\/v2\/categories?post=471311"},{"taxonomy":"post_tag","embeddable":true,"href":"https:\/\/www.europesays.com\/fr\/wp-json\/wp\/v2\/tags?post=471311"}],"curies":[{"name":"wp","href":"https:\/\/api.w.org\/{rel}","templated":true}]}}