{"id":471319,"date":"2025-10-18T01:32:11","date_gmt":"2025-10-18T01:32:11","guid":{"rendered":"https:\/\/www.europesays.com\/fr\/471319\/"},"modified":"2025-10-18T01:32:11","modified_gmt":"2025-10-18T01:32:11","slug":"previsions-du-samedi-18-octobre-2025-8","status":"publish","type":"post","link":"https:\/\/www.europesays.com\/fr\/471319\/","title":{"rendered":"pr\u00e9visions du samedi 18 octobre 2025"},"content":{"rendered":"<p class=\"mb-4 text-lg md:leading-8 break-words\"><strong>M\u00e9t\u00e9o &#8211; Aujourd&rsquo;hui, des nuages se montreront. Les temp\u00e9ratures seront de 11\u00b0C le matin et de 16\u00b0C l&rsquo;apr\u00e8s-midi&#8230;<\/strong><\/p>\n<p class=\"mb-4 text-lg md:leading-8 break-words\">Un ciel voil\u00e9 pour Paris avec une apparition de nuages est annonc\u00e9 dans la journ\u00e9e. Les valeurs s&rsquo;\u00e9chelonneront entre 8 et 17\u00b0C. En revanche, le soleil appara\u00eet l\u00e9g\u00e8rement le matin. Ces \u00e9claircies devraient ravir les habitants. Un vent d&rsquo;est soufflera l\u00e9g\u00e8rement, avec 12 km\/h. Malheureusement, il y aura encore des nuages l&rsquo;apr\u00e8s-midi. D&rsquo;un autre c\u00f4t\u00e9, les temp\u00e9ratures vont conna\u00eetre une hausse de plusieurs degr\u00e9s. Les maximales atteindront les 17\u00b0C tandis que les minimales seront de 14\u00b0C. Le soir, toujours des nuages dans le ciel qui emp\u00eachent le soleil de faire son apparition. Entre samedi et dimanche, la nuit sera claire.<\/p>\n<p class=\"mb-4 text-lg md:leading-8 break-words\">L&rsquo;arriv\u00e9e du soleil demain \u00e0 Paris sera retard\u00e9e par beaucoup de nuages. Les nuages seront visibles. C&rsquo;est une hausse de quelques degr\u00e9s que vont enregistrer les temp\u00e9ratures. Ces valeurs afficheront entre 11 et 16\u00b0C. Une petite brise de sud sera ressentie par les habitants. En revanche, on pr\u00e9voit une embellie pour cette matin\u00e9e. Pour demain apr\u00e8s-midi, de la bruine l\u00e9g\u00e8re va tomber sur la ville. Les valeurs seront comprises entre 15 et 16\u00b0C. Des pluies \u00e9parses tomberont dans la soir\u00e9e.<\/p>\n<p class=\"mb-4 text-lg md:leading-8 break-words\">Une d\u00e9gradation est attendue les prochains jours. Des temp\u00e9ratures dans les 16\u00b0C accompagneront un ciel pluvieux.<\/p>\n<p class=\"mb-4 text-lg md:leading-8 break-words\"><a href=\"https:\/\/www.20minutes.fr\/planete\/previsions-meteo\/4180094-20251018-meteo-paris-previsions-samedi-18-octobre-2025?at_medium=RSS%20feed&amp;at_campaign=ynews&amp;utm_source=yahoo&amp;utm_medium=rss&amp;utm_campaign=news_feed&amp;utm_content=read_more_link&quot;\" rel=\"nofollow noopener\" target=\"_blank\" data-ylk=\"slk:Lire la suite sur 20minutes;elm:context_link;itc:0;sec:content-canvas\" class=\"link \">Lire la suite sur 20minutes<\/a><\/p>\n","protected":false},"excerpt":{"rendered":"M\u00e9t\u00e9o &#8211; Aujourd&rsquo;hui, des nuages se montreront. Les temp\u00e9ratures seront de 11\u00b0C le matin et de 16\u00b0C l&rsquo;apr\u00e8s-midi&#8230;&hellip;\n","protected":false},"author":2,"featured_media":471320,"comment_status":"","ping_status":"","sticky":false,"template":"","format":"standard","meta":{"footnotes":""},"categories":[1888],"tags":[1111,1928,11,1927,1777,674,1011,27,44166,2487,12,1926,626,1925,25],"class_list":{"0":"post-471319","1":"post","2":"type-post","3":"status-publish","4":"format-standard","5":"has-post-thumbnail","7":"category-paris","8":"tag-actu","9":"tag-actu-paris","10":"tag-actualites","11":"tag-actualites-paris","12":"tag-eu","13":"tag-europe","14":"tag-fr","15":"tag-france","16":"tag-le-matin","17":"tag-meteo","18":"tag-news","19":"tag-news-paris","20":"tag-paris","21":"tag-paris-news","22":"tag-republique-francaise"},"share_on_mastodon":{"url":"https:\/\/pubeurope.com\/@fr\/115392593562983177","error":""},"_links":{"self":[{"href":"https:\/\/www.europesays.com\/fr\/wp-json\/wp\/v2\/posts\/471319","targetHints":{"allow":["GET"]}}],"collection":[{"href":"https:\/\/www.europesays.com\/fr\/wp-json\/wp\/v2\/posts"}],"about":[{"href":"https:\/\/www.europesays.com\/fr\/wp-json\/wp\/v2\/types\/post"}],"author":[{"embeddable":true,"href":"https:\/\/www.europesays.com\/fr\/wp-json\/wp\/v2\/users\/2"}],"replies":[{"embeddable":true,"href":"https:\/\/www.europesays.com\/fr\/wp-json\/wp\/v2\/comments?post=471319"}],"version-history":[{"count":0,"href":"https:\/\/www.europesays.com\/fr\/wp-json\/wp\/v2\/posts\/471319\/revisions"}],"wp:featuredmedia":[{"embeddable":true,"href":"https:\/\/www.europesays.com\/fr\/wp-json\/wp\/v2\/media\/471320"}],"wp:attachment":[{"href":"https:\/\/www.europesays.com\/fr\/wp-json\/wp\/v2\/media?parent=471319"}],"wp:term":[{"taxonomy":"category","embeddable":true,"href":"https:\/\/www.europesays.com\/fr\/wp-json\/wp\/v2\/categories?post=471319"},{"taxonomy":"post_tag","embeddable":true,"href":"https:\/\/www.europesays.com\/fr\/wp-json\/wp\/v2\/tags?post=471319"}],"curies":[{"name":"wp","href":"https:\/\/api.w.org\/{rel}","templated":true}]}}