{"id":471331,"date":"2025-10-18T01:38:14","date_gmt":"2025-10-18T01:38:14","guid":{"rendered":"https:\/\/www.europesays.com\/fr\/471331\/"},"modified":"2025-10-18T01:38:14","modified_gmt":"2025-10-18T01:38:14","slug":"amener-les-relations-entre-le-vietnam-et-le-royaume-uni-a-un-nouveau-stade-de-developpement","status":"publish","type":"post","link":"https:\/\/www.europesays.com\/fr\/471331\/","title":{"rendered":"Amener les relations entre le Vietnam et le Royaume-Uni \u00e0 un nouveau stade de d\u00e9veloppement"},"content":{"rendered":"<p class=\"PlaygroundEditorTheme__paragraph\" dir=\"ltr\">Dans l&rsquo;apr\u00e8s-midi du 17 octobre, au si\u00e8ge du Comit\u00e9 central du Parti, le secr\u00e9taire g\u00e9n\u00e9ral <a class=\"data-link\" data-org-href=\"https:\/\/www.vietnam.vn\/tag\/to-lam\" href=\"https:\/\/www.vietnam.vn\/tag\/to-lam\" title=\"\u00c0 Lam\" target=\"_blank\" rel=\"noopener\">To Lam<\/a> a re\u00e7u l&rsquo;ambassadeur britannique au Vietnam, Iain Frew.<\/p>\n<p class=\"PlaygroundEditorTheme__paragraph\" dir=\"ltr\"> Lors de la r\u00e9union, <a class=\"data-link\" data-org-href=\"https:\/\/www.vietnam.vn\/tag\/tong-bi-thu\" href=\"https:\/\/www.vietnam.vn\/tag\/tong-bi-thu\" title=\"Secr\u00e9taire g\u00e9n\u00e9ral\" target=\"_blank\" rel=\"noopener\">le secr\u00e9taire g\u00e9n\u00e9ral<\/a> To Lam s&rsquo;est r\u00e9joui de l&rsquo;\u00e9volution positive des relations bilat\u00e9rales ces derniers temps ; a affirm\u00e9 que les relations bilat\u00e9rales se sont d\u00e9velopp\u00e9es de mani\u00e8re substantielle et efficace dans tous les domaines, \u00e0 la hauteur du niveau du partenariat strat\u00e9gique Vietnam-Royaume-Uni ; et a hautement appr\u00e9ci\u00e9 le r\u00f4le de l&rsquo;ambassadeur, qui a contribu\u00e9 de mani\u00e8re significative aux r\u00e9alisations de la coop\u00e9ration bilat\u00e9rale. <\/p>\n<p class=\"PlaygroundEditorTheme__paragraph\" dir=\"ltr\"><img loading=\"lazy\" decoding=\"async\" src=\"https:\/\/vstatic.vietnam.vn\/vietnam\/resource\/IMAGE\/2025\/10\/18\/1760742970183_photo-1760714496963-17607144973851511819481.\" alt=\"Amener les relations entre le Vietnam et le Royaume-Uni \u00e0 un nouveau stade de d\u00e9veloppement - Photo 1.\" width=\"1132\" height=\"897\"\/><\/p>\n<p class=\"PlaygroundEditorTheme__paragraph\" dir=\"ltr\"> Le secr\u00e9taire g\u00e9n\u00e9ral To Lam re\u00e7oit l&rsquo;ambassadeur Iain Frew<\/p>\n<p class=\"PlaygroundEditorTheme__paragraph\" dir=\"ltr\"> Photo : VNA<\/p>\n<p class=\"PlaygroundEditorTheme__paragraph\" dir=\"ltr\"> Exprimant sa satisfaction quant aux r\u00e9sultats positifs de la coop\u00e9ration entre les deux pays, le Secr\u00e9taire g\u00e9n\u00e9ral To Lam a estim\u00e9 que les relations entre les deux pays ont encore beaucoup de potentiel de d\u00e9veloppement, notamment dans les domaines de la d\u00e9fense et de la s\u00e9curit\u00e9, des finances et de la monnaie, <a class=\"data-link\" data-org-href=\"https:\/\/www.vietnam.vn\/category\/giao-duc\" href=\"https:\/\/www.vietnam.vn\/category\/giao-duc\" title=\"\u00e9ducation\" target=\"_blank\" rel=\"noopener\">de l&rsquo;\u00e9ducation<\/a> et de la formation, de la science et de la technologie, du travail, de la conversion \u00e9nerg\u00e9tique, de la r\u00e9ponse au changement climatique, en particulier de la culture, des sports et des \u00e9changes interpersonnels, ce qui a ouvert la voie \u00e0 la coop\u00e9ration dans d&rsquo;autres domaines.<\/p>\n<p class=\"PlaygroundEditorTheme__paragraph\" dir=\"ltr\"> Le secr\u00e9taire g\u00e9n\u00e9ral To Lam a affirm\u00e9 que le Parti et l&rsquo;\u00c9tat vietnamiens attachent toujours de l&rsquo;importance et accordent une attention particuli\u00e8re au renforcement et \u00e0 l&rsquo;amener \u00e0 une nouvelle \u00e9tape de d\u00e9veloppement du partenariat strat\u00e9gique Vietnam-Royaume-Uni, r\u00e9pondant aux attentes des peuples des deux pays, en mati\u00e8re de paix, de coop\u00e9ration et de d\u00e9veloppement dans la r\u00e9gion et dans le monde.<\/p>\n<p class=\"PlaygroundEditorTheme__paragraph\" dir=\"ltr\"> Les deux parties ont \u00e9galement soulign\u00e9 l&rsquo;importance des piliers de la coop\u00e9ration \u00e9conomique, commerciale et d&rsquo;investissement. Actuellement, le Royaume-Uni est un partenaire commercial important du Vietnam en Europe et le 15e investisseur sur 152 pays et territoires investissant au Vietnam. Le Vietnam est le deuxi\u00e8me partenaire commercial du Royaume-Uni au sein de l&rsquo;ASEAN.<\/p>\n<p class=\"PlaygroundEditorTheme__paragraph\" dir=\"ltr\"> Fran\u00e7ais L&rsquo;Ambassadeur britannique Iain Frew a remerci\u00e9 le Secr\u00e9taire g\u00e9n\u00e9ral To Lam d&rsquo;avoir pris le temps de le recevoir ; il s&rsquo;est r\u00e9joui du bon d\u00e9veloppement des relations bilat\u00e9rales, en particulier dans le contexte de la c\u00e9l\u00e9bration par les deux pays du 15e anniversaire de l&rsquo;\u00e9tablissement du Partenariat strat\u00e9gique ; il a affirm\u00e9 que le Royaume-Uni attache de l&rsquo;importance au d\u00e9veloppement du Partenariat strat\u00e9gique avec le Vietnam, consid\u00e9rant le Vietnam comme l&rsquo;un des partenaires les plus importants du Royaume-Uni dans la r\u00e9gion. L&rsquo;Ambassadeur Iain Frew s&rsquo;est dit convaincu que les \u00e9changes de d\u00e9l\u00e9gations de haut niveau entre les deux pays dans les temps \u00e0 venir cr\u00e9eront une force motrice puissante, portant la coop\u00e9ration bilat\u00e9rale \u00e0 de nouveaux sommets, en particulier dans les domaines de la d\u00e9fense et de la s\u00e9curit\u00e9, des sciences et technologies, de l&rsquo;innovation, du d\u00e9veloppement des centres financiers internationaux, de la croissance verte, du d\u00e9veloppement durable, du tourisme et des \u00e9changes interpersonnels.<\/p>\n<p class=\"PlaygroundEditorTheme__paragraph\" dir=\"ltr\"> Les deux parties ont affirm\u00e9 qu&rsquo;elles continueront \u00e0 se coordonner \u00e9troitement dans la coop\u00e9ration bilat\u00e9rale et dans les forums multilat\u00e9raux, en particulier aux Nations Unies ; \u00e0 promouvoir conjointement la paix, la stabilit\u00e9, la s\u00e9curit\u00e9 et la coop\u00e9ration dans la r\u00e9gion ; et \u00e0 approfondir et \u00e0 accro\u00eetre l&rsquo;efficacit\u00e9 du partenariat strat\u00e9gique, conform\u00e9ment aux int\u00e9r\u00eats des deux pays.<\/p>\n<p class=\"PlaygroundEditorTheme__paragraph\" dir=\"ltr\"> Source: https:\/\/thanhnien.vn\/dua-quan-he-viet-anh-sang-giai-doan-phat-trien-moi-185251017222236613.htm<\/p>\n","protected":false},"excerpt":{"rendered":"Dans l&rsquo;apr\u00e8s-midi du 17 octobre, au si\u00e8ge du Comit\u00e9 central du Parti, le secr\u00e9taire g\u00e9n\u00e9ral To Lam a&hellip;\n","protected":false},"author":2,"featured_media":471332,"comment_status":"","ping_status":"","sticky":false,"template":"","format":"standard","meta":{"footnotes":""},"categories":[1588],"tags":[11,1777,674,12,2403,59499,9788,473,1853,17058,1851,1850,1852],"class_list":{"0":"post-471331","1":"post","2":"type-post","3":"status-publish","4":"format-standard","5":"has-post-thumbnail","7":"category-royaume-uni","8":"tag-actualites","9":"tag-eu","10":"tag-europe","11":"tag-news","12":"tag-paix","13":"tag-partenaires-strategiques","14":"tag-relations-bilaterales","15":"tag-royaume-uni","16":"tag-royaume-uni-de-grande-bretagne-et-dirlande-du-nord","17":"tag-secretaire-general-to-lam","18":"tag-uk","19":"tag-united-kingdom","20":"tag-united-kingdom-of-great-britain-and-northern-ireland"},"share_on_mastodon":{"url":"https:\/\/pubeurope.com\/@fr\/115392617853001777","error":""},"_links":{"self":[{"href":"https:\/\/www.europesays.com\/fr\/wp-json\/wp\/v2\/posts\/471331","targetHints":{"allow":["GET"]}}],"collection":[{"href":"https:\/\/www.europesays.com\/fr\/wp-json\/wp\/v2\/posts"}],"about":[{"href":"https:\/\/www.europesays.com\/fr\/wp-json\/wp\/v2\/types\/post"}],"author":[{"embeddable":true,"href":"https:\/\/www.europesays.com\/fr\/wp-json\/wp\/v2\/users\/2"}],"replies":[{"embeddable":true,"href":"https:\/\/www.europesays.com\/fr\/wp-json\/wp\/v2\/comments?post=471331"}],"version-history":[{"count":0,"href":"https:\/\/www.europesays.com\/fr\/wp-json\/wp\/v2\/posts\/471331\/revisions"}],"wp:featuredmedia":[{"embeddable":true,"href":"https:\/\/www.europesays.com\/fr\/wp-json\/wp\/v2\/media\/471332"}],"wp:attachment":[{"href":"https:\/\/www.europesays.com\/fr\/wp-json\/wp\/v2\/media?parent=471331"}],"wp:term":[{"taxonomy":"category","embeddable":true,"href":"https:\/\/www.europesays.com\/fr\/wp-json\/wp\/v2\/categories?post=471331"},{"taxonomy":"post_tag","embeddable":true,"href":"https:\/\/www.europesays.com\/fr\/wp-json\/wp\/v2\/tags?post=471331"}],"curies":[{"name":"wp","href":"https:\/\/api.w.org\/{rel}","templated":true}]}}