{"id":471341,"date":"2025-10-18T01:43:20","date_gmt":"2025-10-18T01:43:20","guid":{"rendered":"https:\/\/www.europesays.com\/fr\/471341\/"},"modified":"2025-10-18T01:43:20","modified_gmt":"2025-10-18T01:43:20","slug":"quil-indique-ou-il-a-dissimule-sa-depouille","status":"publish","type":"post","link":"https:\/\/www.europesays.com\/fr\/471341\/","title":{"rendered":"Qu&rsquo;il indique o\u00f9 il a dissimul\u00e9 sa d\u00e9pouille"},"content":{"rendered":"<p>            Par<br \/>\n        <strong><br \/>\n            <a href=\"https:\/\/actu.fr\/auteur\/redaction-toulouse\" title=\"Consulter tous les articles de R\u00e9daction de Toulouse\" target=\"_blank\" rel=\"noopener\">R\u00e9daction de Toulouse<\/a><br \/>\n        <\/strong><\/p>\n<p>        Publi\u00e9 le<\/p>\n<p>            17 oct. 2025 \u00e0 6h52<br \/>\n        ; mis \u00e0 jour le 17 oct. 2025 \u00e0 18h55    <\/p>\n<p>L&rsquo;essentiel<\/p>\n<ul>\n<li>C\u00e9dric Jubillar a \u00e9t\u00e9 condamn\u00e9 ce vendredi \u00e0 30 ans de r\u00e9clusion criminelle pour le meurtre de sa femme Delphine.<\/li>\n<li>Les parties civiles ont salu\u00e9 cette d\u00e9cision et les avocats des enfants l&rsquo;ont appel\u00e9 \u00e0 \u00ab\u00a0indiquer o\u00f9 il a dissimul\u00e9 la d\u00e9pouille de sa femme\u00a0\u00bb.<\/li>\n<li>Les avocats de C\u00e9dric Jubillar ont, eux, annonc\u00e9 qu&rsquo;ils allaient faire appel, car \u00ab\u00a0cet homme va continuer \u00e0 clamer son innocence\u00a0\u00bb.<\/li>\n<\/ul>\n<p>C\u2019\u00e9tait le grand jour pour <a href=\"https:\/\/actu.fr\/occitanie\/albi_81004\/proces-jubillar-une-anguille-insaisissable-face-a-un-ange-sans-tombeau-l-analyse-edifiante-de-cet-avocat_63298776.html\" target=\"_blank\" rel=\"noopener\">C\u00e9dric Jubillar<\/a>. Ce vendredi 17\u00a0octobre 2025, au terme de quatre semaines de proc\u00e8s, celui qui \u00e9tait accus\u00e9 d\u2019avoir tu\u00e9 <a href=\"https:\/\/actu.fr\/dossier\/disparition-de-delphine-jubillar-quelles-sont-les-dernieres-infos-sur-l-affaire_40171277.html\" target=\"_blank\" rel=\"noopener\">son \u00e9pouse Delphine<\/a> a \u00e9t\u00e9 fix\u00e9 sur son sort. <strong>Le verdict est tomb\u00e9 en milieu d\u2019apr\u00e8s-midi.<\/strong> Bien qu\u2019il ait toujours clam\u00e9 qu\u2019il n\u2019avait rien \u00e0 voir avec la disparition de son \u00e9pouse, survenue dans la nuit du 15 au 16\u00a0d\u00e9cembre 2020, C\u00e9dric Jubillar a \u00e9t\u00e9 condamn\u00e9 \u00e0 <strong>30\u00a0ans de r\u00e9clusion criminelle<\/strong>. Ses avocats ont annonc\u00e9 leur volont\u00e9 de <strong>faire appel<\/strong> dans la foul\u00e9e. Dans cette affaire sans corps, sans aveux et sans sc\u00e8ne de crime, c\u2019est un faisceau d\u2019indices concordants qui a conduit \u00e0 la d\u00e9cision finale des neuf jur\u00e9s, qui l\u2019ont condamn\u00e9 en leur intime conviction. Revivez <strong>l\u2019ultime journ\u00e9e de ce proc\u00e8s in\u00e9dit <\/strong>en temps r\u00e9el ci-dessous.<\/p>\n<p class=\" wall-content\"><strong>Direct anim\u00e9 par Ana\u00eblle Montagne et Guillaume Laurens<\/strong><\/p>\n<p>18h55. Fin du direct, merci de votre fid\u00e9lit\u00e9<\/p>\n<p class=\" wall-content\">C\u2019est la fin de ce direct, qui se termine donc sur<a href=\"https:\/\/actu.fr\/occitanie\/albi_81004\/cedric-jubillar-reconnu-coupable-du-meurtre-de-sa-femme-delphine-et-condamne-a-30-ans-de-prison_63312619.html\" target=\"_blank\" rel=\"noopener\"> la condamnation de C\u00e9dric Jubillar \u00e0 30\u00a0ans de r\u00e9clusion criminelle<\/a> pour le meurtre de son \u00e9pouse Delphine. Merci \u00e0 tous, chers lecteurs, de nous avoir suivis durant ces quatre semaines d\u2019audience o\u00f9 nos journalistes se sont mobilis\u00e9s pour vous faire vivre au plus pr\u00e8s du terrain les temps forts de ce proc\u00e8s.<\/p>\n<p>18h30. La r\u00e9action d\u2019un avocat des proches de Delphine en vid\u00e9o<br \/>\n    <a href=\"https:\/\/www.facebook.com\/plugins\/video.php?height=476&amp;href=https%3A%2F%2Fwww.facebook.com%2Freel%2F1150571113168613%2F&amp;show_text=false&amp;width=350&amp;t=0\" title=\"Ouvrie le lien\" target=\"_blank\" rel=\"noopener\">Cliquez ici pour visualiser le contenu<\/a><\/p>\n<p>18h15. Les dommages et int\u00e9r\u00eats demand\u00e9s par les parties civiles<\/p>\n<p class=\" wall-content\">\u00c0 la suite du verdict s\u2019est tenue une audience sur les int\u00e9r\u00eats civils, durant laquelle les parties civiles ont pu demander <strong>des dommages et int\u00e9r\u00eats<\/strong>. Anne, la meilleure amie de Delphine, a demand\u00e9 un euro symbolique. Nadine, la m\u00e8re de C\u00e9dric Jubillar, n\u2019a \u00e9mis aucune demande. Elle l\u2019avait dit, elle se portait partie civile uniquement <strong>pour que ses petits-enfants obtiennent la v\u00e9rit\u00e9<\/strong>, notamment en ayant acc\u00e8s au dossier.<\/p>\n<p class=\" wall-content\">Les fr\u00e8res et s\u0153urs de Delphine demandent <strong>30\u2009000\u00a0euros de dommages et int\u00e9r\u00eats<\/strong>, et 20\u2009000 euros pour le pr\u00e9judice d\u2019attente. Enfin, Me Malika Chmani, l\u2019avocate de la repr\u00e9sentante l\u00e9gale des enfants Jubillar, demande <strong>la d\u00e9ch\u00e9ance des droits parentaux<\/strong> de C\u00e9dric Jubillar. \u00c0 cette annonce, il est rest\u00e9 impassible. Cette d\u00e9cision devra \u00eatre rendue \u00e0 l\u2019occasion d\u2019une audience civile ult\u00e9rieure, le 1er d\u00e9cembre 2025.<\/p>\n<p>Vid\u00e9os : en ce moment sur Actu17h00. La r\u00e9action des avocats des enfants Jubillar en vid\u00e9o<br \/>\n    <a href=\"https:\/\/www.facebook.com\/plugins\/video.php?height=476&amp;href=https%3A%2F%2Fwww.facebook.com%2Freel%2F1337082667960705%2F&amp;show_text=false&amp;width=350&amp;t=0\" title=\"Ouvrie le lien\" target=\"_blank\" rel=\"noopener\">Cliquez ici pour visualiser le contenu<\/a><\/p>\n<p>16h30. La r\u00e9action des avocats de C\u00e9dric Jubillar en vid\u00e9o<br \/>\n    <a href=\"https:\/\/www.facebook.com\/plugins\/video.php?height=476&amp;href=https%3A%2F%2Fwww.facebook.com%2Freel%2F840436105080892%2F&amp;show_text=false&amp;width=350&amp;t=0\" title=\"Ouvrie le lien\" target=\"_blank\" rel=\"noopener\">Cliquez ici pour visualiser le contenu<\/a><\/p>\n<p>Votre r\u00e9gion, votre actu !<\/p>\n<p>Recevez chaque jour les infos qui comptent pour vous.<\/p>\n<p>\t<a href=\"https:\/\/actu.fr\/newsletter\" class=\"ac-btn ac-btn--corner ac-btn--medium ac-btn--blue800\" target=\"_blank\" rel=\"noopener\">S&rsquo;incrire<\/a><br \/>\n16h20. C\u00e9dric Jubillar quitte Albi pour Toulouse-Seysses<\/p>\n<p class=\" wall-content\"><strong>C\u00e9dric Jubillar vient de quitter le Palais de justice<\/strong> d\u2019Albi (Tarn) pour retourner \u00e0 la maison d\u2019arr\u00eat de Toulouse-Seysses, o\u00f9 il \u00e9tait d\u00e9j\u00e0 <strong>incarc\u00e9r\u00e9 pour le meurtre<\/strong> de son \u00e9pouse. Le public est nombreux dans la rue pour tenter de l\u2019apercevoir dans le v\u00e9hicule banalis\u00e9 de l\u2019administration p\u00e9nitentiaire.<\/p>\n<p class=\" wall-content\">\n<p>16h15. C\u00e9dric Jubillar va-t-il perdre son autorit\u00e9 parentale\u2009?<\/p>\n<p class=\" wall-content\">Une seconde audience \u2013 au civil, cette fois \u2013 vient de se terminer, pour statuer sur <strong>l\u2019autorit\u00e9 parentale<\/strong> de C\u00e9dric Jubillar, que les parties civiles souhaitent lui retirer. L\u2019audience civile est donc termin\u00e9e\u2009: les arr\u00eats sur l\u2019autorit\u00e9 parentale et les int\u00e9r\u00eats civils seront rendus le 1er\u00a0d\u00e9cembre 2025, indique notre journaliste sur place.<\/p>\n<p>15h50. \u00ab\u2009C\u2019est la v\u00e9rit\u00e9 qui a gagn\u00e9 sur le mensonge\u2009\u00bb, pour la famille de Delphine<\/p>\n<p class=\" wall-content\">Interrog\u00e9 au pied du tribunal, Me <strong>Mourad Battikh<\/strong>, avocat d\u2019une partie de la famille de la victime, se r\u00e9jouit. \u00ab\u2009C\u2019est une victoire pour les parties civiles, \u00e7a fait 5\u00a0ans qu\u2019elles sont priv\u00e9es de corps, priv\u00e9es de s\u00e9pulture, priv\u00e9es de tombe, priv\u00e9es de la v\u00e9rit\u00e9. Aujourd\u2019hui c\u2019est la v\u00e9rit\u00e9 qui a gagn\u00e9 sur le mensonge\u2009\u00bb.<\/p>\n<p class=\" wall-content\">Il continue\u2009: \u00ab\u2009\u00c7a fait 4\u00a0ans et demi qu\u2019on s\u2019\u00e9gosille \u00e0 dire que ce dossier n\u2019est pas vide, qu\u2019il y a des preuves, des indices, une sc\u00e8ne de crime, et que s\u2019il y a une sc\u00e8ne de crime il y a un criminel.\u2009\u00bb<\/p>\n<blockquote class=\"ac-article-quote wall-content\">\n<p>J\u2019ai un de mes clients qui est sur une civi\u00e8re parce que la pression est retomb\u00e9e et c\u2019est difficile d\u2019absorber cette \u00e9motion. Aujourd\u2019hui, c\u2019est une satisfaction, non pas que l\u2019on se satisfasse qu\u2019un homme soit en prison, mais au moins que la v\u00e9rit\u00e9 ait pu \u00e9merger.<\/p>\n<p>    <strong>Me Mourad Battikh<\/strong><br \/>\n        Avocat d\u2019une partie de la famille de la victime    <\/p><\/blockquote>\n<p>15h47. La foule devant le tribunal d\u2019Albi<br \/>\n    <img   decoding=\"async\" loading=\"lazy\" src=\"https:\/\/www.europesays.com\/fr\/wp-content\/uploads\/2025\/10\/img-20251017-wa0009-960x640.jpg\" alt=\"De nombreux journalistes mais aussi des curieux attendent la sortie de C\u00e9dric Jubillar, qui va rejoindre sa cellule \u00e0 la prison de Toulouse-Seysses\" width=\"960\" height=\"640\"\/><br \/>\n    De nombreux journalistes mais aussi des curieux attendent la sortie de C\u00e9dric Jubillar, qui va rejoindre sa cellule \u00e0 la prison de Toulouse-Seysses (\u00a9Fabien Hisbacq \/ Actu.fr)15h37. \u00ab\u2009Cet homme va continuer \u00e0 clamer son innocence\u2009\u00bb<\/p>\n<p class=\" wall-content\">\u00ab\u2009Nous savions que cette affaire ne trouverait pas d\u2019issue d\u00e9finitive aujourd\u2019hui\u2009\u00bb, corrobore <strong>Me Emmanuelle Franck<\/strong>, autre avocate de C\u00e9dric Jubillar, qui confirme l\u2019intention de la d\u00e9fense d\u2019interjeter appel. \u00ab\u2009Cet homme va continuer \u00e0 <strong>clamer son innocence\u2009\u00bb.<\/strong><\/p>\n<blockquote class=\"ac-article-quote wall-content\">\n<p>Il r\u00e9agit comme un homme abattu, mais qui a cette lueur de ce dire que tout n&rsquo;est pas d\u00e9finitif et que peut-\u00eatre en pappel, un autre jury populaire pensera autrement.<\/p>\n<p>    <strong>Me Emmanuelle Franck<\/strong><br \/>\n        Avocate de C\u00e9dric Jubillar    <\/p><\/blockquote>\n<p>    <img   decoding=\"async\" loading=\"lazy\" src=\"https:\/\/www.europesays.com\/fr\/wp-content\/uploads\/2025\/10\/me-emmanuelle-franck-avocate-jubillar-toulouse-albijpg-960x640.jpg\" alt=\"\" width=\"960\" height=\"640\"\/><br \/>\n    \u00ab\u00a0Peut-\u00eatre en pappel, un autre jury populaire pensera autrement\u00a0\u00bb, veut croire Me Emmanuelle Franck, l\u2019une des avocates de C\u00e9dric Jubillar (\u00a9Fabien Hisbacq \/ Actu.fr)15h35. \u00ab\u2009Nous allons pr\u00e9parer l\u2019appel\u2009\u00bb, dit d\u00e9j\u00e0 la d\u00e9fense<\/p>\n<p class=\" wall-content\">Le verdict est \u00ab\u2009violent pour notre client\u2009\u00bb, r\u00e9agit <strong>Me Alexandre\u00a0Martin<\/strong>, l\u2019un des avocats de C\u00e9dric Jubillar.<\/p>\n<p class=\" wall-content\">\u00ab\u2009Nous respectons la d\u00e9cision du jury populaire, nous sommes d\u00e9\u00e7us, mais nous savions que quoi qu\u2019il arrive, il y aurait un 2e combat, <strong>nous allons pr\u00e9parer cet appel\u2009\u00bb.<\/strong><\/p>\n<p>    <img   decoding=\"async\" loading=\"lazy\" src=\"https:\/\/www.europesays.com\/fr\/wp-content\/uploads\/2025\/10\/me-alexandre-martin-avocat-jubillar-toulouse-albi-960x640.jpg\" alt=\"Me Alexandre Martin, l'un des avocats de C\u00e9dric Jubillar, indique qu\u2019ils vont faire appel du verdict\" width=\"960\" height=\"640\"\/><br \/>\n    Me Alexandre Martin, l\u2019un des avocats de C\u00e9dric Jubillar, indique qu\u2019ils vont faire appel du verdict (\u00a9Fabien Hisbacq \/ Actu.fr)15h30. \u00ab\u2009Un soulagement\u2009\u00bb pour les avocats des enfants<\/p>\n<p class=\" wall-content\">Les avocats des diff\u00e9rentes parties d\u00e9filent rapidement \u00e0 la sortie du Palais de justice. \u00ab\u2009C\u2019est un soulagement pour les parties civiles\u2009\u00bb dit <strong>Me Malika Chmani<\/strong>, l\u2019une des avocates des enfants du couple Jubillar. \u00ab\u2009C\u2019est important pour les enfants\u2009\u00bb, dit-elle. Pour <strong>Me Laurent Boguet<\/strong>, autre avocat des enfants, c\u2019est \u00ab\u2009une peine lourde qui r\u00e9tribue les agissements qui lui ont \u00e9t\u00e9 reproch\u00e9s, mais aussi son attitude tout au long du proc\u00e8s\u2009\u00bb. Puis il a appel\u00e9 C\u00e9dric Jubillar \u00e0 r\u00e9v\u00e9ler o\u00f9 \u00e9tait le corps de Delphine\u2009:<\/p>\n<blockquote class=\"ac-article-quote wall-content\">\n<p>Je l&rsquo;invite \u00e0 en tirer les cons\u00e9quences pour nous indiquer o\u00f9 il a dissimul\u00e9 la d\u00e9pouille de sa femme.<\/p>\n<p>    <strong>Me Laurent Boguet<\/strong><br \/>\n        Avocat des enfants de C\u00e9dric et Delphine Jubillar    <\/p><\/blockquote>\n<p>    <img   decoding=\"async\" loading=\"lazy\" src=\"https:\/\/www.europesays.com\/fr\/wp-content\/uploads\/2025\/10\/img-20251017-wa0002-960x640.jpg\" alt=\"Les avocats sortent du Palais de justice \u00e0 Albi, ce vendredi\" width=\"960\" height=\"640\"\/><br \/>\n    Les avocats sortent du Palais de justice \u00e0 Albi, ce vendredi (\u00a9Fabien Hisbacq \/ Actu.fr)15h25. Le petit rictus de C\u00e9dric<\/p>\n<p class=\" wall-content\">Derni\u00e8re sc\u00e8ne observ\u00e9e avant l\u2019\u00e9vacuation de la salle\u2009: les l\u00e8vres pinc\u00e9es, <strong>Cedric a fait un petit rictus<\/strong>, et a hoch\u00e9 la t\u00eate quand on lui dit qu\u2019il avait dix jours pour faire appel. Il a tout de suite parl\u00e9 \u00e0 ses avocats.<\/p>\n<p>15h20. Un oncle de Delphine fait un malaise<\/p>\n<p class=\" wall-content\">Alors que des secouristes ont exceptionnellement \u00e9t\u00e9 d\u00e9ploy\u00e9s dans la salle d\u2019audience, l\u2019oncle de Delphine Jubillar s\u2019est effondr\u00e9 sur le banc des parties civiles, tremblant. Il vient de <strong>faire un malaise<\/strong> dans la salle.<\/p>\n<p class=\" wall-content\">Une cousine de Delphine s\u2019est elle aussi effondr\u00e9e, victime visiblement d\u2019une crise d\u2019angoisse.<\/p>\n<p>15h18. C\u00e9dric Jubillar toujours impassible<\/p>\n<p class=\" wall-content\">L\u2019accus\u00e9 est rest\u00e9 <strong>impassible<\/strong> \u00e0 la lecture du verdict, indique notre journaliste sur place. \u00ab\u2009\u00c0 peine un pincement de l\u00e8vres\u2009\u00bb, observe-t-elle.<\/p>\n<p>15h16. C\u00e9dric Jubillar d\u00e9clar\u00e9 coupable<\/p>\n<p class=\" wall-content\">Les jur\u00e9s sont entr\u00e9s dans la salle, et le verdict vient de tomber\u2009: <strong>C\u00e9dric Jubillar est d\u00e9clar\u00e9 coupable<\/strong> du meurtre de sa femme Delphine. Il est condamn\u00e9 \u00e0 30\u00a0ans de r\u00e9clusion criminelle, ce qui est conforme aux r\u00e9quisitions.<\/p>\n<p>15h12. Dehors aussi, on retient son souffle<br \/>\n    <img   decoding=\"async\" loading=\"lazy\" src=\"https:\/\/www.europesays.com\/fr\/wp-content\/uploads\/2025\/10\/img-20251017-wa0001-960x640.jpg\" alt=\"\u00c0 l'ext\u00e9rieur de la salle,\u00a0les Albigeois\" width=\"960\" height=\"640\"\/><br \/>\n    \u00c0 l\u2019ext\u00e9rieur de la salle, dans l\u2019attente du verdict (\u00a9Fabien Hisbacq \/ Actu.fr)15h11. Tension ultime dans la salle<\/p>\n<p class=\" wall-content\">Dans la salle bond\u00e9e, \u00ab\u2009la tension est palpable\u2009\u00bb, confie notre journaliste. Me Alexandre Martin a <strong>la t\u00eate dans les mains.<\/strong> L\u2019autre avocate de C\u00e9dric Jubillar, Me Emmanuelle Franck, est impassible.<\/p>\n<p>15h00. La m\u00e8re de C\u00e9dric Jubillar n\u2019est pas l\u00e0<\/p>\n<p class=\" wall-content\">Les jur\u00e9s ont tranch\u00e9, apr\u00e8s <strong>plus de cinq heures de d\u00e9lib\u00e9r\u00e9<\/strong>. Qu\u2019ont-ils d\u00e9cid\u00e9\u2009? On le saura dans quelques minutes.<\/p>\n<p class=\" wall-content\">D\u2019apr\u00e8s notre journaliste dans la salle, <strong>Nadine, la maman de C\u00e9dric Jubillar<\/strong>, n\u2019est pas l\u00e0. Elle avait pr\u00e9venu qu\u2019elle ne viendrait pas au verdict, et n\u2019est visiblement pas pr\u00e9sente. L\u2019accus\u00e9 n\u2019a pas encore \u00e9t\u00e9 ramen\u00e9 dans son box.<\/p>\n<p>14h59. Les avocats sont aussi dans la salle<\/p>\n<p class=\" wall-content\">Les avocats des diff\u00e9rentes parties sont \u00e9galement dans la salle d\u2019audience. <strong>Mes Emmanuelle Franck<\/strong> et <strong>Alexandre Martin<\/strong> ont gravi les marches du Palais de justice, sans s\u2019adresser aux journalistes, et sont entr\u00e9s dans la salle d\u2019assises. La cour est attendue.<\/p>\n<p>14h48. La salle d\u2019assises est ouverte<\/p>\n<p class=\" wall-content\">La salle d\u2019audience vient de rouvrir, les journalistes qui peuvent acc\u00e9der \u00e0 la salle d\u2019assises, dont l\u2019envoy\u00e9e sp\u00e9ciale d\u2019Actu.fr \u00e0 Albi, sont \u00e0 l\u2019int\u00e9rieur du tribunal.<\/p>\n<p>14h30. Le public s\u2019installe devant le tribunal en attendant le verdict<\/p>\n<p class=\" wall-content\">Les jur\u00e9s et les magistrats sont toujours en train de <strong>d\u00e9lib\u00e9rer<\/strong>. Devant la salle, une petite foule s\u2019installe en esp\u00e9rant rentrer dans la salle pour\u00a0assister au verdict.<\/p>\n<p>    <img   decoding=\"async\" loading=\"lazy\" src=\"https:\/\/www.europesays.com\/fr\/wp-content\/uploads\/2025\/10\/img-20251017-wa0012-960x640.jpg\" alt=\"Le public s'installe devant le tribunal d'Albi en attendant le verdict.\" width=\"960\" height=\"640\"\/><br \/>\n    Le public s\u2019installe devant le tribunal d\u2019Albi en attendant le verdict. (\u00a9Ana\u00eblle Montagne \/ Actu Toulouse)12h50.\u00a0S\u2019il est acquitt\u00e9, C\u00e9dric Jubillar ne ressortira pas imm\u00e9diatement libre<\/p>\n<p class=\" wall-content\">Si l\u2019accus\u00e9 est acquitt\u00e9, <strong>il ne pourra pas sortir libre du tribunal<\/strong>. Il devra d\u2019abord retourner \u00e0 la prison de Toulouse-Seysses, o\u00f9 il est incarc\u00e9r\u00e9 depuis juin\u00a02021 en d\u00e9tention provisoire, car il reste sous la responsabilit\u00e9 de l\u2019\u00e9tablissement jusqu\u2019\u00e0 la lev\u00e9e d\u2019\u00e9crou. Le cas \u00e9ch\u00e9ant, C\u00e9dric Jubillar devra y effectuer quelques formalit\u00e9s avant de ressortir du centre de d\u00e9tention, libre. <strong>S\u2019il est condamn\u00e9<\/strong> en revanche, sans surprise, il retournera derri\u00e8re les barreaux pour purger sa peine.<\/p>\n<p>12h00. Comment se d\u00e9roule le d\u00e9lib\u00e9r\u00e9\u2009?<\/p>\n<p class=\" wall-content\">Les conditions sous lesquelles C\u00e9dric Jubillar peut \u00eatre reconnu innocent ou coupable sont complexes. Les six citoyens et trois magistrats doivent d\u2019abord d\u00e9cider s\u2019ils le condamnent ou l\u2019acquittent en r\u00e9pondant par \u00ab\u2009oui\u2009\u00bb ou par \u00ab\u2009non\u2009\u00bb \u00e0 cette question\u2009: \u00ab\u2009C\u00e9dric Jubillar est-il coupable d\u2019avoir \u00e0 Cagnac-les-Mines, dans la nuit du 15 au 16\u00a0d\u00e9cembre 2020, <strong>volontairement donn\u00e9 la mort \u00e0 Delphine Jubillar<\/strong>, n\u00e9e Aussaguel\u2009?\u2009\u00bb \u00c0 savoir que si <strong>trois bulletins (ou plus)<\/strong> r\u00e9pondent par la n\u00e9gative, alors l\u2019accus\u00e9 est <strong>acquitt\u00e9<\/strong>.<\/p>\n<p class=\" wall-content\">Mais si une \u00ab\u2009majorit\u00e9 qualifi\u00e9e\u2009\u00bb de 7 jur\u00e9s sur 9 r\u00e9pond \u00ab\u2009oui\u2009\u00bb, alors il est <strong>condamn\u00e9<\/strong>, et une s\u00e9rie de nouvelles \u00e9tapes doit s\u2019ensuivre. Les jur\u00e9s devront d\u00e9terminer si la circonstance aggravante de meurtre \u00ab\u2009par conjoint\u2009\u00bb est retenue contre lui. Ensuite, place au vote de la peine. Un exercice complexe, qu\u2019Actu Toulouse explique en d\u00e9tail <a href=\"https:\/\/actu.fr\/occitanie\/albi_81004\/proces-jubillar-bientot-le-verdict-voici-pourquoi-la-culpabilite-de-cedric-jubillar-ne-tient-qu-a-un-fil_63282376.html\" target=\"_blank\" rel=\"noopener\">dans un article d\u00e9di\u00e9<\/a>. Et puis, derni\u00e8re \u00e9tape\u2009: le vote des <strong>peines compl\u00e9mentaires<\/strong>, comme le suivi socio-judiciaire. Le retrait potentiel de son <strong>autorit\u00e9 parentale <\/strong>requis par les avocats g\u00e9n\u00e9raux ne serait vot\u00e9, le cas \u00e9ch\u00e9ant, que lors d\u2019une audience civile ult\u00e9rieure.<\/p>\n<p>11h15. L\u2019avocat des fr\u00e8res et s\u0153urs de Delphine r\u00e9agit aux paroles de l\u2019accus\u00e9<\/p>\n<p class=\" wall-content\">Me <strong>Laurent De Caunes<\/strong>, l\u2019avocat des deux fr\u00e8res et de la s\u0153ur de Delphine Jubillar, a r\u00e9agi aux derniers mots de l\u2019accus\u00e9\u2009: \u00ab\u2009\u00c7a ne m\u2019\u00e9voque rien de tout, <strong>ce sont des mots d\u00e9sincarn\u00e9s<\/strong> comme ceux dont il nous a gratifi\u00e9s depuis le d\u00e9but de cette audience.\u2009\u00bb<\/p>\n<p class=\" wall-content\">Il continue\u2009: \u00ab\u2009Les seuls mots r\u00e9v\u00e9lateurs qu\u2019il a pu dire (durant le proc\u00e8s, NDLR) c\u2019est quand il a expliqu\u00e9 qu\u2019il n\u2019avait pas r\u00e9fl\u00e9chi \u00e0 ce qui avait pu arriver \u00e0 Delphine. Nous sommes toujours dans la m\u00eame th\u00e9matique, il n\u2019y a <strong>pas de d\u00e9rogation \u00e0 son syst\u00e8me<\/strong> et il n\u2019y a pas d\u2019\u00e9motion.\u2009\u00bb<\/p>\n<p>    <a href=\"https:\/\/www.facebook.com\/plugins\/video.php?height=476&amp;href=https%3A%2F%2Fwww.facebook.com%2Freel%2F1986534205517770%2F&amp;show_text=false&amp;width=350&amp;t=0\" title=\"Ouvrie le lien\" target=\"_blank\" rel=\"noopener\">Cliquez ici pour visualiser le contenu<\/a><\/p>\n<p>9h09. Les derni\u00e8res paroles de l\u2019accus\u00e9<\/p>\n<p class=\" wall-content\">\u00ab\u2009Monsieur Jubillar, avez-vous quelque chose \u00e0 dire pour votre d\u00e9fense\u2009?\u2009\u00bb, demande la pr\u00e9sidente. Le p\u00e8re de famille, la voix l\u00e9g\u00e8rement tremblante, r\u00e9pond\u2009:<strong> \u00ab\u2009Oui, je tiendrais \u00e0 dire que je n\u2019ai absolument rien fait \u00e0 Delphine.\u2009\u00bb<\/strong><\/p>\n<p class=\" wall-content\">Apr\u00e8s lecture de l\u2019article\u00a0353 du code p\u00e9nal portant sur l\u2019intime conviction, la Cour se l\u00e8ve et quitte la salle des assises. Les jur\u00e9s se retirent pour <strong>d\u00e9lib\u00e9rer<\/strong>.<\/p>\n<p>8h45. \u00ab\u2009Je plains les jur\u00e9s qui vont devoir faire un choix\u2009\u00bb<br \/>\n    <img   decoding=\"async\" loading=\"lazy\" src=\"https:\/\/www.europesays.com\/fr\/wp-content\/uploads\/2025\/10\/tribunal-albi-jubillar-960x640.jpeg\" alt=\"Devant le tribunal d'Albi, le tribunal attend, comme chaque matin, depuis le milieu de la nuit.\" width=\"960\" height=\"640\"\/><br \/>\n    Devant le tribunal d\u2019Albi, le tribunal attend, comme chaque matin, depuis le milieu de la nuit. (\u00a9Ana\u00eblle Montagne \/ Actu Toulouse)<\/p>\n<p class=\" wall-content\">Dans la queue qui s\u2019\u00e9tale devant le tribunal d\u2019Albi, <strong>Sarah<\/strong> et <strong>Amaury<\/strong>, \u00e9tudiants Tarnais, attendent depuis 3\u00a0heures du matin. Un peu d\u00e9\u00e7us, parce qu\u2019ils vont rentrer certes, mais pour une demi-heure \u00e0 peine. Le temps <strong>que l\u2019accus\u00e9 peu loquace livre ses derni\u00e8res paroles<\/strong>\u00a0et que la pr\u00e9sidente fasse la lecture de l\u2019article\u00a0353 du code p\u00e9nal, qui porte sur l\u2019intime conviction. \u00ab\u2009On esp\u00e9rait voir le verdict, mais on doit ressortir\u2009\u00bb, souffle Amaury. Le palais de justice sera \u00e9vacu\u00e9 le temps que les jur\u00e9s d\u00e9lib\u00e8rent.<\/p>\n<p class=\" wall-content\">\u00ab\u2009On n\u2019est pas l\u00e0 par curiosit\u00e9 morbide, mais pour essayer de voir de nos propres yeux ce qui se passe entre ces murs.\u2009\u00bb Et puis pour sentir, par son langage corporel, son attitude, si C\u00e9dric Jubillar a <strong>l\u2019\u00e9toffe d\u2019un coupable<\/strong>. \u00ab\u2009Avec les preuves qu\u2019il y a, c\u2019est trop dur de savoir. <strong>Je plains les jur\u00e9s<\/strong> qui vont devoir faire un choix.\u2009\u00bb<\/p>\n<p>6h45. Comment va se d\u00e9rouler cette journ\u00e9e\u2009?<\/p>\n<p class=\" wall-content\">L\u2019ultime audience du proc\u00e8s s\u2019ouvrira \u00e0 9\u00a0heures, et la pr\u00e9sidente donnera la parole \u00e0 C\u00e9dric Jubillar. Ce sera la derni\u00e8re occasion pour l\u2019accus\u00e9 de <strong>plaider son innocence<\/strong>. Les textes fondamentaux du Code p\u00e9nal seront ensuite lus, notamment l\u2019article\u00a0353 du code p\u00e9nal, qui aborde <strong>l\u2019intime conviction<\/strong>.<\/p>\n<p class=\" wall-content\">Ensuite, les jur\u00e9s se retireront pour d\u00e9lib\u00e9rer. Le palais de justice d\u2019Albi sera \u00e9vacu\u00e9 pour qu\u2019ils s\u2019y isolent. <strong>Six citoyens, trois magistrats\u2009<\/strong>: le sort de C\u00e9dric Jubillar sera entre leurs mains. Personne ne pourra entrer en contact avec eux tant qu\u2019ils ne se seront pas mis d\u2019accord. Et \u00e7a risque de durer des heures.<\/p>\n<p>6h20. Que risque C\u00e9dric Jubillar\u2009?<\/p>\n<p class=\" wall-content\">Au terme d\u2019un r\u00e9quisitoire fourni, les deux avocats g\u00e9n\u00e9raux<a href=\"https:\/\/actu.fr\/occitanie\/albi_81004\/proces-jubillar-rendez-leur-delphine-30-ans-de-prison-requis-en-l-absence-de-corps-resume-du-jour-16_63300929.html\" target=\"_blank\" rel=\"noopener\"> ont requis <strong>30\u00a0ans de r\u00e9clusion criminelle<\/strong> contre C\u00e9dric Jubillar.<\/a> Il encourait pourtant la perp\u00e9tuit\u00e9, mais Nicolas Ruff et Pierre Aurignac consid\u00e8rent qu\u2019elle ne doit \u00eatre r\u00e9serv\u00e9e qu\u2019\u00e0 des r\u00e9cidivistes. Ils insistent cependant\u2009: \u00ab\u2009C\u2019est un homme qui a maltrait\u00e9 son \u00e9pouse, un homme <strong>qui a tu\u00e9, qui s\u2019en vante<\/strong> et insulte la m\u00e9moire de celle qu\u2019il a supprim\u00e9e\u2009\u00bb.<\/p>\n<p class=\" wall-content\">Pour les avocats g\u00e9n\u00e9raux, <strong>il m\u00e9rite donc la peine la plus \u00e9lev\u00e9e, perp\u00e9tuit\u00e9 mise \u00e0 part<\/strong>. Ils demandent aussi le retrait de son<strong> autorit\u00e9 parentale<\/strong> \u2013 qui serait vot\u00e9e, si n\u00e9cessaire, lors d\u2019une audience civile ult\u00e9rieure au proc\u00e8s.<\/p>\n<p>6h01. Quatre semaines de proc\u00e8s<\/p>\n<p class=\" wall-content\">Le proc\u00e8s de l\u2019artisan peintre-plaquiste<a href=\"https:\/\/actu.fr\/occitanie\/albi_81004\/direct-proces-jubillar-lancement-de-quatre-semaines-d-audience-pour-le-meurtre-de-delphine-jubillar_63191454.html\" target=\"_blank\" rel=\"noopener\"> a d\u00e9but\u00e9 le mois dernier, le 22\u00a0septembre<\/a>. <strong>65 t\u00e9moins<\/strong> se sont succ\u00e9d\u00e9 \u00e0 la barre dans la salle des assises d\u2019Albi. Experts, gendarmes, magistrats, voisins, famille et amis de Delphine et de C\u00e9dric\u2026 Ils ont se sont livr\u00e9s, un \u00e0 un, devant les 11 avocats des parties civiles et les deux conseils de C\u00e9dric Jubillar.<\/p>\n<p class=\" wall-content\">L\u2019interrogatoire r\u00e9capitulatif de l\u2019accus\u00e9 a cl\u00f4tur\u00e9 trois premi\u00e8res semaines \u00e9prouvantes, avant les plaidoiries des parties civiles et de la d\u00e9fense, <a href=\"https:\/\/actu.fr\/occitanie\/albi_81004\/proces-jubillar-veille-de-verdict-votre-devoir-vous-dicte-de-l-acquitter-l-ultime-combat-de-la-defense_63306403.html\" target=\"_blank\" rel=\"noopener\">qui se sont termin\u00e9es ce jeudi 16\u00a0octobre, veille du verdict.<\/a><\/p>\n<p class=\" wall-content\">Personnalisez votre actualit\u00e9 en ajoutant vos villes et m\u00e9dias en favori avec <a href=\"https:\/\/moncompte.actu.fr\" title=\"D\u00e9couvez Mon Actu\" rel=\"nofollow noopener\" data-trk=\"{&quot;cta&quot;:{&quot;action&quot;:&quot;https:\\\/\\\/moncompte.actu.fr&quot;,&quot;category&quot;:&quot;mon compte&quot;,&quot;from&quot;:&quot;article footer&quot;,&quot;name&quot;:&quot;Mon actu&quot;,&quot;type&quot;:&quot;cta&quot;}}\" target=\"_blank\">Mon Actu<\/a>.<\/p>\n","protected":false},"excerpt":{"rendered":"Par R\u00e9daction de Toulouse Publi\u00e9 le 17 oct. 2025 \u00e0 6h52 ; mis \u00e0 jour le 17 oct.&hellip;\n","protected":false},"author":2,"featured_media":471342,"comment_status":"","ping_status":"","sticky":false,"template":"","format":"standard","meta":{"footnotes":""},"categories":[2],"tags":[11,38151,118,1011,27,12,25],"class_list":{"0":"post-471341","1":"post","2":"type-post","3":"status-publish","4":"format-standard","5":"has-post-thumbnail","7":"category-actualites","8":"tag-actualites","9":"tag-affaire-delphine-jubillar","10":"tag-faits-divers","11":"tag-fr","12":"tag-france","13":"tag-news","14":"tag-republique-francaise"},"share_on_mastodon":{"url":"https:\/\/pubeurope.com\/@fr\/115392638697648345","error":""},"_links":{"self":[{"href":"https:\/\/www.europesays.com\/fr\/wp-json\/wp\/v2\/posts\/471341","targetHints":{"allow":["GET"]}}],"collection":[{"href":"https:\/\/www.europesays.com\/fr\/wp-json\/wp\/v2\/posts"}],"about":[{"href":"https:\/\/www.europesays.com\/fr\/wp-json\/wp\/v2\/types\/post"}],"author":[{"embeddable":true,"href":"https:\/\/www.europesays.com\/fr\/wp-json\/wp\/v2\/users\/2"}],"replies":[{"embeddable":true,"href":"https:\/\/www.europesays.com\/fr\/wp-json\/wp\/v2\/comments?post=471341"}],"version-history":[{"count":0,"href":"https:\/\/www.europesays.com\/fr\/wp-json\/wp\/v2\/posts\/471341\/revisions"}],"wp:featuredmedia":[{"embeddable":true,"href":"https:\/\/www.europesays.com\/fr\/wp-json\/wp\/v2\/media\/471342"}],"wp:attachment":[{"href":"https:\/\/www.europesays.com\/fr\/wp-json\/wp\/v2\/media?parent=471341"}],"wp:term":[{"taxonomy":"category","embeddable":true,"href":"https:\/\/www.europesays.com\/fr\/wp-json\/wp\/v2\/categories?post=471341"},{"taxonomy":"post_tag","embeddable":true,"href":"https:\/\/www.europesays.com\/fr\/wp-json\/wp\/v2\/tags?post=471341"}],"curies":[{"name":"wp","href":"https:\/\/api.w.org\/{rel}","templated":true}]}}