{"id":471343,"date":"2025-10-18T01:44:12","date_gmt":"2025-10-18T01:44:12","guid":{"rendered":"https:\/\/www.europesays.com\/fr\/471343\/"},"modified":"2025-10-18T01:44:12","modified_gmt":"2025-10-18T01:44:12","slug":"lagence-de-notation-s-p-degrade-la-note-de-la-france-de-aa-a-a","status":"publish","type":"post","link":"https:\/\/www.europesays.com\/fr\/471343\/","title":{"rendered":"L\u2019agence de notation S &#038; P d\u00e9grade la note de la France de AA- \u00e0 A +"},"content":{"rendered":"<p>C\u2019est un nouveau revers pour la France. L\u2019agence de notation <a href=\"https:\/\/www.20minutes.fr\/dossier\/standard_poor_s\" target=\"_blank\" class=\"c-link c-link--is-underlined\" rel=\"noopener\">S &amp; P Global Ratings<\/a> a annonc\u00e9 vendredi soir abaisser d\u2019un cran la note souveraine du pays, d\u00e9sormais fix\u00e9e \u00e0 A +. Une d\u00e9cision motiv\u00e9e, selon elle, par une \u00ab\u00a0incertitude \u00e9lev\u00e9e\u00a0\u00bb autour de la trajectoire budg\u00e9taire fran\u00e7aise, malgr\u00e9 la pr\u00e9sentation du <a href=\"https:\/\/www.20minutes.fr\/dossier\/finances_publiques\" target=\"_blank\" class=\"c-link c-link--is-underlined\" rel=\"noopener\">projet de loi de finances 2026<\/a> cette semaine.<\/p>\n<p>C\u2019est la deuxi\u00e8me fois en un an et demi que S &amp; P sanctionne la France. En mai\u00a02023, la note avait d\u00e9j\u00e0 \u00e9t\u00e9 abaiss\u00e9e de AA \u00e0 AA-. Cette fois, la note long terme passe de AA- \u00e0 A +, tandis que la note court terme glisse de A-1 +\u00a0\u00e0 A-1. Les perspectives restent stables, indique l\u2019agence, qui anticipe une <a href=\"https:\/\/www.20minutes.fr\/dossier\/dette_publique\" target=\"_blank\" class=\"c-link c-link--is-underlined\" rel=\"noopener\">dette publique<\/a> brute atteignant 121\u00a0% du PIB en\u00a02028, contre 112\u00a0% fin\u00a02024.<\/p>\n<p>Bercy \u00ab\u00a0prend acte\u00a0\u00bb mais r\u00e9affirme sa feuille de route<\/p>\n<p>S &amp; P consid\u00e8re que \u00ab\u00a0l\u2019objectif de d\u00e9ficit public de 5,4\u00a0% du PIB en\u00a02025 sera atteint\u00a0\u00bb, mais avertit qu\u2019\u00ab\u00a0en l\u2019absence de mesures suppl\u00e9mentaires significatives de r\u00e9duction du d\u00e9ficit budg\u00e9taire, l\u2019assainissement budg\u00e9taire sera plus lent que pr\u00e9vu\u00a0\u00bb. A Bercy, la r\u00e9action est rest\u00e9e mesur\u00e9e. Le <a href=\"https:\/\/www.20minutes.fr\/dossier\/ministre_de_l_economie\" target=\"_blank\" class=\"c-link c-link--is-underlined\" rel=\"noopener\">ministre de l\u2019Economie<\/a> Roland Lescure a dit \u00ab\u00a0prendre acte\u00a0\u00bb de la d\u00e9cision. Son minist\u00e8re a ajout\u00e9 que \u00ab\u00a0le gouvernement confirme sa d\u00e9termination \u00e0 tenir l\u2019objectif de d\u00e9ficit de 5,4\u00a0% du <a href=\"https:\/\/www.20minutes.fr\/economie\/pib\/\" target=\"_blank\" class=\"c-link c-link--is-underlined\" rel=\"noopener\">PIB<\/a> pour\u00a02025\u00a0\u00bb.<\/p>\n<\/p>\n<p>Le communiqu\u00e9 minist\u00e9riel rappelle que le projet de loi de finances pr\u00e9sent\u00e9 le 14\u00a0octobre vise \u00e0 \u00ab\u00a0acc\u00e9l\u00e9rer la r\u00e9duction du <a href=\"https:\/\/www.20minutes.fr\/dossier\/deficit_public\" target=\"_blank\" class=\"c-link c-link--is-underlined\" rel=\"noopener\">d\u00e9ficit public<\/a> \u00e0 4,7\u00a0% du PIB tout en pr\u00e9servant la croissance\u00a0\u00bb. Selon Bercy, \u00ab\u00a0il s\u2019agit d\u2019une \u00e9tape clef qui nous permettra de respecter l\u2019engagement de la France \u00e0 ramener le d\u00e9ficit public sous 3\u00a0% du PIB en\u00a02029\u00a0\u00bb. Le minist\u00e8re souligne \u00e9galement que \u00ab\u00a0c\u2019est d\u00e9sormais la responsabilit\u00e9 collective du <a href=\"https:\/\/www.20minutes.fr\/dossier\/gouvernement\" target=\"_blank\" class=\"c-link c-link--is-underlined\" rel=\"noopener\">gouvernement<\/a> et du <a href=\"https:\/\/www.20minutes.fr\/dossier\/parlement\" target=\"_blank\" class=\"c-link c-link--is-underlined\" rel=\"noopener\">Parlement<\/a> de parvenir \u00e0 l\u2019adoption d\u2019un budget qui s\u2019inscrit dans ce cadre avant la fin de l\u2019ann\u00e9e\u00a02025\u00a0\u00bb.<\/p>\n<p>Un contexte budg\u00e9taire et politique tendu<\/p>\n<p>Cette d\u00e9gradation intervient dans un climat de forte tension budg\u00e9taire. Les charges d\u2019int\u00e9r\u00eats sur la dette fran\u00e7aise sont estim\u00e9es \u00e0 55\u00a0milliards d\u2019euros pour\u00a02025, un niveau record, alors que les taux auxquels la France emprunte se sont envol\u00e9s depuis la dissolution de l\u2019Assembl\u00e9e nationale en juin\u00a02024.<\/p>\n<p><a href=\"https:\/\/www.20minutes.fr\/economie\/\" target=\"_blank\" class=\"c-link c-btn c-btn--primary\" rel=\"noopener\">Notre dossier sur l&rsquo;\u00e9conomie<\/a><\/p>\n<p>La note fran\u00e7aise rejoint d\u00e9sormais celle de l\u2019Espagne, du Japon, du Portugal et de la Chine. Une situation qui fragilise la cr\u00e9dibilit\u00e9 financi\u00e8re de Paris \u00e0 quelques jours de la d\u00e9cision tr\u00e8s attendue de <a href=\"https:\/\/www.20minutes.fr\/economie\/moody_s\/\" target=\"_blank\" class=\"c-link c-link--is-underlined\" rel=\"noopener\">Moody\u2019s<\/a>, pr\u00e9vue le 24\u00a0octobre. Le mois dernier d\u00e9j\u00e0, <a href=\"https:\/\/www.20minutes.fr\/economie\/fitch\/\" target=\"_blank\" class=\"c-link c-link--is-underlined\" rel=\"noopener\">Fitch Ratings<\/a> avait abaiss\u00e9 la note souveraine de la France \u00e0 A +, invoquant \u00e0 la fois \u00ab\u00a0l\u2019instabilit\u00e9 politique persistante\u00a0\u00bb et \u00ab\u00a0les incertitudes budg\u00e9taires\u00a0\u00bb.<\/p>\n","protected":false},"excerpt":{"rendered":"C\u2019est un nouveau revers pour la France. L\u2019agence de notation S &amp; P Global Ratings a annonc\u00e9 vendredi&hellip;\n","protected":false},"author":2,"featured_media":471344,"comment_status":"","ping_status":"","sticky":false,"template":"","format":"standard","meta":{"footnotes":""},"categories":[4],"tags":[47,11,14846,6327,33,6329,1011,27,8235,12,28862,6311,25,59501],"class_list":{"0":"post-471343","1":"post","2":"type-post","3":"status-publish","4":"format-standard","5":"has-post-thumbnail","7":"category-france","8":"tag-actualite","9":"tag-actualites","10":"tag-bercy","11":"tag-dette","12":"tag-economie","13":"tag-finances-publiques","14":"tag-fr","15":"tag-france","16":"tag-ministre-de-leconomie","17":"tag-news","18":"tag-notes","19":"tag-pib","20":"tag-republique-francaise","21":"tag-standard-poors"},"share_on_mastodon":{"url":"https:\/\/pubeurope.com\/@fr\/115392640666148561","error":""},"_links":{"self":[{"href":"https:\/\/www.europesays.com\/fr\/wp-json\/wp\/v2\/posts\/471343","targetHints":{"allow":["GET"]}}],"collection":[{"href":"https:\/\/www.europesays.com\/fr\/wp-json\/wp\/v2\/posts"}],"about":[{"href":"https:\/\/www.europesays.com\/fr\/wp-json\/wp\/v2\/types\/post"}],"author":[{"embeddable":true,"href":"https:\/\/www.europesays.com\/fr\/wp-json\/wp\/v2\/users\/2"}],"replies":[{"embeddable":true,"href":"https:\/\/www.europesays.com\/fr\/wp-json\/wp\/v2\/comments?post=471343"}],"version-history":[{"count":0,"href":"https:\/\/www.europesays.com\/fr\/wp-json\/wp\/v2\/posts\/471343\/revisions"}],"wp:featuredmedia":[{"embeddable":true,"href":"https:\/\/www.europesays.com\/fr\/wp-json\/wp\/v2\/media\/471344"}],"wp:attachment":[{"href":"https:\/\/www.europesays.com\/fr\/wp-json\/wp\/v2\/media?parent=471343"}],"wp:term":[{"taxonomy":"category","embeddable":true,"href":"https:\/\/www.europesays.com\/fr\/wp-json\/wp\/v2\/categories?post=471343"},{"taxonomy":"post_tag","embeddable":true,"href":"https:\/\/www.europesays.com\/fr\/wp-json\/wp\/v2\/tags?post=471343"}],"curies":[{"name":"wp","href":"https:\/\/api.w.org\/{rel}","templated":true}]}}