{"id":471347,"date":"2025-10-18T01:48:13","date_gmt":"2025-10-18T01:48:13","guid":{"rendered":"https:\/\/www.europesays.com\/fr\/471347\/"},"modified":"2025-10-18T01:48:13","modified_gmt":"2025-10-18T01:48:13","slug":"mpetshi-perricard-terrasse-pour-la-premiere-fois-musetti-et-file-en-demi-finale-a-bruxelles","status":"publish","type":"post","link":"https:\/\/www.europesays.com\/fr\/471347\/","title":{"rendered":"Mpetshi Perricard terrasse pour la premi\u00e8re fois Musetti et file en demi-finale \u00e0 Bruxelles"},"content":{"rendered":"<p>\n    Giovanni Mpetshi\u00a0Perricard a dompt\u00e9 l\u2019Italien Lorenzo Musetti, 6-4, 7-6, vendredi pour rejoindre le dernier carr\u00e9 de l\u2019ATP 250 belge. Il affrontera le Tch\u00e8que Jiri Lehecka, qui a b\u00e9n\u00e9fici\u00e9 de l\u2019abandon de son compatriote Benjamin Bonzi.<\/p>\n<p class=\"fig-paragraph\">France 2 Italie 0. Ce vendredi, \u00e0 Stokholm,\u00a0<a href=\"http:\/\/www.lefigaro.fr\/sports\/tennis\/tennis-humbert-retrouve-la-forme-et-se-qualifie-pour-le-dernier-carre-a-stokholm-20251017\" data-fig-type=\"NewsFlash\" data-gtm-custom-categorie=\"navigation\" data-gtm-custom-action=\"crossclick\" data-gtm-custom-label=\"Contextuel\" data-gtm-event=\"customEventSPE\" data-fig-domain=\"LEFIGARO\" target=\"_blank\" rel=\"noopener\">Ugo Humbert a battu en quart Lorenzo Sonego.<\/a>\u00a0\u00c0 Bruxelles, Mpetshi Perricard a domin\u00e9 le num\u00e9ro deux italien Lorenzo Musetti. Le 37e mondial bat pour la premi\u00e8re fois sa b\u00eate noire. Le 8e mondial avait ainsi remport\u00e9 leurs quatre premi\u00e8res confrontations. Le Rhodanien de 22 ans brise la mal\u00e9diction et confirme qu\u2019il est un joueur tr\u00e8s fort en indoor.<\/p>\n<p class=\"fig-paragraph\">Le serveur tricolore a comme souvent servi le feu (12 aces, 88% de points gagn\u00e9s derri\u00e8re ses premi\u00e8res), surtout, il a \u00e9t\u00e9 le plus fort sur les points importants. Alors qu\u2019il menait 6-4 dans le jeu d\u00e9cisif du 2e set avec deux balles de match, il a vu recoller l\u2019Italien. Le Fran\u00e7ais a ensuite effac\u00e9 une balle de set d\u2019un service gagnant, puis a profit\u00e9 d\u2019un craquage de Musetti, auteur de deux doubles fautes cons\u00e9cutives. Perricard n\u2019a pas laiss\u00e9 passer l\u2019occasion en concluant le match d\u2019une vol\u00e9e de coup droit gagnante. \u00abJe suis vraiment fier. J\u2019ai d\u00fb modifier mon jeu pour le g\u00eaner et cela a pay\u00e9\u00bb, s\u2019est f\u00e9licit\u00e9 le Lyonnais.<\/p>\n<p>                                    <a class=\"fig-a11y-skip a11y-hidden\" href=\"#fig-a11y-skip-main-inarticle\"><br \/>\n        Passer la publicit\u00e9<br \/>\n    <\/a><\/p>\n<p class=\"fig-paragraph\">Comme Ugo Humbert, le g\u00e9ant bleu confirme qu\u2019il est \u00e0 l\u2019aise d\u00e8s qu\u2019il a un toit sur la t\u00eate. La concurrence est pr\u00e9venue.<\/p>\n","protected":false},"excerpt":{"rendered":"Giovanni Mpetshi\u00a0Perricard a dompt\u00e9 l\u2019Italien Lorenzo Musetti, 6-4, 7-6, vendredi pour rejoindre le dernier carr\u00e9 de l\u2019ATP 250&hellip;\n","protected":false},"author":2,"featured_media":471348,"comment_status":"","ping_status":"","sticky":false,"template":"","format":"standard","meta":{"footnotes":""},"categories":[1415],"tags":[1011,27,22950,60,1467],"class_list":{"0":"post-471347","1":"post","2":"type-post","3":"status-publish","4":"format-standard","5":"has-post-thumbnail","7":"category-tennis","8":"tag-fr","9":"tag-france","10":"tag-giovanni-mpetshi-perricard","11":"tag-sports","12":"tag-tennis"},"share_on_mastodon":{"url":"https:\/\/pubeurope.com\/@fr\/115392656360895556","error":""},"_links":{"self":[{"href":"https:\/\/www.europesays.com\/fr\/wp-json\/wp\/v2\/posts\/471347","targetHints":{"allow":["GET"]}}],"collection":[{"href":"https:\/\/www.europesays.com\/fr\/wp-json\/wp\/v2\/posts"}],"about":[{"href":"https:\/\/www.europesays.com\/fr\/wp-json\/wp\/v2\/types\/post"}],"author":[{"embeddable":true,"href":"https:\/\/www.europesays.com\/fr\/wp-json\/wp\/v2\/users\/2"}],"replies":[{"embeddable":true,"href":"https:\/\/www.europesays.com\/fr\/wp-json\/wp\/v2\/comments?post=471347"}],"version-history":[{"count":0,"href":"https:\/\/www.europesays.com\/fr\/wp-json\/wp\/v2\/posts\/471347\/revisions"}],"wp:featuredmedia":[{"embeddable":true,"href":"https:\/\/www.europesays.com\/fr\/wp-json\/wp\/v2\/media\/471348"}],"wp:attachment":[{"href":"https:\/\/www.europesays.com\/fr\/wp-json\/wp\/v2\/media?parent=471347"}],"wp:term":[{"taxonomy":"category","embeddable":true,"href":"https:\/\/www.europesays.com\/fr\/wp-json\/wp\/v2\/categories?post=471347"},{"taxonomy":"post_tag","embeddable":true,"href":"https:\/\/www.europesays.com\/fr\/wp-json\/wp\/v2\/tags?post=471347"}],"curies":[{"name":"wp","href":"https:\/\/api.w.org\/{rel}","templated":true}]}}