{"id":471349,"date":"2025-10-18T01:50:17","date_gmt":"2025-10-18T01:50:17","guid":{"rendered":"https:\/\/www.europesays.com\/fr\/471349\/"},"modified":"2025-10-18T01:50:17","modified_gmt":"2025-10-18T01:50:17","slug":"motogp-australie-quartararo-en-pole","status":"publish","type":"post","link":"https:\/\/www.europesays.com\/fr\/471349\/","title":{"rendered":"MotoGP Australie : Quartararo en pole !"},"content":{"rendered":"\n<p>Fabio Quartararo a d\u00e9croch\u00e9 sa cinqui\u00e8me pole position de la saison sur le circuit de Phillip Island. Le Fran\u00e7ais signe au passage le nouveau record de la piste australienne en 1\u201926.465.<\/p>\n<p>\u00a0<\/p>\n<p><img loading=\"lazy\" decoding=\"async\" aria-describedby=\"caption-attachment-713533\" class=\"size-medium wp-image-713533\" src=\"https:\/\/www.europesays.com\/fr\/wp-content\/uploads\/2025\/10\/GnG_1274623_HiRes-300x200.jpg\" alt=\"\" width=\"300\" height=\"200\"  \/><\/p>\n<p id=\"caption-attachment-713533\" class=\"wp-caption-text\">Fabio Quartararo, Australian MotoGP, 18 October 2025<\/p>\n<p> <img loading=\"lazy\" decoding=\"async\" aria-describedby=\"caption-attachment-713535\" class=\"size-medium wp-image-713535\" src=\"https:\/\/www.europesays.com\/fr\/wp-content\/uploads\/2025\/10\/GnG_1274594_HiRes-300x200.jpg\" alt=\"\" width=\"300\" height=\"200\"  \/><\/p>\n<p id=\"caption-attachment-713535\" class=\"wp-caption-text\">Fabio Quartararo, Australian MotoGP, 18 October 2025<\/p>\n<p>On attendait Bezzecchi et on a eu Quartararo. Vendredi, le pilote Yamaha se f\u00e9licitait du comportement de sa moto apr\u00e8s un Grand Prix d\u2019Indon\u00e9sie o\u00f9 le pneu arri\u00e8re plus rigide propos\u00e9 par Michelin l\u2019avait mis en difficult\u00e9. \u00ab\u00a0A Phillip Island, les points faibles de la Yamaha sont moins p\u00e9nalisants, commentait le Fran\u00e7ais. Il n\u2019y a pas d\u2019acc\u00e9l\u00e9ration \u00e0 basse vitesse et on souffre moins du manque de grip qui nous affecte g\u00e9n\u00e9ralement. Quant \u00e0 moi, je sens que je progresse au niveau du pilotage et de la ma\u00eetrise de ce trac\u00e9.\u00a0\u00bb<\/p>\n<p>Fabio l\u2019a confirm\u00e9 samedi matin en signant une pole position qu\u2019il n\u2019avait plus r\u00e9ussi \u00e0 r\u00e9aliser depuis le Grand Prix des Pays-Bas, fin juin. \u00ab\u00a0\u00c7a fait plaisir car \u00e7a fait longtemps que je n\u2019y \u00e9tais parvenu, a-t-il comment\u00e9. Cette pole est sp\u00e9ciale car je ne pensais pas r\u00e9ussi \u00e0 rouler aussi vite. Au-del\u00e0 du chrono, on a \u00e9galement un bon rythme pour la course. C\u2019est positif.\u00a0\u00bb D\u2019autant plus que Jack Miller confirme le bon comportement de la Yamaha en d\u00e9crochant le troisi\u00e8me temps de cette Q2. Cela faisait plus de quatre ans qu\u2019on n\u2019avait pas vu deux Yamaha sur une premi\u00e8re ligne de d\u00e9part !<\/p>\n<p>\u00a0<\/p>\n<p>\u00a0<\/p>\n<p>\u00a0<\/p>\n<p>\u00a0<\/p>\n","protected":false},"excerpt":{"rendered":"Fabio Quartararo a d\u00e9croch\u00e9 sa cinqui\u00e8me pole position de la saison sur le circuit de Phillip Island. Le&hellip;\n","protected":false},"author":2,"featured_media":471350,"comment_status":"","ping_status":"","sticky":false,"template":"","format":"standard","meta":{"footnotes":""},"categories":[1413],"tags":[1011,27,1457,1456,60],"class_list":{"0":"post-471349","1":"post","2":"type-post","3":"status-publish","4":"format-standard","5":"has-post-thumbnail","7":"category-moto","8":"tag-fr","9":"tag-france","10":"tag-moto","11":"tag-motocycle","12":"tag-sports"},"share_on_mastodon":{"url":"https:\/\/pubeurope.com\/@fr\/115392664890099665","error":""},"_links":{"self":[{"href":"https:\/\/www.europesays.com\/fr\/wp-json\/wp\/v2\/posts\/471349","targetHints":{"allow":["GET"]}}],"collection":[{"href":"https:\/\/www.europesays.com\/fr\/wp-json\/wp\/v2\/posts"}],"about":[{"href":"https:\/\/www.europesays.com\/fr\/wp-json\/wp\/v2\/types\/post"}],"author":[{"embeddable":true,"href":"https:\/\/www.europesays.com\/fr\/wp-json\/wp\/v2\/users\/2"}],"replies":[{"embeddable":true,"href":"https:\/\/www.europesays.com\/fr\/wp-json\/wp\/v2\/comments?post=471349"}],"version-history":[{"count":0,"href":"https:\/\/www.europesays.com\/fr\/wp-json\/wp\/v2\/posts\/471349\/revisions"}],"wp:featuredmedia":[{"embeddable":true,"href":"https:\/\/www.europesays.com\/fr\/wp-json\/wp\/v2\/media\/471350"}],"wp:attachment":[{"href":"https:\/\/www.europesays.com\/fr\/wp-json\/wp\/v2\/media?parent=471349"}],"wp:term":[{"taxonomy":"category","embeddable":true,"href":"https:\/\/www.europesays.com\/fr\/wp-json\/wp\/v2\/categories?post=471349"},{"taxonomy":"post_tag","embeddable":true,"href":"https:\/\/www.europesays.com\/fr\/wp-json\/wp\/v2\/tags?post=471349"}],"curies":[{"name":"wp","href":"https:\/\/api.w.org\/{rel}","templated":true}]}}