{"id":471351,"date":"2025-10-18T01:51:17","date_gmt":"2025-10-18T01:51:17","guid":{"rendered":"https:\/\/www.europesays.com\/fr\/471351\/"},"modified":"2025-10-18T01:51:17","modified_gmt":"2025-10-18T01:51:17","slug":"pierre-gasly-balance-sur-steve-nielsen","status":"publish","type":"post","link":"https:\/\/www.europesays.com\/fr\/471351\/","title":{"rendered":"Pierre Gasly balance sur Steve Nielsen"},"content":{"rendered":"<p>Avant le prochain week-end de F1, Pierre Gasly a livr\u00e9 des informations sur Alpine. En difficult\u00e9 depuis le d\u00e9but de la saison, occupant la derni\u00e8re place au classement des constructeurs, l&rsquo;\u00e9curie fran\u00e7aise a fait appel \u00e0 Steve Nielsen en renfort. Ce dernier a \u00e9t\u00e9 engag\u00e9 pour remplacer Oliver Oakes, l&rsquo;ancien directeur d&rsquo;\u00e9quipe. Il occupe d\u00e9sormais le nouveau r\u00f4le de \u00ab directeur g\u00e9n\u00e9ral \u00bb de l&rsquo;\u00e9quipe. En tant que membre de l&rsquo;\u00e9curie, Pierre Gasly note des am\u00e9liorations depuis son arriv\u00e9e en septembre, et il en parle.<\/p>\n<p>Pierre Galsy \u00e9logieux envers Nielsen<\/p>\n<p>\u00ab J&rsquo;appr\u00e9cie \u00e9norm\u00e9ment son approche au sein de l&rsquo;\u00e9quipe. Il est tr\u00e8s juste, pragmatique et parfaitement conscient de la situation. De plus, il est nouveau dans l&rsquo;\u00e9quipe et apporte son \u00e9nergie ainsi que sa vision pour l&rsquo;avenir \u00bb, a d\u00e9clar\u00e9 le pilote fran\u00e7ais. Il convient de noter que les deux pilotes d&rsquo;Alpine, Franco Colapinto et Pierre Gasly, se classent respectivement 20e et 17e au classement des pilotes. Par ailleurs, Alpine ne totalise que 20 points au classement des constructeurs, se trouvant derri\u00e8re Haas.<\/p>\n<p>   Partagez cette info avec vos amis et vos proches en cliquant ici  <\/p>\n<p> Podcasts \u00e0 la une MEN LIFE <\/p>\n<p>    Pour r\u00e9sumer<\/p>\n<p>En proie \u00e0 des difficult\u00e9s depuis le d\u00e9but de la saison, Alpine observe quelques progr\u00e8s depuis l&rsquo;arriv\u00e9e de Steve Nielsen, d&rsquo;apr\u00e8s Pierre Gasly. Selon le natif de Rouen, le nouveau directeur g\u00e9n\u00e9ral d&rsquo;\u00e9quipe a une autre approche des choses.<\/p>\n<p>R\u00e9dacteur<\/p>\n<p><img decoding=\"async\" width=\"76\" height=\"76\" loading=\"lazy\" src=\"https:\/\/www.europesays.com\/fr\/wp-content\/uploads\/2025\/04\/avatar-automoto.webp.webp\" alt=\"La r\u00e9daction\"\/><\/p>\n","protected":false},"excerpt":{"rendered":"Avant le prochain week-end de F1, Pierre Gasly a livr\u00e9 des informations sur Alpine. En difficult\u00e9 depuis le&hellip;\n","protected":false},"author":2,"featured_media":471352,"comment_status":"","ping_status":"","sticky":false,"template":"","format":"standard","meta":{"footnotes":""},"categories":[1412],"tags":[11,1451,1452,1453,1454,1455,1011,27,60],"class_list":{"0":"post-471351","1":"post","2":"type-post","3":"status-publish","4":"format-standard","5":"has-post-thumbnail","7":"category-f1","8":"tag-actualites","9":"tag-f1","10":"tag-formula-1","11":"tag-formula1","12":"tag-formule-1","13":"tag-formule1","14":"tag-fr","15":"tag-france","16":"tag-sports"},"share_on_mastodon":{"url":"https:\/\/pubeurope.com\/@fr\/115392668248620554","error":""},"_links":{"self":[{"href":"https:\/\/www.europesays.com\/fr\/wp-json\/wp\/v2\/posts\/471351","targetHints":{"allow":["GET"]}}],"collection":[{"href":"https:\/\/www.europesays.com\/fr\/wp-json\/wp\/v2\/posts"}],"about":[{"href":"https:\/\/www.europesays.com\/fr\/wp-json\/wp\/v2\/types\/post"}],"author":[{"embeddable":true,"href":"https:\/\/www.europesays.com\/fr\/wp-json\/wp\/v2\/users\/2"}],"replies":[{"embeddable":true,"href":"https:\/\/www.europesays.com\/fr\/wp-json\/wp\/v2\/comments?post=471351"}],"version-history":[{"count":0,"href":"https:\/\/www.europesays.com\/fr\/wp-json\/wp\/v2\/posts\/471351\/revisions"}],"wp:featuredmedia":[{"embeddable":true,"href":"https:\/\/www.europesays.com\/fr\/wp-json\/wp\/v2\/media\/471352"}],"wp:attachment":[{"href":"https:\/\/www.europesays.com\/fr\/wp-json\/wp\/v2\/media?parent=471351"}],"wp:term":[{"taxonomy":"category","embeddable":true,"href":"https:\/\/www.europesays.com\/fr\/wp-json\/wp\/v2\/categories?post=471351"},{"taxonomy":"post_tag","embeddable":true,"href":"https:\/\/www.europesays.com\/fr\/wp-json\/wp\/v2\/tags?post=471351"}],"curies":[{"name":"wp","href":"https:\/\/api.w.org\/{rel}","templated":true}]}}