{"id":471353,"date":"2025-10-18T01:52:17","date_gmt":"2025-10-18T01:52:17","guid":{"rendered":"https:\/\/www.europesays.com\/fr\/471353\/"},"modified":"2025-10-18T01:52:17","modified_gmt":"2025-10-18T01:52:17","slug":"trois-autres-arrivees-a-montlucon-cyclisme-actualite","status":"publish","type":"post","link":"https:\/\/www.europesays.com\/fr\/471353\/","title":{"rendered":"Trois autres arriv\u00e9es \u00e0 Montlu\u00e7on Cyclisme &#8211; Actualit\u00e9"},"content":{"rendered":"<p style=\"text-align: justify;\">Montlu\u00e7on Cyclisme compte trois nouvelles recrues pour la saison 2026. Il s\u2019agit de Damien Gazut (C&rsquo;Chartres Cyclisme), Maxime Martin (VS Riomois) et Baptiste Roumaniol (AC Cusset).<\/p>\n<p>Damien Gazut, 29 ans, a fini cette ann\u00e9e 4e du Grand Prix de Ch\u00e2teauroux et du Prix de Pouilly-sur-Loire, 5e du Crit\u00e9rium d&rsquo;Amboise, 7e de la Nocturne de Cosne-sur-Loire, 8e du Grand Prix de Gien et du Prix de Chinon.<\/p>\n<p>Maxime Martin, 23 ans, a termin\u00e9 8e du Prix d&rsquo;Atur, 11e du Grand Prix de Longes, 16e du Souvenir Pierre-Chany \u00e0 Langeac ou encore 17e du Grand Prix de Gleiz\u00e9.<\/p>\n<p>Baptiste Roumaniol &#8211; notre photo -, 19 ans, s\u2019est class\u00e9 2e du Circuit des Champions \u00e0 Aubi\u00e8re, 7e d\u2019une \u00e9tape du Tour Cycliste Agglo Pays d&rsquo;Issoire, 14e du Grand Prix d&rsquo;Issoire, 17e du Prix des Vins Nouveaux \u00e0 Vesdun ou encore 19e du Grand Prix des Grattons.<\/p>\n<p>Retrouvez toutes les mutations du peloton amateur\u00a0<strong><a href=\"https:\/\/www.directvelo.com\/mutations\/2026\" target=\"_blank\" rel=\"noopener\">en cliquant ici<\/a><\/strong>.<\/p>\n","protected":false},"excerpt":{"rendered":"Montlu\u00e7on Cyclisme compte trois nouvelles recrues pour la saison 2026. Il s\u2019agit de Damien Gazut (C&rsquo;Chartres Cyclisme), Maxime&hellip;\n","protected":false},"author":2,"featured_media":471354,"comment_status":"","ping_status":"","sticky":false,"template":"","format":"standard","meta":{"footnotes":""},"categories":[1411],"tags":[834,828,836,829,837,827,83,826,824,823,1154,207,814,817,815,816,822,821,832,211,839,1011,27,820,818,819,835,831,830,833,838,60,212,208,825],"class_list":{"0":"post-471353","1":"post","2":"type-post","3":"status-publish","4":"format-standard","5":"has-post-thumbnail","7":"category-cyclisme","8":"tag-attaque","9":"tag-belgique","10":"tag-braquet","11":"tag-bretagne","12":"tag-chute","13":"tag-competition","14":"tag-coupe-de-france","15":"tag-coureur","16":"tag-course-cyclisme","17":"tag-course-cycliste","18":"tag-cycling","19":"tag-cyclisme","20":"tag-direct","21":"tag-direct-velo","22":"tag-directvelo","23":"tag-directvelo-com","24":"tag-epreuve","25":"tag-epreuve-cycliste","26":"tag-federation-francaise-de-cyclisme","27":"tag-ffc","28":"tag-flandres","29":"tag-fr","30":"tag-france","31":"tag-live","32":"tag-live-course","33":"tag-live-epreuve","34":"tag-peloton","35":"tag-radio-peloton","36":"tag-radio-tour","37":"tag-ravitaillement","38":"tag-relance","39":"tag-sports","40":"tag-uci","41":"tag-velo","42":"tag-velos"},"share_on_mastodon":{"url":"https:\/\/pubeurope.com\/@fr\/115392672506075053","error":""},"_links":{"self":[{"href":"https:\/\/www.europesays.com\/fr\/wp-json\/wp\/v2\/posts\/471353","targetHints":{"allow":["GET"]}}],"collection":[{"href":"https:\/\/www.europesays.com\/fr\/wp-json\/wp\/v2\/posts"}],"about":[{"href":"https:\/\/www.europesays.com\/fr\/wp-json\/wp\/v2\/types\/post"}],"author":[{"embeddable":true,"href":"https:\/\/www.europesays.com\/fr\/wp-json\/wp\/v2\/users\/2"}],"replies":[{"embeddable":true,"href":"https:\/\/www.europesays.com\/fr\/wp-json\/wp\/v2\/comments?post=471353"}],"version-history":[{"count":0,"href":"https:\/\/www.europesays.com\/fr\/wp-json\/wp\/v2\/posts\/471353\/revisions"}],"wp:featuredmedia":[{"embeddable":true,"href":"https:\/\/www.europesays.com\/fr\/wp-json\/wp\/v2\/media\/471354"}],"wp:attachment":[{"href":"https:\/\/www.europesays.com\/fr\/wp-json\/wp\/v2\/media?parent=471353"}],"wp:term":[{"taxonomy":"category","embeddable":true,"href":"https:\/\/www.europesays.com\/fr\/wp-json\/wp\/v2\/categories?post=471353"},{"taxonomy":"post_tag","embeddable":true,"href":"https:\/\/www.europesays.com\/fr\/wp-json\/wp\/v2\/tags?post=471353"}],"curies":[{"name":"wp","href":"https:\/\/api.w.org\/{rel}","templated":true}]}}