{"id":471360,"date":"2025-10-18T01:56:23","date_gmt":"2025-10-18T01:56:23","guid":{"rendered":"https:\/\/www.europesays.com\/fr\/471360\/"},"modified":"2025-10-18T01:56:23","modified_gmt":"2025-10-18T01:56:23","slug":"a-carnac-le-festival-du-livre-jeunesse-se-tient-dimanche-19-octobre-a-la-salle-du-menec","status":"publish","type":"post","link":"https:\/\/www.europesays.com\/fr\/471360\/","title":{"rendered":"\u00c0 Carnac, le festival du livre jeunesse se tient dimanche 19\u00a0octobre \u00e0 la salle du M\u00e9nec"},"content":{"rendered":"<p>Le festival du livre jeunesse de Carnac se d\u00e9roule ce dimanche 19 octobre, de 10\u00a0h \u00e0 18\u00a0h, \u00e0 la salle du M\u00e9nec. Isabelle Servais, de la librairie Le p\u2019tit Monde de Zabelle, et Isabelle Ezanno, pr\u00e9sidente de l\u2019association La vie en livres, pr\u00e9sentent la quatri\u00e8me \u00e9dition du festival, o\u00f9 \u00ab\u00a025 auteurs et illustrateurs seront pr\u00e9sents pour d\u00e9dicacer et pr\u00e9senter leurs ouvrages\u00a0\u00bb, confirment les deux organisatrices.<\/p>\n<p>Rencontres, ateliers et animations<\/p>\n<p>Si le festival du livre jeunesse se tient ce dimanche 19 octobre, il a d\u00e9j\u00e0 d\u00e9but\u00e9 jeudi 16 et vendredi 17 octobre pour de nombreux \u00e9coliers et coll\u00e9giens. En effet, \u00ab\u00a0une dizaine d\u2019auteurs ont pr\u00e9sent\u00e9 leur m\u00e9tier aux \u00e9l\u00e8ves des \u00e9coles de Carnac, La Trinit\u00e9-sur-Mer, Plouharnel et Saint-Pierre-Quiberon\u00a0\u00bb, pr\u00e9cise Isabelle Servais.<\/p>\n<p>Concernant le programme de dimanche, le festival d\u00e9butera \u00e0 10\u00a0h. \u00ab\u00a0La premi\u00e8re animation est pr\u00e9vue \u00e0 10\u00a0h\u00a030 avec un temps de lecture\u00a0\u00bb, pr\u00e9cise Isabelle Ezanno. Tout au long de la journ\u00e9e, les visiteurs pourront participer \u00e0 des ateliers comme l\u2019atelier d\u2019illustration qui d\u00e9butera \u00e0 14\u00a0h\u00a030.<\/p>\n<p><b>Pratique<\/b><\/p>\n<p class=\"note\">Dimanche 19 octobre, de 10\u00a0h \u00e0 18\u00a0h, \u00e0 la salle du M\u00e9nec, \u00e0 Carnac. Entr\u00e9e avec participation libre. Animations pr\u00e9vues toute la journ\u00e9e. Tirage de la tombola d\u00e8s 17\u00a0h\u00a030.<\/p>\n","protected":false},"excerpt":{"rendered":"Le festival du livre jeunesse de Carnac se d\u00e9roule ce dimanche 19 octobre, de 10\u00a0h \u00e0 18\u00a0h, \u00e0&hellip;\n","protected":false},"author":2,"featured_media":471361,"comment_status":"","ping_status":"","sticky":false,"template":"","format":"standard","meta":{"footnotes":""},"categories":[1357],"tags":[1379,59502,58,59,1011,27,1380],"class_list":{"0":"post-471360","1":"post","2":"type-post","3":"status-publish","4":"format-standard","5":"has-post-thumbnail","7":"category-livres","8":"tag-books","9":"tag-carnac","10":"tag-divertissement","11":"tag-entertainment","12":"tag-fr","13":"tag-france","14":"tag-livres"},"share_on_mastodon":{"url":"https:\/\/pubeurope.com\/@fr\/115392687915684262","error":""},"_links":{"self":[{"href":"https:\/\/www.europesays.com\/fr\/wp-json\/wp\/v2\/posts\/471360","targetHints":{"allow":["GET"]}}],"collection":[{"href":"https:\/\/www.europesays.com\/fr\/wp-json\/wp\/v2\/posts"}],"about":[{"href":"https:\/\/www.europesays.com\/fr\/wp-json\/wp\/v2\/types\/post"}],"author":[{"embeddable":true,"href":"https:\/\/www.europesays.com\/fr\/wp-json\/wp\/v2\/users\/2"}],"replies":[{"embeddable":true,"href":"https:\/\/www.europesays.com\/fr\/wp-json\/wp\/v2\/comments?post=471360"}],"version-history":[{"count":0,"href":"https:\/\/www.europesays.com\/fr\/wp-json\/wp\/v2\/posts\/471360\/revisions"}],"wp:featuredmedia":[{"embeddable":true,"href":"https:\/\/www.europesays.com\/fr\/wp-json\/wp\/v2\/media\/471361"}],"wp:attachment":[{"href":"https:\/\/www.europesays.com\/fr\/wp-json\/wp\/v2\/media?parent=471360"}],"wp:term":[{"taxonomy":"category","embeddable":true,"href":"https:\/\/www.europesays.com\/fr\/wp-json\/wp\/v2\/categories?post=471360"},{"taxonomy":"post_tag","embeddable":true,"href":"https:\/\/www.europesays.com\/fr\/wp-json\/wp\/v2\/tags?post=471360"}],"curies":[{"name":"wp","href":"https:\/\/api.w.org\/{rel}","templated":true}]}}