{"id":471362,"date":"2025-10-18T01:57:22","date_gmt":"2025-10-18T01:57:22","guid":{"rendered":"https:\/\/www.europesays.com\/fr\/471362\/"},"modified":"2025-10-18T01:57:22","modified_gmt":"2025-10-18T01:57:22","slug":"laverne-avoue-lagression-de-pauline-eliott-implique-dans-un-trafic-de-drogue-le-resume-de-lepisode-1774-du-lundi-20-octobre-2025","status":"publish","type":"post","link":"https:\/\/www.europesays.com\/fr\/471362\/","title":{"rendered":"Laverne avoue l&rsquo;agression de Pauline, Eliott impliqu\u00e9 dans un trafic de drogue\u2026 Le r\u00e9sum\u00e9 de l&rsquo;\u00e9pisode 1774 du lundi 20 octobre 2025"},"content":{"rendered":"<p>Dans l\u2019\u00e9pisode 1774 d&rsquo;Un si grand soleil diffus\u00e9 ce lundi 20 octobre 2025 sur France 3, Jean Laverne passe aux aveux. De son c\u00f4t\u00e9, Eve tente d&rsquo;aider Eliott, mais ce dernier, d\u00e9pass\u00e9 par ses probl\u00e8mes d&rsquo;argent, prend une tr\u00e8s mauvaise d\u00e9cision.<\/p>\n<p><b>Lundi 20\u00a0octobre 2025, dans l\u2019\u00e9pisode 1774 d&rsquo;<\/b><b>Un si grand soleil<\/b><b> diffus\u00e9 sur France 3 \u00e0 partir de 20h45<\/b>, <a href=\"https:\/\/www.programme-tv.net\/news\/series-tv\/386388-un-si-grand-soleil-double-changement-de-programmation-pour-le-feuilleton-de-france-3-et-ca-ne-va-pas-plaire-aux-fans\/\" data-api-deeplink=\"teleloisirs:\/\/news\/386388\" target=\"_blank\" rel=\"noopener\">et dont la programmation a \u00e9t\u00e9 bouscul\u00e9e<\/a>, Jean Laverne passe enfin aux aveux, reconnaissant sa responsabilit\u00e9 dans l&rsquo;agression de Pauline, <a href=\"https:\/\/www.programme-tv.net\/news\/series-tv\/389911-un-si-grand-soleil-en-avance-ludo-est-sauve-pablo-pardonne-achille-chazal-pete-un-plomb-laverne-suspecte-de-l-agression-de-pauline-le-resume-de-l-episode-1773-du-vendredi-17-octobre-2025\/\" data-api-deeplink=\"teleloisirs:\/\/news\/389911\" target=\"_blank\" rel=\"noopener\">qui est toujours dans le coma<\/a>, et l&rsquo;\u00e9boulement li\u00e9 \u00e0 la source qu&rsquo;il avait d\u00e9tourn\u00e9e pour irriguer sa r\u00e9colte. De son c\u00f4t\u00e9, \u00c9liott voit sa situation se compliquer, tandis qu&rsquo;\u00c8ve tente d\u00e9sesp\u00e9r\u00e9ment de lui offrir une nouvelle chance. Mais un geste inattendu du jeune homme risque bien de tout faire basculer.<\/p>\n<p>Un si grand soleil en avance : Jean Laverne avoue avoir agress\u00e9 Pauline<\/p>\n<p>Devant le juge, Jean Laverne finit par tout avouer. Il reconna\u00eet avoir agress\u00e9 Pauline et provoqu\u00e9 <a href=\"https:\/\/www.programme-tv.net\/news\/series-tv\/381449-un-si-grand-soleil-en-avance-ludo-plus-que-jamais-en-grand-danger-laverne-en-garde-a-vue-pour-l-agression-de-pauline-kira-est-toujours-amoureuse-de-louis-le-resume-de-l-episode-1772-du-jeudi-16-octobre-2025\/\" data-api-deeplink=\"teleloisirs:\/\/news\/381449\" target=\"_blank\" rel=\"noopener\">l&rsquo;\u00e9boulement qui a failli co\u00fbter la vie \u00e0 Ludo<\/a>. Pris de panique face aux d\u00e9couvertes de la jeune femme sur la p\u00e9nurie d&rsquo;eau, il raconte s&rsquo;\u00eatre emport\u00e9 et l&rsquo;avoir frapp\u00e9e avec un pied de chaise, tout en assurant qu&rsquo;il n&rsquo;avait pas voulu la tuer. Le juge retient la tentative d&rsquo;homicide sur Ludo et les coups et blessures volontaires sur Pauline, avant d&rsquo;ordonner son placement en d\u00e9tention provisoire. \u00c0 sa sortie de l&rsquo;h\u00f4pital, Ludo rentre \u00e0 la ferme et re\u00e7oit le soutien d&rsquo;\u00c9lodie et d&rsquo;\u00c9lise, boulevers\u00e9es qu&rsquo;il ait fr\u00f4l\u00e9 la mort. Innocent\u00e9e dans l&rsquo;agression de Pauline, \u00c9lise va quant \u00e0 elle pouvoir reprendre son poste au commissariat.<\/p>\n<p>                        Un si grand soleil en avance\u00a0: \u00c9liott replonge dans l&rsquo;ill\u00e9galit\u00e9<\/p>\n<p>Muriel demande \u00e0 \u00c9liott d&rsquo;aller chercher leur fils Toma \u00e0 la cr\u00e8che, prise par une urgence professionnelle. Mais la situation se complique lorsque Boris se rend finalement au garage pour r\u00e9cup\u00e9rer le petit gar\u00e7on. Le ton monte entre les deux hommes : Boris \u00e9voque la cessation de paiements du garage d&rsquo;\u00c9liott, ce que ce dernier prend comme une provocation. Plus tard, \u00c9liott confie \u00e0 Charles sa rancune envers Boris, convaincu qu&rsquo;il en parlera \u00e0 Muriel. Mais la journ\u00e9e prend une tournure inqui\u00e9tante : des hommes louches d\u00e9barquent au garage et \u00c9liott quitte pr\u00e9cipitamment les lieux pour monter dans leur voiture. Plus tard, on le retrouve dans un laboratoire, en train de fabriquer de la drogue.<\/p>\n<p>            Un si grand soleil en avance : \u00c8ve et Sabine se d\u00e9chirent \u00e0 propos d&rsquo;\u00c9liott<\/p>\n<p>\u00c8ve demande \u00e0 Sabine d&rsquo;intervenir aupr\u00e8s de Janet pour aider \u00c9liott \u00e0 obtenir un poste de brancardier \u00e0 l&rsquo;h\u00f4pital. Mais Sabine refuse cat\u00e9goriquement, lui rappelant non seulement le pass\u00e9 judiciaire de son fils, mais aussi qu&rsquo;elle n&rsquo;a jamais tendu la main \u00e0 Pablo lorsqu&rsquo;il avait besoin d&rsquo;aide. \u00c8ve comprend qu&rsquo;elle ne pourra pas compter sur Sabine, leur amiti\u00e9 de longue date semblant d\u00e9sormais d\u00e9finitivement bris\u00e9e.<\/p>\n","protected":false},"excerpt":{"rendered":"Dans l\u2019\u00e9pisode 1774 d&rsquo;Un si grand soleil diffus\u00e9 ce lundi 20 octobre 2025 sur France 3, Jean Laverne&hellip;\n","protected":false},"author":2,"featured_media":471363,"comment_status":"","ping_status":"","sticky":false,"template":"","format":"standard","meta":{"footnotes":""},"categories":[1356],"tags":[244,3934,58,59,1011,27,876,22198,252,5251,1364,9766,26118,26117],"class_list":{"0":"post-471362","1":"post","2":"type-post","3":"status-publish","4":"format-standard","5":"has-post-thumbnail","7":"category-television","8":"tag-commentaire","9":"tag-coulisses","10":"tag-divertissement","11":"tag-entertainment","12":"tag-fr","13":"tag-france","14":"tag-france-3","15":"tag-france-tv","16":"tag-television","17":"tag-tu00e9lu00e9-loisirs","18":"tag-tv","19":"tag-un-si-grand-soleil","20":"tag-un-si-grand-soleil-ru00e9sumu00e9","21":"tag-un-si-grand-soleil-ru00e9sumu00e9-en-avance"},"share_on_mastodon":{"url":"https:\/\/pubeurope.com\/@fr\/115392691882495989","error":""},"_links":{"self":[{"href":"https:\/\/www.europesays.com\/fr\/wp-json\/wp\/v2\/posts\/471362","targetHints":{"allow":["GET"]}}],"collection":[{"href":"https:\/\/www.europesays.com\/fr\/wp-json\/wp\/v2\/posts"}],"about":[{"href":"https:\/\/www.europesays.com\/fr\/wp-json\/wp\/v2\/types\/post"}],"author":[{"embeddable":true,"href":"https:\/\/www.europesays.com\/fr\/wp-json\/wp\/v2\/users\/2"}],"replies":[{"embeddable":true,"href":"https:\/\/www.europesays.com\/fr\/wp-json\/wp\/v2\/comments?post=471362"}],"version-history":[{"count":0,"href":"https:\/\/www.europesays.com\/fr\/wp-json\/wp\/v2\/posts\/471362\/revisions"}],"wp:featuredmedia":[{"embeddable":true,"href":"https:\/\/www.europesays.com\/fr\/wp-json\/wp\/v2\/media\/471363"}],"wp:attachment":[{"href":"https:\/\/www.europesays.com\/fr\/wp-json\/wp\/v2\/media?parent=471362"}],"wp:term":[{"taxonomy":"category","embeddable":true,"href":"https:\/\/www.europesays.com\/fr\/wp-json\/wp\/v2\/categories?post=471362"},{"taxonomy":"post_tag","embeddable":true,"href":"https:\/\/www.europesays.com\/fr\/wp-json\/wp\/v2\/tags?post=471362"}],"curies":[{"name":"wp","href":"https:\/\/api.w.org\/{rel}","templated":true}]}}