{"id":471364,"date":"2025-10-18T01:58:12","date_gmt":"2025-10-18T01:58:12","guid":{"rendered":"https:\/\/www.europesays.com\/fr\/471364\/"},"modified":"2025-10-18T01:58:12","modified_gmt":"2025-10-18T01:58:12","slug":"son-nouveau-tube-va-vous-donner-envie-de-danser","status":"publish","type":"post","link":"https:\/\/www.europesays.com\/fr\/471364\/","title":{"rendered":"son nouveau tube va vous donner envie de danser !"},"content":{"rendered":"<p><img decoding=\"async\" src=\"https:\/\/www.europesays.com\/fr\/wp-content\/uploads\/2025\/10\/photo_1760705513.jpg\" class=\"textcenter img-content\" loading=\"lazy\"\/>YouTube<br \/>\n<br \/>\nL&rsquo;ann\u00e9e 2024 aurait \u00e9t\u00e9 des plus mouvement\u00e9s pour Kendji Girac, dont la carri\u00e8re a subi un coup d&rsquo;arr\u00eat \u00e0 la suite d&rsquo;une <a href=\"https:\/\/www.chartsinfrance.net\/Kendji-Girac\/news-133961.html\" target=\"_blank\" class=\"spip_out\" rel=\"nofollow noopener\">blessure par balles<\/a> qui a failli lui co\u00fbter la vie. Une \u00e9preuve qu&rsquo;il raconte en d\u00e9tails dans son <a href=\"https:\/\/www.chartsinfrance.net\/actualite\/news-133389.html\" target=\"_blank\" class=\"spip_out\" rel=\"nofollow noopener\">autobiographie \u00ab\u00a0Mi Vida\u00a0\u00bb<\/a>, disponible le 1er octobre chez Flammarion. \u00ab \u00c0 aucun moment je n&rsquo;ai pens\u00e9 mettre fin \u00e0 mes jours, c&rsquo;\u00e9tait vraiment un accident \u00bb assure celui qui a fait le choix, apr\u00e8s cet \u00e9lectro-choc, d&rsquo;arr\u00eater les exc\u00e8s : \u00ab \u00c7a fait un an et demi que je suis sobre. Et je m&rsquo;en porte tr\u00e8s tr\u00e8s bien. Je profite des choses essentielles, ma famille, mon travail \u00bb. Et pour c\u00e9l\u00e9brer ses 10 ans de carri\u00e8re, Kendji Girac a vu les choses en grand avec <a href=\"https:\/\/www.chartsinfrance.net\/actualite\/news-130121.html\" target=\"_blank\" class=\"spip_out\" rel=\"nofollow noopener\">une tourn\u00e9e des Z\u00e9nith<\/a> qui d\u00e9butera en janvier 2026 et <a href=\"https:\/\/www.chartsinfrance.net\/actualite\/news-130880.html\" target=\"_blank\" class=\"spip_out\" rel=\"nofollow noopener\">un nouvel album, \u00ab\u00a0Vivre&#8230;\u00a0\u00bb<\/a>, \u00e9coul\u00e9 \u00e0 pr\u00e8s de 110.000 exemplaires gr\u00e2ce aux singles introspectifs <a href=\"https:\/\/www.chartsinfrance.net\/actualite\/news-130065.html\" target=\"_blank\" class=\"spip_out\" rel=\"nofollow noopener\">\u00ab\u00a0Si seulement\u2026\u00a0\u00bb<\/a> ou <a href=\"https:\/\/www.chartsinfrance.net\/actualite\/news-131248.html\" target=\"_blank\" class=\"spip_out\" rel=\"nofollow noopener\">\u00ab\u00a0J&rsquo;ai chang\u00e9\u00a0\u00bb<\/a>.<\/p>\n<p>Le player Dailymotion est en train de se charger&#8230;<\/p>\n<p>\u00ab\u00a0Ensemble, on oublie les probl\u00e8mes\u00a0\u00bb<br \/>\nBonne nouvelle pour le public ! Kendji Girac a tout pr\u00e9vu pour ramener le soleil jusqu&rsquo;\u00e0 la fin de l&rsquo;ann\u00e9e. Cet \u00e9t\u00e9, l&rsquo;artiste gitan a revisit\u00e9 le tube culte <a href=\"https:\/\/www.chartsinfrance.net\/actualite\/news-133438.html\" target=\"_blank\" class=\"spip_out\" rel=\"nofollow noopener\">\u00ab\u00a0Un, dos, tres\u00a0\u00bb de Ricky Martin<\/a> en vue d&rsquo;un projet de plus grande envergure, qui n&rsquo;est autre qu&rsquo;<a href=\"https:\/\/www.chartsinfrance.net\/actualite\/news-133843.html\" target=\"_blank\" class=\"spip_out\" rel=\"nofollow noopener\">une r\u00e9\u00e9dition baptis\u00e9e \u00ab\u00a0Vivre&#8230; encore\u00a0\u00bb<\/a>, disponible d\u00e8s cette semaine en double vinyle, double CD et sur les plateformes de streaming. Pour choyer ses fans, le chanteur de 28 ans a enregistr\u00e9 pas moins de dix titres in\u00e9dits dont \u00ab\u00a0Oublier\u00a0\u00bb, qui est envoy\u00e9 aux radios comme nouveau single officiel. Pour ce titre f\u00e9d\u00e9rateur qui n&rsquo;est pas sans rappeler les derniers hits de Gims, Kendji Girac a fait appel \u00e0 deux pointures : l&rsquo;autrice Daysy, \u00e0 qui l&rsquo;on doit le plus gros carton de l&rsquo;an pass\u00e9, \u00ab\u00a0Ceux qu&rsquo;on \u00e9tait\u00a0\u00bb de Pierre Garnier, et le compositeur et producteur Renaud Rebillaud, fid\u00e8le de la premi\u00e8re heure qui lui a offert \u00ab\u00a0Color Gitano\u00a0\u00bb, \u00ab\u00a0Pour oublier\u00a0\u00bb, \u00ab\u00a0Que Dieu me pardonne\u00a0\u00bb, \u00ab\u00a0Habibi\u00a0\u00bb, \u00ab\u00a0Eva\u00a0\u00bb&#8230; La liste est longue !<\/p>\n<blockquote class=\"quote\"><p><b>\u00c0 LIRE &#8211;<\/b> <a href=\"https:\/\/www.chartsinfrance.net\/actualite\/news-133337.html\" target=\"_blank\" class=\"spip_out\" rel=\"nofollow noopener\">\u00ab\u00a0Il ne faut pas mentir au public\u00a0\u00bb : Kendji Girac r\u00e9v\u00e8le le plus gros regret de sa carri\u00e8re<\/a><\/p><\/blockquote>\n<p>\nFestif dans l&rsquo;\u00e2me, le morceau \u00ab\u00a0Oublier\u00a0\u00bb permet \u00e0 Kendji Girac de tourner la page apr\u00e8s des moments d\u00e9licats. \u00ab T&rsquo;as connu des \u00e9checs et tu t&rsquo;es relev\u00e9 quand m\u00eame \/ Toi, tu voulais la f\u00eate et t&rsquo;as connu la peine \/ Quand le poids de tes erreurs pesait un peu trop lourd \/ Tu as cherch\u00e9 ailleurs \/ Un peu de r\u00e9confort \/ Juste un peu d&rsquo;amiti\u00e9 \/ Pour te sentir plus fort \/ C&rsquo;est comme \u00e7a qu&rsquo;on s&rsquo;est trouv\u00e9 \u00bb chante l&rsquo;artiste sur un air pop-urbain entra\u00eenant, qui c\u00e9l\u00e8bre ici le pouvoir de l&rsquo;amiti\u00e9 : \u00ab On dirait que nos vies sont les m\u00eames \/ On dirait que nos c\u0153urs se prom\u00e8nent \/ On dirait qu&rsquo;on se voit et sans g\u00eane \/ Ensemble, on oublie les probl\u00e8mes \/ Toi et moi, oublier, oublier \u00bb.<\/p>\n<p>Et ce single qui fera certainement sensation en radio et sur sc\u00e8ne s&rsquo;accompagne d&rsquo;un clip c\u00e9l\u00e9brant le vivre-ensemble le temps d&rsquo;un plan-s\u00e9quence. Au milieu d&rsquo;une place de village, Kendji Girac offre des fleurs aux passantes et rassemble autour de lui une foule de plus en plus nombreuse qui se met \u00e0 danser avec lui pendant qu&rsquo;il interpr\u00e8te son morceau, transformant l&rsquo;instant en une f\u00eate populaire improvis\u00e9e. C&rsquo;est \u00e7a l&rsquo;effet Kendji !<\/p>\n","protected":false},"excerpt":{"rendered":"YouTube L&rsquo;ann\u00e9e 2024 aurait \u00e9t\u00e9 des plus mouvement\u00e9s pour Kendji Girac, dont la carri\u00e8re a subi un coup&hellip;\n","protected":false},"author":2,"featured_media":471365,"comment_status":"","ping_status":"","sticky":false,"template":"","format":"standard","meta":{"footnotes":""},"categories":[1355],"tags":[58,59,1011,27,1361,873],"class_list":{"0":"post-471364","1":"post","2":"type-post","3":"status-publish","4":"format-standard","5":"has-post-thumbnail","7":"category-musique","8":"tag-divertissement","9":"tag-entertainment","10":"tag-fr","11":"tag-france","12":"tag-music","13":"tag-musique"},"share_on_mastodon":{"url":"https:\/\/pubeurope.com\/@fr\/115392696411238869","error":""},"_links":{"self":[{"href":"https:\/\/www.europesays.com\/fr\/wp-json\/wp\/v2\/posts\/471364","targetHints":{"allow":["GET"]}}],"collection":[{"href":"https:\/\/www.europesays.com\/fr\/wp-json\/wp\/v2\/posts"}],"about":[{"href":"https:\/\/www.europesays.com\/fr\/wp-json\/wp\/v2\/types\/post"}],"author":[{"embeddable":true,"href":"https:\/\/www.europesays.com\/fr\/wp-json\/wp\/v2\/users\/2"}],"replies":[{"embeddable":true,"href":"https:\/\/www.europesays.com\/fr\/wp-json\/wp\/v2\/comments?post=471364"}],"version-history":[{"count":0,"href":"https:\/\/www.europesays.com\/fr\/wp-json\/wp\/v2\/posts\/471364\/revisions"}],"wp:featuredmedia":[{"embeddable":true,"href":"https:\/\/www.europesays.com\/fr\/wp-json\/wp\/v2\/media\/471365"}],"wp:attachment":[{"href":"https:\/\/www.europesays.com\/fr\/wp-json\/wp\/v2\/media?parent=471364"}],"wp:term":[{"taxonomy":"category","embeddable":true,"href":"https:\/\/www.europesays.com\/fr\/wp-json\/wp\/v2\/categories?post=471364"},{"taxonomy":"post_tag","embeddable":true,"href":"https:\/\/www.europesays.com\/fr\/wp-json\/wp\/v2\/tags?post=471364"}],"curies":[{"name":"wp","href":"https:\/\/api.w.org\/{rel}","templated":true}]}}