{"id":471366,"date":"2025-10-18T01:59:21","date_gmt":"2025-10-18T01:59:21","guid":{"rendered":"https:\/\/www.europesays.com\/fr\/471366\/"},"modified":"2025-10-18T01:59:21","modified_gmt":"2025-10-18T01:59:21","slug":"voici-4-films-a-voir-absolument-au-cine-ce-week-end-11","status":"publish","type":"post","link":"https:\/\/www.europesays.com\/fr\/471366\/","title":{"rendered":"Voici 4 films \u00e0 voir absolument au cin\u00e9 ce week-end"},"content":{"rendered":"<p>Alors que l\u2019automne s\u2019installe doucement sur l\u2019Hexagone, c\u2019est le moment id\u00e9al de vous r\u00e9fugier dans le cin\u00e9ma le plus proche de chez vous pour vous offrir un moment suspendu. Profitez du week-end pour prendre un peu de temps pour vous et vous faire une sortie cin\u00e9. Que vous soyez seul, avec vos amis, en compagnie de l\u2019amour de votre vie ou entour\u00e9 de votre famille, c\u2019est toujours une bonne id\u00e9e.<\/p>\n<p>Pour ceux qui ont d\u00e9j\u00e0 vu <a href=\"https:\/\/www.presse-citron.net\/voici-5-films-a-voir-absolument-ce-week-end-au-cine\/#meteors\" target=\"_blank\" rel=\"noopener\">Tron\u00a0: Ares<\/a> ou Marche ou cr\u00e8ve, bonne nouvelle\u00a0: de nouveaux films ont d\u00e9barqu\u00e9 dans les salles obscures cette semaine. Et il y en a pour tous les go\u00fbts\u00a0! Comme d\u2019habitude, nous sommes sur le pont pour vous d\u00e9nicher les p\u00e9pites de la semaine. Voici notre s\u00e9lection des 4 nouveaut\u00e9s cin\u00e9 \u00e0 voir pour le week-end.<\/p>\n<p>Chien 51<\/p>\n<p>    <a href=\"https:\/\/www.youtube.com\/@PressecitronHD?sub_confirmation=1\" target=\"_blank\" rel=\"nofollow noopener\"><br \/>\n        S&rsquo;abonner \u00e0 Presse-citron<br \/>\n    <\/a><\/p>\n<p>Policier, thriller, science fiction\u2026 Que de qualificatifs pour le nouveau film de C\u00e9dric Jimenez. Apr\u00e8s Novembre et Bac Nord, le r\u00e9alisateur nous propose une enqu\u00eate palpitante et nerveuse dans Paris alternatif et un futur proche. La Ville Lumi\u00e8re est d\u00e9sormais divis\u00e9e en 3 zones qui s\u00e9parent les classes sociales et o\u00f9 l\u2019intelligence artificielle ALMA a r\u00e9volutionn\u00e9 le travail de la police. Mais quand son inventeur est assassin\u00e9, Salia et Zem, deux policiers radicalement oppos\u00e9s, venant de zones diff\u00e9rentes, doivent collaborer et mener l\u2019enqu\u00eate.<\/p>\n<p>Si le c\u00f4t\u00e9 thriller de <a href=\"https:\/\/www.journaldugeek.com\/critique\/pourquoi-chien-51-nest-pas-le-grand-film-de-science-fiction-promis\/\" target=\"_blank\" rel=\"noopener\">Chien 51<\/a> est parfaitement ex\u00e9cut\u00e9, avec un sc\u00e9nario captivant qui nous pousse \u00e9videmment \u00e0 nous interroger sur notre rapport aux nouvelles technologies mais aussi \u00e0 la justice, l\u2019aspect science fiction est un peu plus en retrait que ce que le film promet. Rien de bien alarmant puisque Chien 51 s\u00e9duit tout de m\u00eame la presse (3,1\/5) et les spectateurs d\u2019AlloCin\u00e9 (3,4\/5). La mise en sc\u00e8ne fourmille de bonnes id\u00e9es, Ad\u00e8le Exarchopoulous <a href=\"https:\/\/www.presse-citron.net\/4-raisons-daller-voir-lamour-ouf-au-cinema\/\" target=\"_blank\" rel=\"noopener\">(L\u2019amour ouf)<\/a> et Gilles Lellouche (Les Petits Mouchoirs) forment un duo qui fonctionne \u00e0 la perfection tandis que la photographie est impeccable.<\/p>\n<p>Marcel et Monsieur Pagnol<\/p>\n<p>Pr\u00e9sent\u00e9 en S\u00e9ance Sp\u00e9ciale au Festival de Cannes 2025, Marcel et Monsieur Pagnol signe le retour \u00e0 l\u2019animation de Sylvain Chomet (Les Triplettes de Belleville). Le cin\u00e9aste nous emm\u00e8ne \u00e0 la rencontre de Marcel Pagnol. Alors \u00e0 l\u2019apog\u00e9e de sa gloire, il re\u00e7oit une commande pour l\u2019\u00e9criture d\u2019un feuilleton litt\u00e9raire afin de raconter son enfance, sa Provence et ses premi\u00e8res amours. Au fil des feuillets, l\u2019enfant qu\u2019il a \u00e9t\u00e9 autrefois ressurgit, tout comme tous ses souvenirs. L\u2019arriv\u00e9e du cin\u00e9ma parlant, le premier grand studio de cin\u00e9ma, son attachement aux acteurs, l\u2019exp\u00e9rience de l\u2019\u00e9criture\u2026 Marcel Pagnol se livre et devient alors le h\u00e9ros de sa propre histoire.<\/p>\n<p>Le style inimitable de Sylvain Chomet est bien pr\u00e9sent et Marcel et Monsieur Pagnol nous emporte dans un v\u00e9ritable \u00e9crin de douceur. Ce nouveau film d\u2019animation offre une parenth\u00e8se tendre et po\u00e9tique, o\u00f9 les cigales chantent, qui devrait convaincre les petits d\u00e8s 8 ans comme les plus grands. \u00c0 voir absolument\u00a0!<\/p>\n<p>Deux pianos<\/p>\n<p>Mathias Vogler est un prodige du piano. Apr\u00e8s un long exil, il rentre en France et retrouve la mentore de sa jeunesse, qui souhaite qu\u2019il donne une s\u00e9rie de concerts au piano \u00e0 se c\u00f4t\u00e9s \u00e0 l\u2019Auditorium de Lyon. Mais quand il tombe sur un enfant qui lui ressemble comme deux gouttes d\u2019eau, Mathias est embarqu\u00e9 dans une fr\u00e9n\u00e9sie qui menace de le fair sombrer et le m\u00e8nera \u00e0 Claude, son amour de jeunesse.<\/p>\n<p>Bien \u00e9videmment, la musique est aux premi\u00e8res loges de Deux Pianos. Mais pas seulement. Le long m\u00e9trage surprend et d\u00e9route les spectateurs \u00e0 bien des \u00e9gards. Fran\u00e7ois Civil (L\u2019amour ouf) est bouleversant aux c\u00f4t\u00e9s de Charlotte Rampling (Dune) et Nadia Tereszkiewicz (Les Amandiers), toutes deux brillantes.<\/p>\n<p>The Chronology of Water<\/p>\n<p>The Chronology of Water, pr\u00e9sent\u00e9 en s\u00e9lection Un Certain Regard au Festival de Cannes en mai dernier, a marqu\u00e9 les esprits sur la Croisette. Et pour cause\u00a0: c\u2019est le tout premier long m\u00e9trage de Kristen Stewart, qui est d\u00e9finitivement bien loin des ann\u00e9es Twilight. Apr\u00e8s huit ans d\u2019\u00e9criture et 500 versions, The Chronology of Water est une adaptation du roman autobiographique de Lidia Yuknavitch, qui a pris la cin\u00e9aste aux tripes lors de sa lecture en 2017.<\/p>\n<p>Ce long m\u00e9trage marque la naissance d\u2019une r\u00e9alisatrice, c\u2019est certain. Aussi puissant, que magnifique et d\u00e9rangeant, The Chronology of Water ne laisse personne indiff\u00e9rent. La presse est emball\u00e9e, lui accordant la note de 3,6, tandis que les spectateurs d\u2019AlloCin\u00e9 n\u2019ont pas boud\u00e9 leur plaisir non plus avec la moyenne de 3,1. Entre sa mise en sc\u00e8ne audacieuse et ambitieuse et le jeu exceptionnel et intense d\u2019Imogen Poots (All of You), The Chronology of Water vaut vraiment le d\u00e9tour.<\/p>\n<blockquote>\n<p class=\"text-base text-neutral-700 dark:text-neutral-300\">\ud83d\udccd Pour ne manquer aucune actualit\u00e9 de Presse-citron, suivez-nous sur <a href=\"https:\/\/news.google.com\/publications\/CAAqBggKMIPiNTC70wU?hl=fr&amp;gl=FR&amp;ceid=FR%3Afr\" target=\"_blank\" rel=\"noopener\">Google Actualit\u00e9s<\/a> et <a href=\"https:\/\/whatsapp.com\/channel\/0029VaCkGuz4NViitBXbEr0b\" target=\"_blank\" rel=\"noopener\">WhatsApp<\/a>.<\/p>\n<\/blockquote>\n","protected":false},"excerpt":{"rendered":"Alors que l\u2019automne s\u2019installe doucement sur l\u2019Hexagone, c\u2019est le moment id\u00e9al de vous r\u00e9fugier dans le cin\u00e9ma le&hellip;\n","protected":false},"author":2,"featured_media":471367,"comment_status":"","ping_status":"","sticky":false,"template":"","format":"standard","meta":{"footnotes":""},"categories":[1354],"tags":[58,59,1346,1011,27,3666,1360],"class_list":{"0":"post-471366","1":"post","2":"type-post","3":"status-publish","4":"format-standard","5":"has-post-thumbnail","7":"category-films","8":"tag-divertissement","9":"tag-entertainment","10":"tag-films","11":"tag-fr","12":"tag-france","13":"tag-guide-cine","14":"tag-movies"},"share_on_mastodon":{"url":"https:\/\/pubeurope.com\/@fr\/115392699908700480","error":""},"_links":{"self":[{"href":"https:\/\/www.europesays.com\/fr\/wp-json\/wp\/v2\/posts\/471366","targetHints":{"allow":["GET"]}}],"collection":[{"href":"https:\/\/www.europesays.com\/fr\/wp-json\/wp\/v2\/posts"}],"about":[{"href":"https:\/\/www.europesays.com\/fr\/wp-json\/wp\/v2\/types\/post"}],"author":[{"embeddable":true,"href":"https:\/\/www.europesays.com\/fr\/wp-json\/wp\/v2\/users\/2"}],"replies":[{"embeddable":true,"href":"https:\/\/www.europesays.com\/fr\/wp-json\/wp\/v2\/comments?post=471366"}],"version-history":[{"count":0,"href":"https:\/\/www.europesays.com\/fr\/wp-json\/wp\/v2\/posts\/471366\/revisions"}],"wp:featuredmedia":[{"embeddable":true,"href":"https:\/\/www.europesays.com\/fr\/wp-json\/wp\/v2\/media\/471367"}],"wp:attachment":[{"href":"https:\/\/www.europesays.com\/fr\/wp-json\/wp\/v2\/media?parent=471366"}],"wp:term":[{"taxonomy":"category","embeddable":true,"href":"https:\/\/www.europesays.com\/fr\/wp-json\/wp\/v2\/categories?post=471366"},{"taxonomy":"post_tag","embeddable":true,"href":"https:\/\/www.europesays.com\/fr\/wp-json\/wp\/v2\/tags?post=471366"}],"curies":[{"name":"wp","href":"https:\/\/api.w.org\/{rel}","templated":true}]}}