{"id":471368,"date":"2025-10-18T02:00:39","date_gmt":"2025-10-18T02:00:39","guid":{"rendered":"https:\/\/www.europesays.com\/fr\/471368\/"},"modified":"2025-10-18T02:00:39","modified_gmt":"2025-10-18T02:00:39","slug":"pourquoi-une-spirale-lumineuse-a-t-elle-ete-vue-dans-le-ciel-francais","status":"publish","type":"post","link":"https:\/\/www.europesays.com\/fr\/471368\/","title":{"rendered":"Pourquoi une spirale lumineuse a-t-elle \u00e9t\u00e9 vue dans le ciel fran\u00e7ais ?"},"content":{"rendered":"<p>Des t\u00e9moignages sur les r\u00e9seaux sociaux \u00e9voquent la pr\u00e9sence d\u2019une \u00e9trange spirale dans le ciel des Alpes, la nuit du mardi 14 au mercredi 15 octobre. La faute \u00e0 une fus\u00e9e de SpaceX, mais le ph\u00e9nom\u00e8ne est facilement explicable.<\/p>\n<p>Les images sont impressionnantes : une spirale lumineuse qui \u00e9claire le ciel au-dessus des Alpes. Rien de paranormal ou d\u2019origine extraterrestre, il s\u2019agit bel et bien d\u2019un ph\u00e9nom\u00e8ne caus\u00e9 par les humains, et plus particuli\u00e8rement par une fus\u00e9e Falcon 9 de SpaceX.<\/p>\n<p>Ce n\u2019est pas la premi\u00e8re fois que ces images ont pu \u00eatre vues en France. <a href=\"https:\/\/www.numerama.com\/sciences\/1933871-spacex-quelle-etait-cette-mysterieuse-spirale-bleue-apercue-dans-le-ciel-en-france.html\" rel=\"nofollow noopener\" target=\"_blank\">D\u00e9j\u00e0 en mars dernier<\/a>, de nombreux internautes s\u2019\u00e9taient interrog\u00e9s sur la pr\u00e9sence d\u2019une spirale similaire due, l\u00e0 aussi, \u00e0 une fus\u00e9e. Et m\u00eame en 2023, des images encore plus spectaculaires avaient \u00e9t\u00e9 prises au-dessus de l\u2019Alaska. Mais que se passe-t-il exactement ?<\/p>\n<p>Largage de carburant en haute altitude<\/p>\n<p>Il s\u2019agit en r\u00e9alit\u00e9 du carburant du deuxi\u00e8me \u00e9tage de la Falcon 9. Lorsque sa mission est achev\u00e9e, le lanceur largue le surplus de carburant dans l\u2019espace, ce qui forme une sorte de nuage compos\u00e9 d\u2019eau et de dioxyde de carbone. Lorsque ce largage est effectu\u00e9 en haute altitude, le carburant subitement sorti se transforme imm\u00e9diatement en glace, ce qui est visible sur ces clich\u00e9s.<\/p>\n<blockquote class=\"twitter-tweet\" data-width=\"500\" data-dnt=\"true\">\n<p lang=\"fr\" dir=\"ltr\">\ud83d\ude80\ud83c\udf00 Une spirale spatiale dans le ciel fran\u00e7ais ce mardi 14\/10 !<\/p>\n<p>Le 2\u00e8me \u00e9tage d\u2019une fus\u00e9e Falcon 9 de SpaceX visible lors de son d\u00e9gazage vers 6h00 pour la mission Kuiper KF-03. Merci \u00e0 <a href=\"https:\/\/twitter.com\/skaping?ref_src=twsrc%5Etfw\" rel=\"nofollow noopener\" target=\"_blank\">@skaping<\/a> pour l\u2019info.<\/p>\n<p>\ud83d\udcf7 : Skaping, Aiguille du Midi, Sybelles, Val Thorens et Alpe d\u2019Huez <a href=\"https:\/\/t.co\/lGf2z7e7H4\" rel=\"nofollow\">pic.twitter.com\/lGf2z7e7H4<\/a><\/p>\n<p>\u2014 Xplora (@XploraSpace) <a href=\"https:\/\/twitter.com\/XploraSpace\/status\/1978502278400070088?ref_src=twsrc%5Etfw\" rel=\"nofollow noopener\" target=\"_blank\">October 15, 2025<\/a><\/p><\/blockquote>\n<p>            Ce contenu est bloqu\u00e9 car vous n\u2019avez pas accept\u00e9 les cookies et autres traceurs. Ce contenu est fourni par Twitter.<br \/>Pour pouvoir le visualiser, vous devez accepter l\u2019usage \u00e9tant op\u00e9r\u00e9 par Twitter avec vos donn\u00e9es qui pourront \u00eatre utilis\u00e9es pour les finalit\u00e9s suivantes : vous permettre de visualiser et de partager des contenus avec des m\u00e9dias sociaux, favoriser le d\u00e9veloppement et l\u2019am\u00e9lioration des produits d\u2019Humanoid et de ses partenaires, vous afficher des publicit\u00e9s personnalis\u00e9es par rapport \u00e0 votre profil et activit\u00e9, vous d\u00e9finir un profil publicitaire personnalis\u00e9, mesurer la performance des publicit\u00e9s et du contenu de ce site et mesurer l\u2019audience de ce site <a href=\"#\" class=\"js-privacy\" target=\"_blank\">(en savoir plus)<\/a>        <\/p>\n<p>            En cliquant sur \u00ab J\u2019accepte tout \u00bb, vous consentez aux finalit\u00e9s susmentionn\u00e9es pour l\u2019ensemble des cookies et autres traceurs d\u00e9pos\u00e9s par Humanoid et <a class=\"embed-consent-overlay-vendors-link\" href=\"#preferences-vendeurs\">ses partenaires<\/a>.        <\/p>\n<p>            Vous gardez la possibilit\u00e9 de retirer votre consentement \u00e0 tout moment. Pour plus d\u2019informations, nous vous invitons \u00e0 prendre connaissance de notre <a href=\"https:\/\/www.numerama.com\/politique-cookies\" rel=\"nofollow noopener\" target=\"_blank\">Politique cookies<\/a>.        <\/p>\n<p>        J\u2019accepte tout    <\/p>\n<p class=\"embed-consent-overlay-manage-choices\">        <a href=\"#preferences-publicitaires\">G\u00e9rer mes choix<\/a>    <\/p>\n<p>Mais sur ce type de fus\u00e9e, seul le premier \u00e9tage est r\u00e9cup\u00e9r\u00e9, le second br\u00fble dans l\u2019atmosph\u00e8re. R\u00e9sultat, l\u2019\u00e9tage tombe en chute libre et perd le contr\u00f4le. Il lui arrive donc de tourner sur lui-m\u00eame, ce qui donne cette forme de spirale. Ce m\u00e9canisme est \u00e0 l\u2019\u0153uvre \u00e0 chaque lancement de Falcon 9, et c\u2019est d\u00e9j\u00e0 le 128\u00e8me depuis le d\u00e9but de l\u2019ann\u00e9e ! Alors pourquoi ne peut-on pas voir ces images \u00e0 chaque fois ?<\/p>\n<p>Cela d\u00e9pend de l\u2019heure du lancement, car le ph\u00e9nom\u00e8ne ne peut \u00eatre visible que de nuit. Ici, le lancement a eu lieu \u00e0 une heure du matin, mardi, heure de Paris, depuis la base militaire Vandenberg en Californie. Le nuage, lui, a pu \u00eatre observ\u00e9 aux alentours de six heures depuis la France.<\/p>\n<p>Un ph\u00e9nom\u00e8ne bref, mais fr\u00e9quent<\/p>\n<p>Mais il y a une autre condition : il faut que <a href=\"https:\/\/www.numerama.com\/sciences\/832387-le-soleil-tout-savoir-sur-letoile-du-systeme-solaire.html\" data-popover-target=\"definition\" data-tag=\"Le Soleil\u00a0: tout savoir sur l\u2019\u00e9toile du syst\u00e8me solaire en 22 questions\" data-chapo=\"Le Soleil est une \u00e9toile. Pas n&#039;importe laquelle : l&#039;\u00e9toile de notre syst\u00e8me solaire. C&#039;est autour de lui que la Terre, les autres plan\u00e8tes et encore bien d&#039;autres objets tournent continuellement.\" data-image=\"https:\/\/c0.lestechnophiles.com\/www.numerama.com\/wp-content\/uploads\/2025\/04\/solar-orbiter-1024x1024.jpg?key=d675f100\" rel=\"nofollow noopener\" target=\"_blank\">le Soleil<\/a> soit align\u00e9 d\u2019une certaine mani\u00e8re avec le carburant largu\u00e9 pour pouvoir l\u2019\u00e9clairer, ce qui peut lui donner une teinte bleut\u00e9e. Ici, les photos montrent une trace qui va du bleu au blanc selon les angles de vues.<\/p>\n<p>Il est plus fr\u00e9quent de voir ces spirales au-dessus du Pacifique ou en Am\u00e9rique du Nord, moins en Europe compte tenu de la distance et des directions prises par les fus\u00e9es lors de leurs lancements, mais cela se produit parfois, comme aujourd\u2019hui.<\/p>\n<p><a href=\"https:\/\/www.numerama.com\/wp-content\/uploads\/2025\/08\/falcon-9.jpg\" rel=\"nofollow noopener\" target=\"_blank\"><img decoding=\"async\" width=\"1024\" height=\"576\" loading=\"lazy\" alt=\"Source : SpaceX\" title=\"Source : SpaceX\" class=\"wp-image-2045527 placeholder-default wp-image\" src=\"https:\/\/www.europesays.com\/fr\/wp-content\/uploads\/2025\/10\/falcon-9-1024x576.jpg\" \/><\/a>Une fus\u00e9e Falcon 9 en vol. \/\/ Source : SpaceX<\/p>\n<p>Le ph\u00e9nom\u00e8ne est bref, \u00e0 peine quelques secondes, ce qui le rend assez peu discernable sur le moment. Ici, ce sont les webcams de l\u2019entreprise Skaping, perp\u00e9tuellement allum\u00e9es, qui ont pu capturer les spirales avant qu\u2019elles ne disparaissent.<\/p>\n<p>Tout cela peut faire craindre <a href=\"https:\/\/www.numerama.com\/sciences\/714371-space-x-continue-de-lancer-des-satellites-par-dizaines-malgre-les-critiques-sur-la-pollution-visuelle.html\" rel=\"nofollow noopener\" target=\"_blank\">une pollution suppl\u00e9mentaire<\/a> caus\u00e9e par ce carburant, ce qui est en partie vrai en raison du dioxyde de carbone qui est diss\u00e9min\u00e9 dans l\u2019atmosph\u00e8re. Mais ce n\u2019est pas ce d\u00e9gazage qui est source de pollution, les quantit\u00e9s \u00e9tant infimes compar\u00e9es \u00e0 <a href=\"https:\/\/www.numerama.com\/sciences\/2075025-a-quel-point-les-fusees-abiment-elles-la-couche-dozone.html\" rel=\"nofollow noopener\" target=\"_blank\">l\u2019\u00e9nergie n\u00e9cessaire \u00e0 un lancement<\/a>. Sans parler de la pollution caus\u00e9e par les engins eux-m\u00eames quand ils br\u00fblent dans l\u2019atmosph\u00e8re.<\/p>\n<p>Le prochain lancement nocturne d\u2019une fus\u00e9e Falcon 9 aura lieu dimanche 19 octobre \u00e0 une heure du matin, il pourrait donc \u00eatre propice \u00e0 l\u2019apparition de nouvelles spirales visibles en France, si les conditions sont r\u00e9unies.<\/p>\n<p>            <img decoding=\"async\" src=\"https:\/\/www.europesays.com\/fr\/wp-content\/uploads\/2025\/04\/iPhone-16-pro.png\" alt=\"Toute l'actu tech en un clien d'oeil\"\/><\/p>\n<p class=\"card-install-pwa__title\">Toute l&rsquo;actu tech en un clin d&rsquo;\u0153il<\/p>\n<p class=\"card-install-pwa__description\">Ajoutez Numerama \u00e0 votre \u00e9cran d&rsquo;accueil et restez connect\u00e9s au futur !<\/p>\n<p>            <img decoding=\"async\" src=\"https:\/\/www.numerama.com\/wp-content\/themes\/numerama-next\/assets\/images\/premium\/logo-card-pwa-coupe.svg\" alt=\"Logo PWA\"\/><\/p>\n<p>       Installer Numerama<\/p>\n<p>        <script async src=\"https:\/\/platform.twitter.com\/widgets.js\" charset=\"utf-8\"><\/script><\/p>\n","protected":false},"excerpt":{"rendered":"Des t\u00e9moignages sur les r\u00e9seaux sociaux \u00e9voquent la pr\u00e9sence d\u2019une \u00e9trange spirale dans le ciel des Alpes, la&hellip;\n","protected":false},"author":2,"featured_media":471369,"comment_status":"","ping_status":"","sticky":false,"template":"","format":"standard","meta":{"footnotes":""},"categories":[10],"tags":[1011,27,889,72,71,45,4314],"class_list":{"0":"post-471368","1":"post","2":"type-post","3":"status-publish","4":"format-standard","5":"has-post-thumbnail","7":"category-sante","8":"tag-fr","9":"tag-france","10":"tag-fusee","11":"tag-health","12":"tag-sante","13":"tag-spacex","14":"tag-starlink"},"share_on_mastodon":{"url":"https:\/\/pubeurope.com\/@fr\/115392704198014191","error":""},"_links":{"self":[{"href":"https:\/\/www.europesays.com\/fr\/wp-json\/wp\/v2\/posts\/471368","targetHints":{"allow":["GET"]}}],"collection":[{"href":"https:\/\/www.europesays.com\/fr\/wp-json\/wp\/v2\/posts"}],"about":[{"href":"https:\/\/www.europesays.com\/fr\/wp-json\/wp\/v2\/types\/post"}],"author":[{"embeddable":true,"href":"https:\/\/www.europesays.com\/fr\/wp-json\/wp\/v2\/users\/2"}],"replies":[{"embeddable":true,"href":"https:\/\/www.europesays.com\/fr\/wp-json\/wp\/v2\/comments?post=471368"}],"version-history":[{"count":0,"href":"https:\/\/www.europesays.com\/fr\/wp-json\/wp\/v2\/posts\/471368\/revisions"}],"wp:featuredmedia":[{"embeddable":true,"href":"https:\/\/www.europesays.com\/fr\/wp-json\/wp\/v2\/media\/471369"}],"wp:attachment":[{"href":"https:\/\/www.europesays.com\/fr\/wp-json\/wp\/v2\/media?parent=471368"}],"wp:term":[{"taxonomy":"category","embeddable":true,"href":"https:\/\/www.europesays.com\/fr\/wp-json\/wp\/v2\/categories?post=471368"},{"taxonomy":"post_tag","embeddable":true,"href":"https:\/\/www.europesays.com\/fr\/wp-json\/wp\/v2\/tags?post=471368"}],"curies":[{"name":"wp","href":"https:\/\/api.w.org\/{rel}","templated":true}]}}