{"id":471372,"date":"2025-10-18T02:02:15","date_gmt":"2025-10-18T02:02:15","guid":{"rendered":"https:\/\/www.europesays.com\/fr\/471372\/"},"modified":"2025-10-18T02:02:15","modified_gmt":"2025-10-18T02:02:15","slug":"des-dechets-woke-le-pentagone-furieux-contre-boots-la-nouvelle-serie-phenomene-de-netflix","status":"publish","type":"post","link":"https:\/\/www.europesays.com\/fr\/471372\/","title":{"rendered":"\u00ab\u00a0Des d\u00e9chets woke\u00a0\u00bb : Le Pentagone furieux contre \u00ab\u00a0Boots\u00a0\u00bb la nouvelle s\u00e9rie ph\u00e9nom\u00e8ne de Netflix"},"content":{"rendered":"<p>            <img loading=\"lazy\" decoding=\"async\" src=\"https:\/\/www.europesays.com\/fr\/wp-content\/uploads\/2025\/04\/82-65703a09b7c5d-35x35-1.jpg\" class=\"author-article-picture\" width=\"35\" height=\"35\"\/><\/p>\n<p>                Par<br \/>\n                                    <a class=\"author-article-bio-link\" href=\"https:\/\/www.ozap.com\/auteur\/bruna-fernandez_a82\" rel=\"nofollow noopener\" target=\"_blank\">Bruna Fernandez<\/a><br \/>\n                                                    | Journaliste<\/p>\n<p>\n                N\u00e9e \u00e0 l\u2019\u00e9poque des \u201cInconnus\u201d, Bruna grandit entre le Br\u00e9sil et la France. Enfant, elle enrichit son imaginaire devant le grand et le petit \u00e9cran. Devenue journaliste, elle passe derri\u00e8re la cam\u00e9ra et travaille pour plusieurs \u00e9missions. Un petit monde qu\u2019elle se pla\u00eet \u00e0 d\u00e9cortiquer pour puremedias.\n            <\/p>\n<p>\n    La s\u00e9rie \u00ab\u00a0Boots\u00a0\u00bb, succ\u00e8s surprise de Netflix depuis sa sortie le 9 octobre, ne pla\u00eet pas \u00e0 tout le monde. Inspir\u00e9e du livre \u00ab\u00a0The Pink Marine\u00a0\u00bb, cette com\u00e9die dramatique sur un jeune Marine homosexuel vient d&rsquo;\u00eatre vertement critiqu\u00e9e par le Pentagone, qui accuse la plateforme de propager une \u00ab\u00a0id\u00e9ologie woke\u00a0\u00bb.\n<\/p>\n<p>                            <img loading=\"lazy\" decoding=\"async\" class=\"player-thumbnail\" src=\"https:\/\/www.europesays.com\/fr\/wp-content\/uploads\/2025\/10\/b72d8057b36b8894-580x326-1.png\" width=\"580\" height=\"326\"\/><\/p>\n<p>                    La bande-annonce de \u00ab\u00a0Boots\u00a0\u00bb, actuellement sur Netflix. \u00a9 vid\u00e9o : Netflix \/ photo :  AGENCE \/ BESTIMAGE<\/p>\n<p>La suite apr\u00e8s la publicit\u00e9<\/p>\n<p>Un succ\u00e8s qui d\u00e9range. Alors que \u00ab\u00a0Boots\u00a0\u00bb caracole en t\u00eate du Top 10 Netflix, le d\u00e9partement am\u00e9ricain de la D\u00e9fense a jug\u00e9 bon de commenter publiquement la s\u00e9rie. Dans une d\u00e9claration \u00e0 \u00ab\u00a0Entertainment Weekly\u00a0\u00bb, \u00a0le porte-parole du Pentagone, Kingsley Wilson, d\u00e9nonce un programme \u00ab\u00a0id\u00e9ologique\u00a0\u00bb et \u00ab\u00a0dangereusement \u00e9loign\u00e9 des valeurs militaires\u00a0\u00bb.<\/p>\n<p>\u00ab\u00a0Netflix produit et diffuse constamment des d\u00e9chets woke \u00e0 son public\u00a0\u00bb<\/p>\n<p>\u00ab\u00a0Sous <a href=\"https:\/\/www.ozap.com\/actu\/la-pire-photo-de-tous-les-temps-donald-trump-fustige-la-une-du-magazine-time-le-mettant-a-lhonneur\/652018\" rel=\"nofollow noopener\" target=\"_blank\">la pr\u00e9sidence de Donald Trump<\/a> et la direction de Pete Hegseth, l&rsquo;arm\u00e9e am\u00e9ricaine revient \u00e0 une \u00e9thique de guerriers. Nos standards, dans tous les domaines, sont d\u2019un niveau d\u2019excellence, uniformes et neutres sur le plan du sexe, car le poids d\u2019un sac \u00e0 dos ou d\u2019un \u00eatre humain ne se soucie pas de savoir si vous \u00eates un homme, une femme, gay ou h\u00e9t\u00e9ro\u00a0\u00bb, d\u00e9clare-t-il. \u00ab\u00a0Nous ne compromettrons pas nos standards pour satisfaire un agenda id\u00e9ologique, contrairement \u00e0 Netflix, dont la direction produit et diffuse constamment ce type de d\u00e9chets woke \u00e0 son public et aux enfants.\u00a0\u00bb<\/p>\n<p>Une prise de position d&rsquo;autant plus politique que le secr\u00e9taire \u00e0 la D\u00e9fense de l&rsquo;administration Trump 2, Pete Hegseth, est lui-m\u00eame connu pour ses actions anti-LGBTQ. En juin dernier, il a fait retirer le nom d&rsquo;Harvey Milk \u2014 politicien assassin\u00e9, militant des droits LGBTQ et ancien marin \u2014 d&rsquo;un navire de la Marine am\u00e9ricaine. Il s&rsquo;est \u00e9galement illustr\u00e9 par sa volont\u00e9 d&rsquo;exclure les militaires transgenres de leurs fonctions et de \u00ab\u00a0mettre fin \u00e0 la culture woke dans les forces arm\u00e9es\u00a0\u00bb.<\/p>\n<p>Adapt\u00e9e du livre autobiographique \u00ab\u00a0The Pink Marine\u00a0\u00bb de Greg Cope White, \u00ab\u00a0Boots\u00a0\u00bb raconte le parcours initiatique de Cameron Cope (Miles Heizer), un adolescent gay des ann\u00e9es 1990 qui s&rsquo;engage dans le corps des Marines pour suivre son meilleur ami Ray McAffey (Liam Oh). Tous deux rejoignent un camp d&rsquo;entra\u00eenement men\u00e9 d&rsquo;une main de fer par le sergent Sullivan (Max Parker), tandis que la m\u00e8re du h\u00e9ros (Vera Farmiga) tente de comprendre ce que son fils traverse.<\/p>\n<p>Netflix : Une semaine apr\u00e8s sa sortie, cette s\u00e9rie inattendue d\u00e9tr\u00f4ne \u00ab\u00a0Monstre : L&rsquo;histoire d&rsquo;Ed Gein\u00a0\u00bb et prend la premi\u00e8re place du top mondial<\/p>\n<p>Sur un ton \u00e0 la fois dr\u00f4le et touchant, la s\u00e9rie met en lumi\u00e8re la rigidit\u00e9 d&rsquo;un monde militaire encore ferm\u00e9 \u00e0 la diversit\u00e9. Greg Cope White, ancien Marine, a directement particip\u00e9 \u00e0 l&rsquo;\u00e9criture du sc\u00e9nario. Dans son livre, il d\u00e9crit son exp\u00e9rience en tant que jeune recrue cachant son homosexualit\u00e9 dans une institution o\u00f9 la moindre sortie de cadre pouvait ruiner une carri\u00e8re. Il y raconte \u00ab\u00a0la peur constante d&rsquo;\u00eatre d\u00e9couvert\u00a0\u00bb, mais aussi \u00ab\u00a0l&rsquo;apprentissage de la camaraderie et de la r\u00e9silience dans un environnement hostile\u00a0\u00bb.<\/p>\n<p>\u00ab\u00a0J&rsquo;ai compris que beaucoup d&rsquo;entre nous, m\u00eame les plus virils, se sentaient diff\u00e9rents, rejet\u00e9s ou inad\u00e9quats. L&rsquo;arm\u00e9e, paradoxalement, m&rsquo;a appris que la force vient aussi de la vuln\u00e9rabilit\u00e9\u00a0\u00bb, \u00e9crit-il dans \u00ab\u00a0The Pink Marine\u00a0\u00bb. Le com\u00e9dien Miles Heizer, connu pour ses r\u00f4les dans \u00ab\u00a013 Reasons Why\u00a0\u00bb ou \u00ab\u00a0Parenthood\u00a0\u00bb, a expliqu\u00e9 dans une interview \u00e0 \u00ab\u00a0Variety\u00a0\u00bb combien il s&rsquo;\u00e9tait reconnu dans Cameron : \u00ab\u00a0J&rsquo;ai eu un coming out classique, malheureusement tr\u00e8s douloureux. Ma famille \u00e9tait super conservatrice et religieuse. \u00c0 19 ans, c&rsquo;\u00e9tait un cauchemar. Heureusement, ma s\u0153ur m&rsquo;a soutenu et mes amis aussi.\u00a0\u00bb Aujourd&rsquo;hui \u00e2g\u00e9 de 31 ans, l&rsquo;acteur revendique un message d&rsquo;espoir et de fiert\u00e9 dans cette fiction qu&rsquo;il juge \u00ab\u00a0n\u00e9cessaire dans une Am\u00e9rique qui r\u00e9gresse\u00a0\u00bb.<\/p>\n<p>        <img decoding=\"async\" class=\"thumb-img-100 thumb-img\" src=\"https:\/\/www.europesays.com\/fr\/wp-content\/uploads\/2025\/10\/33d215555db97242-320x180-1.jpg\" alt=\"&quot;La pire photo de tous les temps&quot; : Donald Trump fustige la Une du magazine &quot;Time&quot; le mettant \u00e0 l'honneur\" width=\"320\" height=\"180\" loading=\"lazy\" role=\"presentation\"\/><\/p>\n<p>                                            \u00ab\u00a0La pire photo de tous les temps\u00a0\u00bb : Donald Trump fustige la Une du magazine \u00ab\u00a0Time\u00a0\u00bb le mettant \u00e0 l&rsquo;honneur<\/p>\n<p>        <img decoding=\"async\" class=\"thumb-img-100 thumb-img\" src=\"https:\/\/www.europesays.com\/fr\/wp-content\/uploads\/2025\/10\/06fa93932ea208cf-320x180-1.png\" alt=\"&quot;Bridgerton&quot; : Netflix annonce (enfin) la date de diffusion de la saison 4... mais il faudra attendre 2026\" width=\"320\" height=\"180\" loading=\"lazy\" role=\"presentation\"\/><\/p>\n<p>                                            \u00ab\u00a0Bridgerton\u00a0\u00bb : Netflix annonce (enfin) la date de diffusion de la saison 4&#8230; mais il faudra attendre 2026<\/p>\n<p>        <img decoding=\"async\" class=\"thumb-img-100 thumb-img\" src=\"https:\/\/www.europesays.com\/fr\/wp-content\/uploads\/2025\/10\/f89408a200f5b38a-320x180-1.jpg\" alt=\"Excuses, larmes, attaques contre Donald Trump : Que retenir du retour \u00e0 l'antenne de Jimmy Kimmel sur ABC ?\" width=\"320\" height=\"180\" loading=\"lazy\" role=\"presentation\"\/><\/p>\n<p>                                            Excuses, larmes, attaques contre Donald Trump : Que retenir du retour \u00e0 l&rsquo;antenne de Jimmy Kimmel sur ABC ?<\/p>\n","protected":false},"excerpt":{"rendered":"Par Bruna Fernandez | Journaliste N\u00e9e \u00e0 l\u2019\u00e9poque des \u201cInconnus\u201d, Bruna grandit entre le Br\u00e9sil et la France.&hellip;\n","protected":false},"author":2,"featured_media":471373,"comment_status":"","ping_status":"","sticky":false,"template":"","format":"standard","meta":{"footnotes":""},"categories":[8],"tags":[58,59,1011,27],"class_list":{"0":"post-471372","1":"post","2":"type-post","3":"status-publish","4":"format-standard","5":"has-post-thumbnail","7":"category-divertissement","8":"tag-divertissement","9":"tag-entertainment","10":"tag-fr","11":"tag-france"},"share_on_mastodon":{"url":"https:\/\/pubeurope.com\/@fr\/115392712155634200","error":""},"_links":{"self":[{"href":"https:\/\/www.europesays.com\/fr\/wp-json\/wp\/v2\/posts\/471372","targetHints":{"allow":["GET"]}}],"collection":[{"href":"https:\/\/www.europesays.com\/fr\/wp-json\/wp\/v2\/posts"}],"about":[{"href":"https:\/\/www.europesays.com\/fr\/wp-json\/wp\/v2\/types\/post"}],"author":[{"embeddable":true,"href":"https:\/\/www.europesays.com\/fr\/wp-json\/wp\/v2\/users\/2"}],"replies":[{"embeddable":true,"href":"https:\/\/www.europesays.com\/fr\/wp-json\/wp\/v2\/comments?post=471372"}],"version-history":[{"count":0,"href":"https:\/\/www.europesays.com\/fr\/wp-json\/wp\/v2\/posts\/471372\/revisions"}],"wp:featuredmedia":[{"embeddable":true,"href":"https:\/\/www.europesays.com\/fr\/wp-json\/wp\/v2\/media\/471373"}],"wp:attachment":[{"href":"https:\/\/www.europesays.com\/fr\/wp-json\/wp\/v2\/media?parent=471372"}],"wp:term":[{"taxonomy":"category","embeddable":true,"href":"https:\/\/www.europesays.com\/fr\/wp-json\/wp\/v2\/categories?post=471372"},{"taxonomy":"post_tag","embeddable":true,"href":"https:\/\/www.europesays.com\/fr\/wp-json\/wp\/v2\/tags?post=471372"}],"curies":[{"name":"wp","href":"https:\/\/api.w.org\/{rel}","templated":true}]}}