{"id":471374,"date":"2025-10-18T02:03:16","date_gmt":"2025-10-18T02:03:16","guid":{"rendered":"https:\/\/www.europesays.com\/fr\/471374\/"},"modified":"2025-10-18T02:03:16","modified_gmt":"2025-10-18T02:03:16","slug":"ce-laptop-asus-innovant-avec-ses-deux-ecrans-tactiles-oled-3k-et-400-e-de-reduction-est-une-vraie-revolution","status":"publish","type":"post","link":"https:\/\/www.europesays.com\/fr\/471374\/","title":{"rendered":"Ce laptop Asus innovant avec ses deux \u00e9crans tactiles OLED 3K et 400 \u20ac de r\u00e9duction est une vraie r\u00e9volution"},"content":{"rendered":"<p>Sur le site de Darty, le laptop \u00e0 double \u00e9cran OLED 3K Asus Zenbook Duo UX8406MA pour 1 599,99 euros au lieu de 1 999,99 euros.<\/p>\n<p><a href=\"https:\/\/images.frandroid.com\/wp-content\/uploads\/2025\/05\/image-31-3-scaled.jpg\" target=\"_blank\" class=\"article-content__figure\" rel=\"noopener\"><img fetchpriority=\"high\" decoding=\"async\" loading=\"eager\" width=\"1200\" height=\"800\" src=\"https:\/\/www.europesays.com\/fr\/wp-content\/uploads\/2025\/10\/image-31-3-scaled.jpg\" alt=\"\" class=\"wp-image-2613859 wp-image wp-image\"  \/><\/a><\/p>\n<p>L\u2019Asus Zenbook Duo est un ordinateur bien particulier qui pourrait en d\u00e9sar\u00e7onner plus d\u2019un. Sous ses airs de laptop classique, il cache en fait deux \u00e9crans OLED tactile 3K dont un sur un clavier d\u00e9tachable qui fait qu\u2019il est possible de le transformer en v\u00e9ritable station de travail \u00e0 double \u00e9cran. Le tout dans un format compact et tr\u00e8s l\u00e9ger puisqu\u2019il fait 1,65 kg seulement. Une innovation qui a un co\u00fbt, <a href=\"https:\/\/shop.frandroid.com\/9uabmo89\" target=\"_blank\" rel=\"noreferrer noopener affiliate nofollow\" data-gtm=\"{&quot;event&quot;:&quot;afficlic&quot;,&quot;nom_marchand&quot;:&quot;darty&quot;,&quot;nom_produit&quot;:&quot;inconnu&quot;,&quot;categorie_produit&quot;:&quot;inconnu&quot;,&quot;module_produit&quot;:&quot;editolink&quot;,&quot;position_marchand&quot;:0,&quot;texte&quot;:&quot;abaisse-de-20-sur-darty&quot;,&quot;offer_url&quot;:&quot;https:\/\/shop.frandroid.com\/9uabmo89&quot;,&quot;zone&quot;:&quot;contenu-page&quot;}\">abaiss\u00e9 de 20 % sur Darty<\/a> en ce moment.<\/p>\n<p>Les atouts de l\u2019Asus Zenbook Duo UX8406MA<\/p>\n<ul class=\"wp-block-list\">\n<li>Son design innovant avec deux \u00e9crans OLED 3K<\/li>\n<li>La qualit\u00e9 d\u2019affichage avec taux de rafra\u00eechissement \u00e0 120 Hz<\/li>\n<li>Une autonomie jusqu\u2019\u00e0 7 h avec les deux \u00e9crans allum\u00e9s<\/li>\n<\/ul>\n<p>Cette version de l\u2019Asus Zenbook Duo avec un Core Ultra 7 passe de 1 999,99 euros \u00e0 <a href=\"https:\/\/shop.frandroid.com\/9uabmo89\" target=\"_blank\" rel=\"noreferrer noopener affiliate nofollow\" data-gtm=\"{&quot;event&quot;:&quot;afficlic&quot;,&quot;nom_marchand&quot;:&quot;darty&quot;,&quot;nom_produit&quot;:&quot;inconnu&quot;,&quot;categorie_produit&quot;:&quot;inconnu&quot;,&quot;module_produit&quot;:&quot;editolink&quot;,&quot;position_marchand&quot;:0,&quot;texte&quot;:&quot;1-599-99-euros-sur-le-site-de-darty&quot;,&quot;offer_url&quot;:&quot;https:\/\/shop.frandroid.com\/9uabmo89&quot;,&quot;zone&quot;:&quot;contenu-page&quot;}\">1 599,99 euros sur le site de Darty<\/a>.<\/p>\n<p>Si, par la suite, l\u2019offre mentionn\u00e9e dans cet article n\u2019est plus disponible, merci de jeter un coup d\u2019\u0153il ci-dessous afin de d\u00e9nicher d\u2019autres offres concernant l\u2019Asus Zenbook Duo UX8406. Le tableau s\u2019actualise automatiquement. <\/p>\n<p>Un laptop fin qui renferme deux \u00e9crans<\/p>\n<p>Quand il est ferm\u00e9, l\u2019Asus Zenbook Duo ne se distingue pas forc\u00e9ment d\u2019un laptop classique. Un format de 313,5 \u00d7 218 \u00d7 22 mm pour 1,65 kg, on pourrait croire \u00e0 de l\u2019ultrabook tout ce qu\u2019il a de plus courant, voire un peu plus \u00e9pais que la normale. Mais une fois ouvert, c\u2019est une autre paire de manche et il fascine d\u2019embl\u00e9e avec son syst\u00e8me de double \u00e9cran, qu\u2019il est possible d\u2019utiliser en mode partage ou en mode livre \u00e0 la verticale.<\/p>\n<p>Et ce ne sont pas n\u2019importe quels \u00e9crans, il s\u2019agit de deux mod\u00e8les OLED 3K de 14 pouces avec une luminosit\u00e9 de 500 nits, une couverture de 100 % du DCI-P3 et un rev\u00eatement tactile. Le second \u00e9cran est situ\u00e9 au-dessus du clavier, qui est lui-m\u00eame d\u00e9tachable avec un syst\u00e8me magn\u00e9tique. De quoi changer de configuration \u00e0 la vol\u00e9e pour s\u2019adapter \u00e0 vos besoins.<\/p>\n<p>Il n\u2019est pas seulement \u00e9l\u00e9gant, il est aussi puissant<\/p>\n<p>Asus ne s\u2019est pas content\u00e9 de sortir un concept intriguant, il a dot\u00e9 son laptop Zenbook Duo de composants puissants. Dans cette version, vous retrouvez un Intel Core Ultra 7, diff\u00e9rent de l\u2019Ultra 9 285H pr\u00e9sent dans la version que nous avons test\u00e9, mais qui reste tr\u00e8s performant pour un ultrabook. Avec, vous avez une puce Intel Arc 140T int\u00e9gr\u00e9e, qui est l\u2019\u00e9quivalent d\u2019une RTX 3050 mobile avec ray tracing pris en charge.<\/p>\n<p>16 Go de RAM, SSD de 1 To avec <a href=\"https:\/\/www.frandroid.com\/marques\/microsoft\/2829487_il-reste-encore-une-ultime-technique-pour-installer-windows-11-sans-compte-microsoft\" target=\"_blank\" rel=\"noopener\">Windows 11,<\/a> batterie de 75 WHrs pour 9 h d\u2019autonomie avec un \u00e9cran, 7 h en utilisant les deux : il est facile de s\u2019imaginer utiliser ce laptop pour travailler tous les jours. Dommage que la configuration ne soit pas \u00e9volutive. Il propose deux ports Thunderbolt 4, un <a href=\"https:\/\/www.frandroid.com\/comment-faire\/comment-fonctionne-la-technologie\/1414389_quels-sont-les-types-normes-versions-vitesses-usb\" target=\"_blank\" rel=\"noopener\">USB 3.2<\/a> Gen1, un HDMI 2.1 limit\u00e9 au standard TMDS, donc pas de 4K@120 Hz et une prise jack. Le <a href=\"https:\/\/www.frandroid.com\/guide-dachat\/2362234_wifi-7-mesh-quel-repeteur-wifi-choisir\" target=\"_blank\" rel=\"noopener\">WiFi 7<\/a> et le Bluetooth 5.4 sont de la partie, pas de port Ethernet en revanche, mais \u00e7a lui permet de garder la ligne.<\/p>\n<p>Si ce laptop vous int\u00e9resse, vous pouvez consulter <a href=\"https:\/\/www.frandroid.com\/test\/2599933_test-asus-zenbook-duo-ux8406-le-laptop-le-plus-cool-de-2025\" target=\"_blank\" rel=\"noreferrer noopener\">notre test de la version avec un Core Ultra 9<\/a>, qui est, mis \u00e0 part \u00e7a, similaire en tout point.<\/p>\n<p>Notre guide sur <a href=\"https:\/\/www.frandroid.com\/guide-dachat\/1661013_meilleurs-pc-ultraportables-quel-modele-de-pc-nomade-choisir\" target=\"_blank\" rel=\"noreferrer noopener\">les meilleurs ultraportables<\/a> est aussi \u00e0 votre disposition pour vous guider sur la voie des laptops fins et l\u00e9gers.<\/p>\n","protected":false},"excerpt":{"rendered":"Sur le site de Darty, le laptop \u00e0 double \u00e9cran OLED 3K Asus Zenbook Duo UX8406MA pour 1&hellip;\n","protected":false},"author":2,"featured_media":471375,"comment_status":"","ping_status":"","sticky":false,"template":"","format":"standard","meta":{"footnotes":""},"categories":[7],"tags":[59503,943,1011,27,43,40,41,39,42,44],"class_list":{"0":"post-471374","1":"post","2":"type-post","3":"status-publish","4":"format-standard","5":"has-post-thumbnail","7":"category-sciences-et-technologies","8":"tag-asus-zenbook-duo-ux8406","9":"tag-bons-plans-darty","10":"tag-fr","11":"tag-france","12":"tag-science","13":"tag-science-and-technology","14":"tag-sciences","15":"tag-sciences-et-technologies","16":"tag-technologies","17":"tag-technology"},"share_on_mastodon":{"url":"https:\/\/pubeurope.com\/@fr\/115392715545363005","error":""},"_links":{"self":[{"href":"https:\/\/www.europesays.com\/fr\/wp-json\/wp\/v2\/posts\/471374","targetHints":{"allow":["GET"]}}],"collection":[{"href":"https:\/\/www.europesays.com\/fr\/wp-json\/wp\/v2\/posts"}],"about":[{"href":"https:\/\/www.europesays.com\/fr\/wp-json\/wp\/v2\/types\/post"}],"author":[{"embeddable":true,"href":"https:\/\/www.europesays.com\/fr\/wp-json\/wp\/v2\/users\/2"}],"replies":[{"embeddable":true,"href":"https:\/\/www.europesays.com\/fr\/wp-json\/wp\/v2\/comments?post=471374"}],"version-history":[{"count":0,"href":"https:\/\/www.europesays.com\/fr\/wp-json\/wp\/v2\/posts\/471374\/revisions"}],"wp:featuredmedia":[{"embeddable":true,"href":"https:\/\/www.europesays.com\/fr\/wp-json\/wp\/v2\/media\/471375"}],"wp:attachment":[{"href":"https:\/\/www.europesays.com\/fr\/wp-json\/wp\/v2\/media?parent=471374"}],"wp:term":[{"taxonomy":"category","embeddable":true,"href":"https:\/\/www.europesays.com\/fr\/wp-json\/wp\/v2\/categories?post=471374"},{"taxonomy":"post_tag","embeddable":true,"href":"https:\/\/www.europesays.com\/fr\/wp-json\/wp\/v2\/tags?post=471374"}],"curies":[{"name":"wp","href":"https:\/\/api.w.org\/{rel}","templated":true}]}}