{"id":471376,"date":"2025-10-18T02:04:12","date_gmt":"2025-10-18T02:04:12","guid":{"rendered":"https:\/\/www.europesays.com\/fr\/471376\/"},"modified":"2025-10-18T02:04:12","modified_gmt":"2025-10-18T02:04:12","slug":"electricite-tout-comprendre-a-la-reforme-sur-les-heures-pleines-et-creuses-en-vigueur-au-1er-novembre-liberation","status":"publish","type":"post","link":"https:\/\/www.europesays.com\/fr\/471376\/","title":{"rendered":"Electricit\u00e9 : tout comprendre \u00e0 la r\u00e9forme sur les heures pleines et creuses en vigueur au 1er novembre &#8211; Lib\u00e9ration"},"content":{"rendered":"<ol>\n<li><a href=\"https:\/\/news.google.com\/rss\/articles\/CBMi_wFBVV95cUxNRHo0MVBscmIxU3FVRUo0ZXVsRG5YVTk1LUNielVjN1RFU2hueEZRWEJrdVJ4bXREalVpZjZqRFBtTmdIVHgxTlVucHdGaGgyb0FVMnVraDRNdDdhekJ3a0x6VVhEVXIyck5MYVZkSXEwVnM1eDRCV3BVVnBVOUhaMnFQd09QNW1pM1ViSmFjVVZ4WDNEZXRwa0RsbUFTRXVUUDNFaUpKWXkydC1CaEx3ckxpeXdBc1pacDBybVRwZmo4ZmRvYnFJcVN6dnA0UHI5N1ZmNjViZ1Jwd3FQUG1iN1JzVXNBVW5pS2EyaFhWUkR5RkxFd1RDWEZPR3FCU00?oc=5\" target=\"_blank\" rel=\"nofollow noopener\">Electricit\u00e9 : tout comprendre \u00e0 la r\u00e9forme sur les heures pleines et creuses en vigueur au 1er novembre<\/a>&nbsp;&nbsp;Lib\u00e9ration<\/li>\n<li><a href=\"https:\/\/news.google.com\/rss\/articles\/CBMitgFBVV95cUxQelJOZXQ5bGFMblBmcHBKYWV3T3o2OVZBQ0EwYTkxQ2tONFRfZlpPSm5xRnVsZUpscTA1b2dzTm9aUlFaaTNvcWhDZVNYa3l1NlFqZHpzY0ZwTzBNVlVHcklTdVJwOGFrOUZzX3Vqa1hTUjhEbFV5R2U4bzUxVWRJY01SWV9CT0h3cDlrbHFSUDZUNElVME02OHZLTEluSHhpUzh5cExRQUtKNUF6ak96TkgyUW9kQQ?oc=5\" target=\"_blank\" rel=\"nofollow noopener\">Heures creuses 2025 : tout comprendre sur le changement d\u2019horaires<\/a>&nbsp;&nbsp;Enedis<\/li>\n<li><a href=\"https:\/\/news.google.com\/rss\/articles\/CBMivwFBVV95cUxOUU9lVG1ia0hkdUl0STJZcFBDYjI5N0xTeUFEZXI5blE5YkliYnZCejZyS2tmQkxVWWpKaWFCUFlqMmM3d0t2bXhZOFQ3T2xGU3dzVG9wU291ZUxMcUVCOS1yYkhtODRob1pkb3VwdHFDZGdXb1cycjJtYmpmcE9oMWl1UkhfektYNGpQczRwcTRqMkVjZEdkZWxRalY0ZHVwYkFNUzBkbV82NU1hUEk5RTVockVjeUdVZFRoSmVkQQ?oc=5\" target=\"_blank\" rel=\"nofollow noopener\">\u00c9lectricit\u00e9 : pourquoi les heures creuses vont-elles \u00eatre modifi\u00e9es ?<\/a>&nbsp;&nbsp;RTL.fr<\/li>\n<li><a href=\"https:\/\/news.google.com\/rss\/articles\/CBMizwFBVV95cUxQUUhDUGdPdkVVcVdTYXBVQmMxY0hXSlJjbzRaTUdSNUVGRHlhRTJGZEFRYWl1SzFnaTdFRVg0VWpYYmUwU2VqdDAtdlZadndRc0s3SjI2c0xweU5WV1BOQ2FzMlk1aUZVbnRWZ0hXaXFyWjcyODY1RS1kX2dMd1JQblktUW9QVDNMTUozazl3MTZCd3RqaE1wdHhyOWF1TGZOc0Jwb3RQcmhIVmNpb0dibWpNMzJ1LXRlQVdDNnlELVNyQXAzWFpuME9JY0RUOVU?oc=5\" target=\"_blank\" rel=\"nofollow noopener\">Heures pleines, heures creuses : elles vont changer au 1er novembre et on vous explique comment<\/a>&nbsp;&nbsp;TF1 Info<\/li>\n<li><a href=\"https:\/\/news.google.com\/rss\/articles\/CBMimwJBVV95cUxNUFpONW9GSnhhWl9OeUp5LVo5VFRYLVk0X2xWRkkwYVpkWnQ2b19tRS1LNlJiRDJpMmc1c002MkN3MDlGdkpJNWZnMUo0ZnN5d2hUWFdfcmlBUzE3R3pjUWI3SnRGOVVpc05qeDRHaFBxWmdPQmRwaTdXOHlIVWFHOUlPNDVjTEh0eUx0eHMxc0hjT25pR0J3NHBTbjd4aFFhWVgtMkJmQ1dnTmtURFNkSDRnU3g2MjYtc043T1U0NnJkRUV6ZFY2QVZIMy16T053VmNaZlh1Y1dVY2tTUHQzRUNmLVNjSFdQay1HekZwaXZFcW9RcDN0OW9XY29CSXVpRnVGS0lUY05xSUYzaG9NQjNXQUxCam1Zd0I4?oc=5\" target=\"_blank\" rel=\"nofollow noopener\">La question du jour. Prenez-vous en compte les heures creuses dans votre consommation d\u2019\u00e9lectricit\u00e9 ?<\/a>&nbsp;&nbsp;Ouest-France<\/li>\n<\/ol>\n","protected":false},"excerpt":{"rendered":"Electricit\u00e9 : tout comprendre \u00e0 la r\u00e9forme sur les heures pleines et creuses en vigueur au 1er novembre&nbsp;&nbsp;Lib\u00e9ration&hellip;\n","protected":false},"author":2,"featured_media":395849,"comment_status":"","ping_status":"","sticky":false,"template":"","format":"standard","meta":{"footnotes":""},"categories":[6],"tags":[35,33,34,1011,27],"class_list":{"0":"post-471376","1":"post","2":"type-post","3":"status-publish","4":"format-standard","5":"has-post-thumbnail","7":"category-economie","8":"tag-business","9":"tag-economie","10":"tag-economy","11":"tag-fr","12":"tag-france"},"share_on_mastodon":{"url":"https:\/\/pubeurope.com\/@fr\/115392719403064691","error":""},"_links":{"self":[{"href":"https:\/\/www.europesays.com\/fr\/wp-json\/wp\/v2\/posts\/471376","targetHints":{"allow":["GET"]}}],"collection":[{"href":"https:\/\/www.europesays.com\/fr\/wp-json\/wp\/v2\/posts"}],"about":[{"href":"https:\/\/www.europesays.com\/fr\/wp-json\/wp\/v2\/types\/post"}],"author":[{"embeddable":true,"href":"https:\/\/www.europesays.com\/fr\/wp-json\/wp\/v2\/users\/2"}],"replies":[{"embeddable":true,"href":"https:\/\/www.europesays.com\/fr\/wp-json\/wp\/v2\/comments?post=471376"}],"version-history":[{"count":0,"href":"https:\/\/www.europesays.com\/fr\/wp-json\/wp\/v2\/posts\/471376\/revisions"}],"wp:featuredmedia":[{"embeddable":true,"href":"https:\/\/www.europesays.com\/fr\/wp-json\/wp\/v2\/media\/395849"}],"wp:attachment":[{"href":"https:\/\/www.europesays.com\/fr\/wp-json\/wp\/v2\/media?parent=471376"}],"wp:term":[{"taxonomy":"category","embeddable":true,"href":"https:\/\/www.europesays.com\/fr\/wp-json\/wp\/v2\/categories?post=471376"},{"taxonomy":"post_tag","embeddable":true,"href":"https:\/\/www.europesays.com\/fr\/wp-json\/wp\/v2\/tags?post=471376"}],"curies":[{"name":"wp","href":"https:\/\/api.w.org\/{rel}","templated":true}]}}