{"id":471379,"date":"2025-10-18T02:06:20","date_gmt":"2025-10-18T02:06:20","guid":{"rendered":"https:\/\/www.europesays.com\/fr\/471379\/"},"modified":"2025-10-18T02:06:20","modified_gmt":"2025-10-18T02:06:20","slug":"quatre-hommes-qui-projetaient-lassassinat-dun-opposant-de-poutine-interpelles-en-france","status":"publish","type":"post","link":"https:\/\/www.europesays.com\/fr\/471379\/","title":{"rendered":"Quatre hommes qui projetaient l\u2019assassinat d\u2019un opposant de Poutine interpell\u00e9s en France"},"content":{"rendered":"<p>Quatre hommes, un Fran\u00e7ais et trois suspects originaires du Daghestan, ont \u00e9t\u00e9 arr\u00eat\u00e9s en r\u00e9gion <a href=\"https:\/\/www.20minutes.fr\/paris\/\" class=\"c-link c-link--is-underlined\" target=\"_blank\" rel=\"noopener\">parisienne <\/a>et en <a href=\"https:\/\/www.20minutes.fr\/societe\/loire-atlantique\/\" class=\"c-link c-link--is-underlined\" target=\"_blank\" rel=\"noopener\">Loire-Atlantique<\/a> dans le cadre d\u2019une enqu\u00eate sur un projet <a href=\"https:\/\/www.20minutes.fr\/dossier\/tentative_d_assassinat\" class=\"c-link c-link--is-underlined\" target=\"_blank\" rel=\"noopener\">d\u2019assassinat <\/a>d\u2019un opposant russe \u00e0 <a href=\"https:\/\/www.20minutes.fr\/monde\/vladimir_poutine\/\" class=\"c-link c-link--is-underlined\" target=\"_blank\" rel=\"noopener\">Vladimir Poutine<\/a> et r\u00e9sident en France, du c\u00f4t\u00e9 de <a href=\"https:\/\/www.20minutes.fr\/sport\/biarritz\/\" class=\"c-link c-link--is-underlined\" target=\"_blank\" rel=\"noopener\">Biarritz<\/a>, rapporte <a href=\"https:\/\/www.leparisien.fr\/faits-divers\/un-possible-projet-dassassinat-visant-un-opposant-russe-refugie-en-france-dejoue-16-10-2025-E5AST4ZWBFGCZKKZO55PK22QJM.php?ts=1760686119662\" rel=\"nofollow noopener\" target=\"_blank\" class=\"c-link c-link--is-underlined\">Le Parisien<\/a>.<\/p>\n<p>Ils sont suspect\u00e9s d\u2019avoir projet\u00e9 d\u2019assassiner Vladimir Ossetchkine, un citoyen russe de 44 ans qui a fui son pays en\u00a02015, d\u00e9fenseur des droits humains et lanceur d\u2019alertes anti-<a href=\"https:\/\/www.20minutes.fr\/dossier\/corruption\" class=\"c-link c-link--is-underlined\" target=\"_blank\" rel=\"noopener\">corruption<\/a>, notamment via son site Gulagu.net, qui s\u2019est fait conna\u00eetre en publiant des vid\u00e9os r\u00e9v\u00e9lant la torture dans les prisons russes.<\/p>\n<p>Rep\u00e9rage au domicile de la cible<\/p>\n<p>Les enqu\u00eateurs de la DGSI (Direction g\u00e9n\u00e9rale de la s\u00e9curit\u00e9 int\u00e9rieure) sont parvenus \u00e0 \u00e9tablir, notamment au moyen de vid\u00e9o trouv\u00e9es dans le t\u00e9l\u00e9phone du meneur, que des op\u00e9rations de rep\u00e9rage du domicile de la cible avaient \u00e9t\u00e9 effectu\u00e9es par les quatre hommes, dont le Parquet national anti-terroriste (Pnat) a demand\u00e9 la d\u00e9tention pr\u00e9ventive.<\/p>\n<\/p>\n<p>Vladimir Ossetchkine est sous protection polici\u00e8re depuis\u00a02022. En janvier dernier, l\u2019opposant russe avait port\u00e9 plainte apr\u00e8s que deux individus ont tent\u00e9 de p\u00e9n\u00e9trer dans son domicile, compl\u00e8te le quotidien francilien.<\/p>\n","protected":false},"excerpt":{"rendered":"Quatre hommes, un Fran\u00e7ais et trois suspects originaires du Daghestan, ont \u00e9t\u00e9 arr\u00eat\u00e9s en r\u00e9gion parisienne et en&hellip;\n","protected":false},"author":2,"featured_media":471380,"comment_status":"","ping_status":"","sticky":false,"template":"","format":"standard","meta":{"footnotes":""},"categories":[4],"tags":[47,11,3177,3463,1770,59504,33710,4777,118,1011,27,662,3047,74,766,12,2219,17181,626,2636,6375,25,8013,132,5158,135],"class_list":{"0":"post-471379","1":"post","2":"type-post","3":"status-publish","4":"format-standard","5":"has-post-thumbnail","7":"category-france","8":"tag-actualite","9":"tag-actualites","10":"tag-aquitaine","11":"tag-biarritz","12":"tag-corruption","13":"tag-daghestan","14":"tag-dgsi","15":"tag-espionnage","16":"tag-faits-divers","17":"tag-fr","18":"tag-france","19":"tag-ile-de-france","20":"tag-loire-atlantique","21":"tag-monde","22":"tag-nantes","23":"tag-news","24":"tag-nouvelle-aquitaine","25":"tag-opposant","26":"tag-paris","27":"tag-pays-de-la-loire","28":"tag-pyrenees-atlantiques","29":"tag-republique-francaise","30":"tag-russe","31":"tag-russie","32":"tag-tentative-dassassinat","33":"tag-vladimir-poutine"},"share_on_mastodon":{"url":"https:\/\/pubeurope.com\/@fr\/115392727196252299","error":""},"_links":{"self":[{"href":"https:\/\/www.europesays.com\/fr\/wp-json\/wp\/v2\/posts\/471379","targetHints":{"allow":["GET"]}}],"collection":[{"href":"https:\/\/www.europesays.com\/fr\/wp-json\/wp\/v2\/posts"}],"about":[{"href":"https:\/\/www.europesays.com\/fr\/wp-json\/wp\/v2\/types\/post"}],"author":[{"embeddable":true,"href":"https:\/\/www.europesays.com\/fr\/wp-json\/wp\/v2\/users\/2"}],"replies":[{"embeddable":true,"href":"https:\/\/www.europesays.com\/fr\/wp-json\/wp\/v2\/comments?post=471379"}],"version-history":[{"count":0,"href":"https:\/\/www.europesays.com\/fr\/wp-json\/wp\/v2\/posts\/471379\/revisions"}],"wp:featuredmedia":[{"embeddable":true,"href":"https:\/\/www.europesays.com\/fr\/wp-json\/wp\/v2\/media\/471380"}],"wp:attachment":[{"href":"https:\/\/www.europesays.com\/fr\/wp-json\/wp\/v2\/media?parent=471379"}],"wp:term":[{"taxonomy":"category","embeddable":true,"href":"https:\/\/www.europesays.com\/fr\/wp-json\/wp\/v2\/categories?post=471379"},{"taxonomy":"post_tag","embeddable":true,"href":"https:\/\/www.europesays.com\/fr\/wp-json\/wp\/v2\/tags?post=471379"}],"curies":[{"name":"wp","href":"https:\/\/api.w.org\/{rel}","templated":true}]}}