{"id":471381,"date":"2025-10-18T02:07:18","date_gmt":"2025-10-18T02:07:18","guid":{"rendered":"https:\/\/www.europesays.com\/fr\/471381\/"},"modified":"2025-10-18T02:07:18","modified_gmt":"2025-10-18T02:07:18","slug":"la-vieille-renault-18-retrouvee-dans-un-etang-bouleverse-une-famille","status":"publish","type":"post","link":"https:\/\/www.europesays.com\/fr\/471381\/","title":{"rendered":"la vieille Renault 18 retrouv\u00e9e dans un \u00e9tang bouleverse une famille"},"content":{"rendered":"<p>            Par<br \/>\n        <strong><br \/>\n            <a href=\"https:\/\/actu.fr\/auteur\/thomassavalle-2\" title=\"Consulter tous les articles de Thomas Savalle\" target=\"_blank\" rel=\"noopener\">Thomas Savalle<\/a><br \/>\n        <\/strong><\/p>\n<p>        Publi\u00e9 le<\/p>\n<p>            17 oct. 2025 \u00e0 18h52        <\/p>\n<p>Une vieille Renault 18 a \u00e9t\u00e9 d\u00e9couverte, samedi 11 octobre 2025, dans l\u2019\u00e9tang de Dick \u00e0 Pleurtuit, pr\u00e8s de <a href=\"https:\/\/actu.fr\/bretagne\/saint-malo_35288\" target=\"_blank\" rel=\"noopener\">Saint-Malo<\/a> et Dinard (Ille-et-Vilaine). Elle appartenait \u00e0 Alain Rollier, p\u00e8re de trois enfants. Ils sont \u00e2g\u00e9s aujourd\u2019hui de 51, 52 et 53 ans. Le v\u00e9hicule se trouvait sous l\u2019eau depuis une <a href=\"https:\/\/actu.fr\/bretagne\/pleurtuit_35228\/bretagne-une-mysterieuse-renault-18-sortie-dun-etang-40-ans-plus-tard_63308781.html\" target=\"_blank\" rel=\"noopener\">trentaine d\u2019ann\u00e9es<\/a>.<\/p>\n<p>Des ossements retrouv\u00e9s<\/p>\n<p class=\" wall-content\">Un seul petit chemin pentu permet d\u2019acc\u00e9der en voiture \u00e0 ce bassin qui a \u00e9t\u00e9 vid\u00e9 en ao\u00fbt dernier.<\/p>\n<p class=\" wall-content\">\u00ab\u00a0On n\u2019a rien vu\u00a0\u00bb, s\u2019\u00e9tonne un p\u00eacheur amateur qui a particip\u00e9 \u00e0 \u00e9vacuer les poissons. Depuis deux mois, il ne reste que la vase ici. C\u2019est une brigade sp\u00e9cialis\u00e9e dans les recherches subaquatiques des <a href=\"https:\/\/actu.fr\/bretagne\/cotes-d-armor_22\" target=\"_blank\" rel=\"noopener\">C\u00f4tes-d\u2019Armor<\/a> qui a \u00e9t\u00e9 charg\u00e9e de sortir le v\u00e9hicule. Des ossements auraient \u00e9t\u00e9 retrouv\u00e9s dans la Renault.\u00a0<\/p>\n<p>\u00ab\u00a0La gendarmerie m\u2019a contact\u00e9\u00a0\u00bb<\/p>\n<p class=\" wall-content\">\u00ab\u00a0J\u2019ai appris \u00e7a hier. La gendarmerie m\u2019a contact\u00e9e pour me pr\u00e9venir que le v\u00e9hicule appartenait bien \u00e0 mon p\u00e8re\u00a0\u00bb, explique Corinne Rollier, la fille de l\u2019homme disparu depuis trois d\u00e9cennies. \u00ab\u00a0Dans trois jours, il aurait f\u00eat\u00e9 ses 74 printemps, c\u2019est bouleversant.\u00a0\u00bb\u00a0<\/p>\n<p>\u00ab\u00a0Je lui ai dit qu\u2019il allait \u00eatre grand-p\u00e8re\u00a0\u00bb\u00a0<\/p>\n<p class=\" wall-content\">\u00ab\u00a0La derni\u00e8re fois que je l\u2019ai vu, je lui ai dit qu\u2019il allait \u00eatre grand-p\u00e8re\u00a0\u00bb, explique sa fille. Sa famille l\u2019a perdu de vue le 14 juin 1993. Alain Rollier vivait avec sa m\u00e8re \u00e0 Pleurtuit depuis son divorce en 1984. Boucher de formation, il a travaill\u00e9 notamment \u00e0 l\u2019Intermarch\u00e9 de La D\u00e9couverte et \u00e0 Bellevue \u00e0 Saint-Malo.<\/p>\n<p>    <img   decoding=\"async\" loading=\"lazy\" class=\"size-large\" src=\"https:\/\/www.europesays.com\/fr\/wp-content\/uploads\/2025\/10\/da099f6372f860f099f6372f8d2199v-768x640.jpg\" alt=\"kkk\" width=\"768\" height=\"640\"\/><br \/>\n    Alain Rollier \u00a9Photo fournie au Pays Malouin\u00ab\u00a0Il chassait et adorait la p\u00eache\u00a0\u00bb<\/p>\n<p class=\" wall-content\">Il chassait et adorait la p\u00eache. Il allait tr\u00e8s r\u00e9guli\u00e8rement \u00e0 l\u2019\u00e9tang o\u00f9 sa voiture a \u00e9t\u00e9 retrouv\u00e9e. Pour sa fille, il n\u2019a pas pu se suicider. \u00ab\u00a0On ne conna\u00eet pas les circonstances de sa mort. Pour moi, ma grand-m\u00e8re est partie avec le secret.\u2009\u00a0\u00bb<\/p>\n<p class=\" wall-content\">Corinne Rollier qui a travaill\u00e9 dans la police nationale a essay\u00e9 de percer ce myst\u00e8re douloureux. Mais elle n\u2019a rien trouv\u00e9.<\/p>\n<p>Votre r\u00e9gion, votre actu !<\/p>\n<p>Recevez chaque jour les infos qui comptent pour vous.<\/p>\n<p>\t<a href=\"https:\/\/actu.fr\/newsletter\" class=\"ac-btn ac-btn--corner ac-btn--medium ac-btn--blue800\" target=\"_blank\" rel=\"noopener\">S&rsquo;incrire<\/a><\/p>\n<p class=\" wall-content\">L\u2019enqu\u00eate de la gendarmerie se poursuit pour confirmer son identit\u00e9 et comprendre les circonstances du d\u00e9c\u00e8s. Quoi qu\u2019il arrive, \u00ab\u00a0ce ne sera pas un deuil commun\u00a0\u00bb, conclut Corinne Rollier.<\/p>\n<p class=\" wall-content\">Personnalisez votre actualit\u00e9 en ajoutant vos villes et m\u00e9dias en favori avec <a href=\"https:\/\/moncompte.actu.fr\" title=\"D\u00e9couvez Mon Actu\" rel=\"nofollow noopener\" data-trk=\"{&quot;cta&quot;:{&quot;action&quot;:&quot;https:\\\/\\\/moncompte.actu.fr&quot;,&quot;category&quot;:&quot;mon compte&quot;,&quot;from&quot;:&quot;article footer&quot;,&quot;name&quot;:&quot;Mon actu&quot;,&quot;type&quot;:&quot;cta&quot;}}\" target=\"_blank\">Mon Actu<\/a>.<\/p>\n","protected":false},"excerpt":{"rendered":"Par Thomas Savalle Publi\u00e9 le 17 oct. 2025 \u00e0 18h52 Une vieille Renault 18 a \u00e9t\u00e9 d\u00e9couverte, samedi&hellip;\n","protected":false},"author":2,"featured_media":471382,"comment_status":"","ping_status":"","sticky":false,"template":"","format":"standard","meta":{"footnotes":""},"categories":[2],"tags":[11,3676,118,1011,27,3381,12],"class_list":{"0":"post-471381","1":"post","2":"type-post","3":"status-publish","4":"format-standard","5":"has-post-thumbnail","7":"category-actualites","8":"tag-actualites","9":"tag-disparition-inquietante","10":"tag-faits-divers","11":"tag-fr","12":"tag-france","13":"tag-gendarmerie","14":"tag-news"},"share_on_mastodon":{"url":"https:\/\/pubeurope.com\/@fr\/115392731687650107","error":""},"_links":{"self":[{"href":"https:\/\/www.europesays.com\/fr\/wp-json\/wp\/v2\/posts\/471381","targetHints":{"allow":["GET"]}}],"collection":[{"href":"https:\/\/www.europesays.com\/fr\/wp-json\/wp\/v2\/posts"}],"about":[{"href":"https:\/\/www.europesays.com\/fr\/wp-json\/wp\/v2\/types\/post"}],"author":[{"embeddable":true,"href":"https:\/\/www.europesays.com\/fr\/wp-json\/wp\/v2\/users\/2"}],"replies":[{"embeddable":true,"href":"https:\/\/www.europesays.com\/fr\/wp-json\/wp\/v2\/comments?post=471381"}],"version-history":[{"count":0,"href":"https:\/\/www.europesays.com\/fr\/wp-json\/wp\/v2\/posts\/471381\/revisions"}],"wp:featuredmedia":[{"embeddable":true,"href":"https:\/\/www.europesays.com\/fr\/wp-json\/wp\/v2\/media\/471382"}],"wp:attachment":[{"href":"https:\/\/www.europesays.com\/fr\/wp-json\/wp\/v2\/media?parent=471381"}],"wp:term":[{"taxonomy":"category","embeddable":true,"href":"https:\/\/www.europesays.com\/fr\/wp-json\/wp\/v2\/categories?post=471381"},{"taxonomy":"post_tag","embeddable":true,"href":"https:\/\/www.europesays.com\/fr\/wp-json\/wp\/v2\/tags?post=471381"}],"curies":[{"name":"wp","href":"https:\/\/api.w.org\/{rel}","templated":true}]}}