{"id":471383,"date":"2025-10-18T02:08:11","date_gmt":"2025-10-18T02:08:11","guid":{"rendered":"https:\/\/www.europesays.com\/fr\/471383\/"},"modified":"2025-10-18T02:08:11","modified_gmt":"2025-10-18T02:08:11","slug":"des-salaries-non-payes-un-site-menace-quel-avenir-pour-roche-meca-tech","status":"publish","type":"post","link":"https:\/\/www.europesays.com\/fr\/471383\/","title":{"rendered":"Des salari\u00e9s non pay\u00e9s, un site menac\u00e9 : quel avenir pour Roche M\u00e9ca Tech ?"},"content":{"rendered":"<p>Priv\u00e9s de salaire depuis plus d&rsquo;un mois, les employ\u00e9s de l&rsquo;entreprise Roche M\u00e9ca Tech, r\u00e9cemment plac\u00e9e en cessation de paiements, ont d\u00e9bray\u00e9, ce jeudi 16 octobre, sur le site de Roche-la-Moli\u00e8re.<\/p>\n<p>Une quarantaine d&#8217;emplois menac\u00e9s dans la Loire.<\/p>\n<p>\u00c0 <b>Roche-la-Moli\u00e8re<\/b>, l&rsquo;avenir de l&rsquo;entreprise <b>Roche M\u00e9ca Tech<\/b> s&rsquo;\u00e9crit en pointill\u00e9s.<\/p>\n<p>D&rsquo;apr\u00e8s <a class=\"url\" href=\"https:\/\/c.leprogres.fr\/economie\/2025\/10\/16\/meca-tech-sans-salaire-et-face-a-un-avenir-incertain-on-se-serre-les-coudes\" target=\"_blank\" rel=\"noopener\">Le Progr\u00e8s<\/a>, l&rsquo;entreprise vient, en effet, d&rsquo;\u00eatre d\u00e9clar\u00e9e en <b>cessation de paiements<\/b>. Sa holding, ACI, a, elle, \u00e9t\u00e9 r\u00e9cemment plac\u00e9e en <b>redressement judiciaire<\/b>.<\/p>\n<p>Une situation qui inqui\u00e8tent les quarante salari\u00e9s de la soci\u00e9t\u00e9, dans l&rsquo;attente de la d\u00e9cision du tribunal. Et pour cause, <b>ils n&rsquo;ont pas touch\u00e9 de salaire depuis plus d&rsquo;un mois<\/b>.<\/p>\n<p>Une soir\u00e9e de solidarit\u00e9 organis\u00e9e vendredi<\/p>\n<p>Ils ont donc d\u00e9cid\u00e9 de d\u00e9brayer, ce jeudi 16 octobre. Un <b>piquet de gr\u00e8ve<\/b> pour alerter sur leur situation.<\/p>\n<p>La CGT exige, notamment, \u00ab\u00a0le paiement imm\u00e9diat des salaires\u00a0\u00bb, \u00ab\u00a0la transparence totale sur la situation financi\u00e8re\u00a0\u00bb et \u00ab\u00a0des garanties sur les emplois et le maintien du site\u00a0\u00bb.<\/p>\n<p>En attendant des r\u00e9ponses concr\u00e8tes, <b>la production continue<\/b> sur le site de Roche-la-Moli\u00e8re. Presque comme si de rien n&rsquo;\u00e9tait.<\/p>\n<p>\u00c0 noter qu&rsquo;une <b>soir\u00e9e de solidarit\u00e9<\/b> est pr\u00e9vue ce vendredi, \u00e0 partir de <b>18h<\/b>, au Lieu Rouge, rue Georges-Dupr\u00e9, \u00e0 Saint-\u00c9tienne. Objectif : venir aide aux salari\u00e9s dans le besoin.<\/p>\n<p><img loading=\"lazy\" decoding=\"async\" src=\"https:\/\/www.europesays.com\/fr\/wp-content\/uploads\/2025\/10\/1760753291_260_img\" width=\"350\" height=\"200\" border=\"0\" title=\"Un camion de pompiers\"\/><\/p>\n<p>\u25baFaits divers<\/p>\n<p style=\"font-size: 22px;\"><b>Loire : 60 salari\u00e9s au ch\u00f4mage technique apr\u00e8s un incendie dans une usine<\/b><\/p>\n<p>Un incendie s&rsquo;est d\u00e9clar\u00e9, ce mercredi 15 octobre,&#8230;<\/p>\n<p><\/p>\n","protected":false},"excerpt":{"rendered":"Priv\u00e9s de salaire depuis plus d&rsquo;un mois, les employ\u00e9s de l&rsquo;entreprise Roche M\u00e9ca Tech, r\u00e9cemment plac\u00e9e en cessation&hellip;\n","protected":false},"author":2,"featured_media":471384,"comment_status":"","ping_status":"","sticky":false,"template":"","format":"standard","meta":{"footnotes":""},"categories":[9653],"tags":[1111,11,2430,341,1777,674,1011,27,10956,3367,12,25,59505,34498,4001,59506],"class_list":{"0":"post-471383","1":"post","2":"type-post","3":"status-publish","4":"format-standard","5":"has-post-thumbnail","7":"category-saint-etienne","8":"tag-actu","9":"tag-actualites","10":"tag-auvergne-rhone-alpes","11":"tag-emploi","12":"tag-eu","13":"tag-europe","14":"tag-fr","15":"tag-france","16":"tag-grve","17":"tag-loire","18":"tag-news","19":"tag-republique-francaise","20":"tag-roche-mca-tech","21":"tag-roche-la-molire","22":"tag-saint-etienne","23":"tag-salari"},"share_on_mastodon":{"url":"https:\/\/pubeurope.com\/@fr\/115392735831386943","error":""},"_links":{"self":[{"href":"https:\/\/www.europesays.com\/fr\/wp-json\/wp\/v2\/posts\/471383","targetHints":{"allow":["GET"]}}],"collection":[{"href":"https:\/\/www.europesays.com\/fr\/wp-json\/wp\/v2\/posts"}],"about":[{"href":"https:\/\/www.europesays.com\/fr\/wp-json\/wp\/v2\/types\/post"}],"author":[{"embeddable":true,"href":"https:\/\/www.europesays.com\/fr\/wp-json\/wp\/v2\/users\/2"}],"replies":[{"embeddable":true,"href":"https:\/\/www.europesays.com\/fr\/wp-json\/wp\/v2\/comments?post=471383"}],"version-history":[{"count":0,"href":"https:\/\/www.europesays.com\/fr\/wp-json\/wp\/v2\/posts\/471383\/revisions"}],"wp:featuredmedia":[{"embeddable":true,"href":"https:\/\/www.europesays.com\/fr\/wp-json\/wp\/v2\/media\/471384"}],"wp:attachment":[{"href":"https:\/\/www.europesays.com\/fr\/wp-json\/wp\/v2\/media?parent=471383"}],"wp:term":[{"taxonomy":"category","embeddable":true,"href":"https:\/\/www.europesays.com\/fr\/wp-json\/wp\/v2\/categories?post=471383"},{"taxonomy":"post_tag","embeddable":true,"href":"https:\/\/www.europesays.com\/fr\/wp-json\/wp\/v2\/tags?post=471383"}],"curies":[{"name":"wp","href":"https:\/\/api.w.org\/{rel}","templated":true}]}}