{"id":471389,"date":"2025-10-18T02:11:41","date_gmt":"2025-10-18T02:11:41","guid":{"rendered":"https:\/\/www.europesays.com\/fr\/471389\/"},"modified":"2025-10-18T02:11:41","modified_gmt":"2025-10-18T02:11:41","slug":"un-reseau-de-proxenetisme-et-de-traite-detres-humains-demantele-dans-des-salons-de-massage-chinois","status":"publish","type":"post","link":"https:\/\/www.europesays.com\/fr\/471389\/","title":{"rendered":"un r\u00e9seau de prox\u00e9n\u00e9tisme et de traite d&rsquo;\u00eatres humains d\u00e9mantel\u00e9 dans des salons de massage chinois"},"content":{"rendered":"<p>            Par<br \/>\n        <strong><br \/>\n            <a href=\"https:\/\/actu.fr\/auteur\/amandine-mehl\" title=\"Consulter tous les articles de Amandine Mehl\" rel=\"nofollow noopener\" target=\"_blank\">Amandine Mehl<\/a><br \/>\n        <\/strong><\/p>\n<p>        Publi\u00e9 le<\/p>\n<p>            17 oct. 2025 \u00e0 13h55        <\/p>\n<p>Un <strong>r\u00e9seau de prox\u00e9n\u00e9tisme<\/strong> et de <strong>traite d\u2019\u00eatres humains<\/strong> dans des<strong> salons de massage chinois<\/strong> implant\u00e9s \u00e0 <strong>Nancy<\/strong> et \u00e0 <strong>Metz<\/strong> a \u00e9t\u00e9 <strong>d\u00e9mantel\u00e9<\/strong>, annonce ce vendredi 17\u00a0octobre 2025 <strong>Fran\u00e7ois Capin-Dulhoste<\/strong>, procureur de la R\u00e9publique de Nancy.<\/p>\n<p class=\" wall-content\">Quatre personnes de nationalit\u00e9 chinoise, de la m\u00eame famille, ont \u00e9t\u00e9 <strong>interpell\u00e9es<\/strong> et <strong>plac\u00e9es en garde \u00e0 vue<\/strong>.<\/p>\n<p>Deux salons de massages \u00e0 Nancy et \u00e0 Metz exploitaient des jeunes femmes de nationalit\u00e9 chinoise<\/p>\n<p class=\" wall-content\">C\u2019est \u00e0 la suite d\u2019une <strong>enqu\u00eate pr\u00e9liminaire<\/strong> ouverte par le parquet de Nancy que les enqu\u00eateurs de la <strong>section de recherches de Nancy<\/strong>, appuy\u00e9s par le <strong>groupe d\u2019intervention r\u00e9gional de Lorraine<\/strong>, la <strong>direction g\u00e9n\u00e9rale des Finances publiques<\/strong>, la <strong>direction d\u00e9partementale de l\u2019emploi, du travail et des solidarit\u00e9s<\/strong> et la <strong>direction r\u00e9gionale des douanes et droits indirects de Nancy<\/strong> ont pu proc\u00e9der au d\u00e9mant\u00e8lement du r\u00e9seau.<\/p>\n<p class=\" wall-content\">D\u00e9but\u00e9es en f\u00e9vrier\u00a02025, les <strong>investigations<\/strong> men\u00e9es par la <a href=\"https:\/\/actu.fr\/tag\/gendarmerie\" rel=\"nofollow noopener\" target=\"_blank\">gendarmerie<\/a> ont permis de mettre \u00e0 jour ce syst\u00e8me d\u2019exploitation sexuelle de jeunes femmes de nationalit\u00e9 chinoise contraintes \u00e0 se prostituer dans deux salons de massage. Ouverts <strong>depuis 2022 \u00e0 Nancy<\/strong> et <strong>depuis 2023 \u00e0 Metz<\/strong>, les \u00e9tablissements \u00e9taient en activit\u00e9 <strong>sept jours sur sept<\/strong>.<\/p>\n<p>Une client\u00e8le uniquement masculine<\/p>\n<p class=\" wall-content\">Selon les \u00e9l\u00e9ments transmis par le procureur de la R\u00e9publique de Nancy, la <strong>client\u00e8le quotidienne<\/strong>, <strong>uniquement masculine<\/strong>, pour chaque salon, \u00ab\u2009y \u00e9tait de l\u2019ordre de <strong>cinq \u00e0 sept clients<\/strong>\u2009\u00bb. Ils prenaient rendez-vous au salon directement ou via des <strong>num\u00e9ros<\/strong> disponibles sur des<strong> sites d\u2019annonces en ligne<\/strong> promouvant le travail du sexe.<\/p>\n<p class=\" wall-content\">\u00c0 l\u2019issue de plusieurs mois de surveillance et d\u2019investigations techniques, une <strong>op\u00e9ration judiciaire coordonn\u00e9e<\/strong> par la section de recherches de Nancy et le groupe d\u2019intervention r\u00e9gional de la Moselle a \u00e9t\u00e9 conduite le lundi 13\u00a0octobre 2025 \u00e0 <strong>Metz<\/strong>, <strong>Nancy<\/strong>, <strong>Montreuil<\/strong> et <strong>Paris<\/strong>.<\/p>\n<p>Votre r\u00e9gion, votre actu !<\/p>\n<p>Recevez chaque jour les infos qui comptent pour vous.<\/p>\n<p>\t<a href=\"https:\/\/actu.fr\/newsletter\" class=\"ac-btn ac-btn--corner ac-btn--medium ac-btn--blue800\" rel=\"nofollow noopener\" target=\"_blank\">S&rsquo;incrire<\/a><br \/>\n70 clients identifi\u00e9s et entendus par les enqu\u00eateurs<\/p>\n<p class=\" wall-content\">L\u2019op\u00e9ration a permis l\u2019interpellation de quatre individus de nationalit\u00e9 chinoise d\u2019une m\u00eame famille. Ils ont \u00e9t\u00e9 <strong>d\u00e9f\u00e9r\u00e9s ce vendredi au parquet de Nancy<\/strong> en vue d\u2019une comparution imm\u00e9diate des chefs de <strong>prox\u00e9n\u00e9tisme aggrav\u00e9<\/strong>, <strong>traite des \u00eatres humains<\/strong> et <strong>blanchiment<\/strong>.<\/p>\n<p class=\" wall-content\">Les perquisitions ont quant \u00e0 elles men\u00e9 \u00e0 la saisie de documents comptables, d\u2019objets de luxe, de liasses de billets de banque et de comptes bancaires utilis\u00e9s pour le blanchiment des revenus illicites. Le <strong>total des sommes saisies s\u2019\u00e9l\u00e8ve \u00e0 plus de 250\u2009000\u00a0euros<\/strong>, est-il pr\u00e9cis\u00e9.<\/p>\n<p class=\" wall-content\">En parall\u00e8le, <strong>70 clients ont pu \u00eatre identifi\u00e9s<\/strong> et sont entendus par les enqu\u00eateurs. S\u2019agissant des femmes contraintes de se prostituer, elles ont \u00e9t\u00e9 <strong>orient\u00e9es vers une association<\/strong>.<\/p>\n<p class=\" wall-content\">Personnalisez votre actualit\u00e9 en ajoutant vos villes et m\u00e9dias en favori avec <a href=\"https:\/\/moncompte.actu.fr\" title=\"D\u00e9couvez Mon Actu\" rel=\"nofollow noopener\" data-trk=\"{&quot;cta&quot;:{&quot;action&quot;:&quot;https:\\\/\\\/moncompte.actu.fr&quot;,&quot;category&quot;:&quot;mon compte&quot;,&quot;from&quot;:&quot;article footer&quot;,&quot;name&quot;:&quot;Mon actu&quot;,&quot;type&quot;:&quot;cta&quot;}}\" target=\"_blank\">Mon Actu<\/a>.<\/p>\n","protected":false},"excerpt":{"rendered":"Par Amandine Mehl Publi\u00e9 le 17 oct. 2025 \u00e0 13h55 Un r\u00e9seau de prox\u00e9n\u00e9tisme et de traite d\u2019\u00eatres&hellip;\n","protected":false},"author":2,"featured_media":471390,"comment_status":"","ping_status":"","sticky":false,"template":"","format":"standard","meta":{"footnotes":""},"categories":[9635],"tags":[1111,11,1777,674,118,1011,27,3381,775,303,1702,12,2899,25],"class_list":{"0":"post-471389","1":"post","2":"type-post","3":"status-publish","4":"format-standard","5":"has-post-thumbnail","7":"category-nancy","8":"tag-actu","9":"tag-actualites","10":"tag-eu","11":"tag-europe","12":"tag-faits-divers","13":"tag-fr","14":"tag-france","15":"tag-gendarmerie","16":"tag-grand-est","17":"tag-justice","18":"tag-nancy","19":"tag-news","20":"tag-prostitution","21":"tag-republique-francaise"},"share_on_mastodon":{"url":"https:\/\/pubeurope.com\/@fr\/115392746862566113","error":""},"_links":{"self":[{"href":"https:\/\/www.europesays.com\/fr\/wp-json\/wp\/v2\/posts\/471389","targetHints":{"allow":["GET"]}}],"collection":[{"href":"https:\/\/www.europesays.com\/fr\/wp-json\/wp\/v2\/posts"}],"about":[{"href":"https:\/\/www.europesays.com\/fr\/wp-json\/wp\/v2\/types\/post"}],"author":[{"embeddable":true,"href":"https:\/\/www.europesays.com\/fr\/wp-json\/wp\/v2\/users\/2"}],"replies":[{"embeddable":true,"href":"https:\/\/www.europesays.com\/fr\/wp-json\/wp\/v2\/comments?post=471389"}],"version-history":[{"count":0,"href":"https:\/\/www.europesays.com\/fr\/wp-json\/wp\/v2\/posts\/471389\/revisions"}],"wp:featuredmedia":[{"embeddable":true,"href":"https:\/\/www.europesays.com\/fr\/wp-json\/wp\/v2\/media\/471390"}],"wp:attachment":[{"href":"https:\/\/www.europesays.com\/fr\/wp-json\/wp\/v2\/media?parent=471389"}],"wp:term":[{"taxonomy":"category","embeddable":true,"href":"https:\/\/www.europesays.com\/fr\/wp-json\/wp\/v2\/categories?post=471389"},{"taxonomy":"post_tag","embeddable":true,"href":"https:\/\/www.europesays.com\/fr\/wp-json\/wp\/v2\/tags?post=471389"}],"curies":[{"name":"wp","href":"https:\/\/api.w.org\/{rel}","templated":true}]}}