{"id":471402,"date":"2025-10-18T02:18:16","date_gmt":"2025-10-18T02:18:16","guid":{"rendered":"https:\/\/www.europesays.com\/fr\/471402\/"},"modified":"2025-10-18T02:18:16","modified_gmt":"2025-10-18T02:18:16","slug":"laurence-ruffin-lance-officiellement-sa-campagne","status":"publish","type":"post","link":"https:\/\/www.europesays.com\/fr\/471402\/","title":{"rendered":"Laurence Ruffin lance officiellement sa campagne"},"content":{"rendered":"<p>Environ 270 personnes sont venues assister au lancement de la campagne \u00e9lectorale de <a href=\"https:\/\/www.ledauphine.com\/p\/laurence-ruffin\" target=\"_blank\" rel=\"noopener\">Laurence Ruffin<\/a>, pour les \u00e9lections municipales de Grenoble, mercredi 15\u00a0octobre au Palais des sports.<\/p>\n<p>Quelques \u00e9lus de communes voisines ainsi que le maire sortant, <a href=\"https:\/\/www.ledauphine.com\/p\/eric-piolle\" target=\"_blank\" rel=\"noopener\">\u00c9ric Piolle<\/a> \u00e9taient pr\u00e9sents. L\u2019adjoint LFI au maire de Grenoble, Alan Confesson, \u00e9tait \u00e9galement pr\u00e9sent. <a href=\"https:\/\/www.ledauphine.com\/elections\/2025\/10\/13\/isere-grenoble-municipales-2026-alan-confesson-(lfi)-rejoint-la-liste-de-laurence-ruffin-l-omerta-est-tres-forte-a-l-interieur-de-lfi\" target=\"_blank\" rel=\"noopener\">Il a r\u00e9cemment rejoint la campagne de Laurence Ruffin<\/a> plut\u00f4t que celle des Insoumis, men\u00e9e par Allan Brunon.<\/p>\n<p>De son c\u00f4t\u00e9, l\u2019\u00e9quipe de campagne de Laurence Ruffin a annonc\u00e9 maintenir les discussions avec la Parti socialiste et La France insoumise. \u00ab\u00a0Nous n\u2019avons pas l\u00e2ch\u00e9 l\u2019union de la gauche.\u00a0\u00bb<\/p>\n<p>Ce contenu est bloqu\u00e9 car vous n&rsquo;avez pas accept\u00e9 les cookies et autres traceurs.<\/p>\n<p>En cliquant sur \u00ab J\u2019accepte \u00bb, les cookies et autres traceurs seront d\u00e9pos\u00e9s et vous pourrez visualiser les contenus  (<a href=\"\" class=\"consentModule_policy\" target=\"_blank\" title=\"Consulter la politique de protection des donn\u00e9es du fournisseur\">plus d&rsquo;informations<\/a>).<\/p>\n<p>En cliquant sur \u00ab J\u2019accepte tous les cookies \u00bb, vous autorisez des d\u00e9p\u00f4ts de cookies et autres traceurs pour le stockage de vos donn\u00e9es sur nos sites et applications \u00e0 des fins de personnalisation et de ciblage publicitaire.<\/p>\n<p class=\"consentModule_secondaryText\">Vous gardez la possibilit\u00e9 de retirer votre consentement \u00e0 tout moment en consultant notre <a href=\"https:\/\/www.ledauphine.com\/protection-des-donnees\" target=\"_blank\" title=\"Consulter notre politique de protection des donn\u00e9es\" rel=\"noopener\">politique de protection des donn\u00e9es<\/a>. <br \/>&#13;<br \/>\n            <a href=\"https:\/\/www.ledauphine.com\/elections\/2025\/10\/17\/javascript:Didomi.notice.show()\" class=\"consentModule_cmp\" target=\"_blank\" rel=\"noopener\">G\u00e9rer mes choix<\/a>&#13;\n        <\/p>\n<p>&#13;<br \/>\n                        J&rsquo;accepte&#13;<br \/>\n            J&rsquo;accepte tous les cookies&#13;\n        <\/p>\n","protected":false},"excerpt":{"rendered":"Environ 270 personnes sont venues assister au lancement de la campagne \u00e9lectorale de Laurence Ruffin, pour les \u00e9lections&hellip;\n","protected":false},"author":2,"featured_media":471403,"comment_status":"","ping_status":"","sticky":false,"template":"","format":"standard","meta":{"footnotes":""},"categories":[9566],"tags":[1111,11,2430,112,4188,1777,674,1011,27,2731,108,3539,12,316,25],"class_list":{"0":"post-471402","1":"post","2":"type-post","3":"status-publish","4":"format-standard","5":"has-post-thumbnail","7":"category-grenoble","8":"tag-actu","9":"tag-actualites","10":"tag-auvergne-rhone-alpes","11":"tag-edition-grenoble-agglomeration","12":"tag-elections-municipales","13":"tag-eu","14":"tag-europe","15":"tag-fr","16":"tag-france","17":"tag-grenoble","18":"tag-isere","19":"tag-les-ecologistes","20":"tag-news","21":"tag-politique","22":"tag-republique-francaise"},"share_on_mastodon":{"url":"https:\/\/pubeurope.com\/@fr\/115392774417638085","error":""},"_links":{"self":[{"href":"https:\/\/www.europesays.com\/fr\/wp-json\/wp\/v2\/posts\/471402","targetHints":{"allow":["GET"]}}],"collection":[{"href":"https:\/\/www.europesays.com\/fr\/wp-json\/wp\/v2\/posts"}],"about":[{"href":"https:\/\/www.europesays.com\/fr\/wp-json\/wp\/v2\/types\/post"}],"author":[{"embeddable":true,"href":"https:\/\/www.europesays.com\/fr\/wp-json\/wp\/v2\/users\/2"}],"replies":[{"embeddable":true,"href":"https:\/\/www.europesays.com\/fr\/wp-json\/wp\/v2\/comments?post=471402"}],"version-history":[{"count":0,"href":"https:\/\/www.europesays.com\/fr\/wp-json\/wp\/v2\/posts\/471402\/revisions"}],"wp:featuredmedia":[{"embeddable":true,"href":"https:\/\/www.europesays.com\/fr\/wp-json\/wp\/v2\/media\/471403"}],"wp:attachment":[{"href":"https:\/\/www.europesays.com\/fr\/wp-json\/wp\/v2\/media?parent=471402"}],"wp:term":[{"taxonomy":"category","embeddable":true,"href":"https:\/\/www.europesays.com\/fr\/wp-json\/wp\/v2\/categories?post=471402"},{"taxonomy":"post_tag","embeddable":true,"href":"https:\/\/www.europesays.com\/fr\/wp-json\/wp\/v2\/tags?post=471402"}],"curies":[{"name":"wp","href":"https:\/\/api.w.org\/{rel}","templated":true}]}}