{"id":471406,"date":"2025-10-18T02:20:57","date_gmt":"2025-10-18T02:20:57","guid":{"rendered":"https:\/\/www.europesays.com\/fr\/471406\/"},"modified":"2025-10-18T02:20:57","modified_gmt":"2025-10-18T02:20:57","slug":"deux-policiers-blesses-dans-le-quartier-villejean-a-rennes","status":"publish","type":"post","link":"https:\/\/www.europesays.com\/fr\/471406\/","title":{"rendered":"deux policiers bless\u00e9s dans le quartier Villejean, \u00e0 Rennes"},"content":{"rendered":"<p>            Par<br \/>\n        <strong><br \/>\n            <a href=\"https:\/\/actu.fr\/auteur\/redaction-rennes\" title=\"Consulter tous les articles de R\u00e9daction Rennes\" target=\"_blank\" rel=\"noopener\">R\u00e9daction Rennes<\/a><br \/>\n        <\/strong><\/p>\n<p>        Publi\u00e9 le<\/p>\n<p>            17 oct. 2025 \u00e0 8h15        <\/p>\n<p><strong>Mardi 14 octobre 2025<\/strong>, dans la soir\u00e9e, <strong>une m\u00e8re de famille<\/strong> appelle <strong>la BST de Villejean<\/strong> (Brigade sp\u00e9cialis\u00e9e de terrain) alors que son fils est retenu sur la dalle de Villejean pour <strong>une dette d\u2019argent<\/strong>. Les policiers \u00ab\u2009se rendent imm\u00e9diatement sur place\u2009\u00bb, indique <a href=\"https:\/\/x.com\/AlliancePN35\/status\/1978767917383622752\">le syndicat Alliance Police National d\u2019Ille-et-Vilaine sur X<\/a>.<\/p>\n<p>Un individu qui \u00ab\u2009se rebelle violemment\u2009\u00bb<\/p>\n<p class=\" wall-content\">Selon les policiers, qui constatent effectivement \u00ab<strong>\u2009une altercation<\/strong> sur les lieux entre deux individus en pr\u00e9sence des parents de l\u2019un d\u2019eux\u2009\u00bb, <strong>la situation se complique.<\/strong><\/p>\n<blockquote class=\"ac-article-quote wall-content\">\n<p>Lors du contr\u00f4le, l&rsquo;un des protagonistes refuse la palpation et se rebelle violemment, obligeant les policiers \u00e0 proc\u00e9der \u00e0 son interpellation avec usage de la force.<\/p>\n<p>    <strong>Syndicat Alliance PN 35<\/strong>\n            <\/p><\/blockquote>\n<p class=\" wall-content\">Lors de \u00ab\u2009cette intervention particuli\u00e8rement difficile\u2009\u00bb, <strong>deux policiers<\/strong> sont alors <strong>bless\u00e9s<\/strong>\u2009: l\u2019un \u00e0 la <strong>m\u00e2choire,<\/strong> l\u2019autre \u00e0 la <strong>main.<\/strong><\/p>\n<p>5\u2009730\u00a0euros d\u00e9couverts<\/p>\n<p class=\" wall-content\">La personne interpell\u00e9e et conduite au poste d\u00e9tenait, sur elle, 5\u2009730\u00a0euros alors d\u00e9couverts par les forces de l\u2019ordre.<\/p>\n<p class=\" wall-content\">Le syndicat Alliance Police Nationale dit <strong>\u00ab\u2009condamner fermement\u2009\u00bb<\/strong> les violences subies.<\/p>\n<p class=\" wall-content\">Personnalisez votre actualit\u00e9 en ajoutant vos villes et m\u00e9dias en favori avec <a href=\"https:\/\/moncompte.actu.fr\" title=\"D\u00e9couvez Mon Actu\" rel=\"nofollow noopener\" data-trk=\"{&quot;cta&quot;:{&quot;action&quot;:&quot;https:\\\/\\\/moncompte.actu.fr&quot;,&quot;category&quot;:&quot;mon compte&quot;,&quot;from&quot;:&quot;article footer&quot;,&quot;name&quot;:&quot;Mon actu&quot;,&quot;type&quot;:&quot;cta&quot;}}\" target=\"_blank\">Mon Actu<\/a>.<\/p>\n","protected":false},"excerpt":{"rendered":"Par R\u00e9daction Rennes Publi\u00e9 le 17 oct. 2025 \u00e0 8h15 Mardi 14 octobre 2025, dans la soir\u00e9e, une&hellip;\n","protected":false},"author":2,"featured_media":471407,"comment_status":"","ping_status":"","sticky":false,"template":"","format":"standard","meta":{"footnotes":""},"categories":[2821],"tags":[1111,11,829,1777,674,118,1011,27,12,1072,584,25],"class_list":{"0":"post-471406","1":"post","2":"type-post","3":"status-publish","4":"format-standard","5":"has-post-thumbnail","7":"category-rennes","8":"tag-actu","9":"tag-actualites","10":"tag-bretagne","11":"tag-eu","12":"tag-europe","13":"tag-faits-divers","14":"tag-fr","15":"tag-france","16":"tag-news","17":"tag-police","18":"tag-rennes","19":"tag-republique-francaise"},"share_on_mastodon":{"url":"https:\/\/pubeurope.com\/@fr\/115392786131159028","error":""},"_links":{"self":[{"href":"https:\/\/www.europesays.com\/fr\/wp-json\/wp\/v2\/posts\/471406","targetHints":{"allow":["GET"]}}],"collection":[{"href":"https:\/\/www.europesays.com\/fr\/wp-json\/wp\/v2\/posts"}],"about":[{"href":"https:\/\/www.europesays.com\/fr\/wp-json\/wp\/v2\/types\/post"}],"author":[{"embeddable":true,"href":"https:\/\/www.europesays.com\/fr\/wp-json\/wp\/v2\/users\/2"}],"replies":[{"embeddable":true,"href":"https:\/\/www.europesays.com\/fr\/wp-json\/wp\/v2\/comments?post=471406"}],"version-history":[{"count":0,"href":"https:\/\/www.europesays.com\/fr\/wp-json\/wp\/v2\/posts\/471406\/revisions"}],"wp:featuredmedia":[{"embeddable":true,"href":"https:\/\/www.europesays.com\/fr\/wp-json\/wp\/v2\/media\/471407"}],"wp:attachment":[{"href":"https:\/\/www.europesays.com\/fr\/wp-json\/wp\/v2\/media?parent=471406"}],"wp:term":[{"taxonomy":"category","embeddable":true,"href":"https:\/\/www.europesays.com\/fr\/wp-json\/wp\/v2\/categories?post=471406"},{"taxonomy":"post_tag","embeddable":true,"href":"https:\/\/www.europesays.com\/fr\/wp-json\/wp\/v2\/tags?post=471406"}],"curies":[{"name":"wp","href":"https:\/\/api.w.org\/{rel}","templated":true}]}}