{"id":471408,"date":"2025-10-18T02:22:17","date_gmt":"2025-10-18T02:22:17","guid":{"rendered":"https:\/\/www.europesays.com\/fr\/471408\/"},"modified":"2025-10-18T02:22:17","modified_gmt":"2025-10-18T02:22:17","slug":"auxerre-est-une-equipe-avec-beaucoup-de-qualites-on-doit-etre-conscient-de-ses-forces","status":"publish","type":"post","link":"https:\/\/www.europesays.com\/fr\/471408\/","title":{"rendered":"\u00ab\u00a0Auxerre est une \u00e9quipe avec beaucoup de qualit\u00e9s, on doit \u00eatre conscient de ses forces \u00bb"},"content":{"rendered":"<p>    <img decoding=\"async\" class=\"picture picture--fit remote-video__thumbnail\" src=\"https:\/\/www.europesays.com\/fr\/wp-content\/uploads\/2025\/10\/1760754137_943_maxresdefault.jpg\" alt=\"\ud83d\udcfd\ud83c\udf99 J8 | Stade Rennais F.C. \/ AJ Auxerre - Conf\u00e9rence de presse d'avant-match\" loading=\"eager\" style=\"object-fit: cover;\"\/><\/p>\n<p>    Regarder<\/p>\n<p>Pour lire cette vid\u00e9o, vous devez accepter les cookies Youtube<\/p>\n<p>        J&rsquo;accepte<\/p>\n<p>\u00a0<\/p>\n<p><strong>Habib Beye<\/strong><\/p>\n<p><strong>Le groupe<\/strong><br \/>\u00ab Przemys\u0142aw Frankowski et Glen Kamara sont indisponibles, Abdelhamid A\u00eft Boudlal est de retour. Sinon on a tout le monde \u00e0 100%. Frankowski ? L\u2019objectif est qu\u2019il soit disponible face \u00e0 Nice.\u00a0\u00bb<\/p>\n<p><strong>La tr\u00eave<\/strong><br \/>\u00ab\u00a0C&rsquo;\u00e9tait appr\u00e9ciable de couper, d&rsquo;avoir du temps pour une analyse approfondie, de faire un premier bilan sur ce qu\u2019on a v\u00e9cu depuis le d\u00e9but du championnat et en pr\u00e9paration. C&rsquo;\u00e9tait un moment int\u00e9ressant, du temps pr\u00e9cieux, en \u00e9tant moins pris par l&rsquo;enjeu de la comp\u00e9tition, on a aussi du temps pour les joueurs, le staff. J&rsquo;ai revu tous nos matchs depuis le d\u00e9but de la pr\u00e9paration, on a pu travailler sur ces \u00e9l\u00e9ments. Ce que je ne veux pas c&rsquo;est que tout soit remis en question. Cette \u00e9quipe n&rsquo;a qu&rsquo;une d\u00e9faite, seul le Paris Saint-Germain est dans le m\u00eame cas, on a aussi quatre nuls et il y a de bonnes choses. Je peux vous dire qu&rsquo;il faut qu&rsquo;on ait de meilleures courses, qualitatives, et comprendre pourquoi notre constance baisse sur la qualit\u00e9 du match. \u00bb<\/p>\n<p><strong>Le retour au Roazhon Park<\/strong><br \/>\u00ab\u00a0C&rsquo;est tr\u00e8s positif de revenir, on a sept points sur neuf possibles avec des victoires face \u00e0 Marseille et Lyon. Nous sommes sur une dynamique positive, il faut la maintenir, faire en sorte que ce soit difficile pour les adversaires de jouer au Roazhon Park.\u00a0\u00bb<\/p>\n<p><strong>L&rsquo;AJA<\/strong><br \/>\u00ab\u00a0Auxerre n&rsquo;a pas \u00e9t\u00e9 pay\u00e9 par rapport \u00e0 ses contenus. C&rsquo;est une \u00e9quipe avec beaucoup de qualit\u00e9s, qui se procure beaucoup de situations offensives. Leur entra\u00eeneur fait un travail fantastique avec un groupe qu&rsquo;il conna\u00eet tr\u00e8s bien, on doit \u00eatre conscient de leurs forces.\u00a0\u00bb<\/p>\n<p><strong>L&rsquo;identit\u00e9<\/strong><br \/>\u00ab\u00a0On voit l&rsquo;identit\u00e9 d&rsquo;une \u00e9quipe dans la continuit\u00e9. C&rsquo;est aussi \u00e0 moi d&rsquo;\u00eatre garant de cette identit\u00e9 \u00e0 travers mes actions. L&rsquo;entr\u00e9e de Nordan face \u00e0 Lens, form\u00e9 au club, 2006, s&rsquo;inscrit dans cette globalit\u00e9. Ce n&rsquo;est pas ponctuel, l&rsquo;identit\u00e9 se d\u00e9finit dans la dur\u00e9e. \u00bb<\/p>\n<p><strong>Djaoui buteur avec les Bleuets<\/strong><br \/>\u00ab\u00a0Djaoui vit des choses diff\u00e9rentes cette ann\u00e9e et il doit le dig\u00e9rer. Le fait de rejoindre la s\u00e9lection est une occasion de d\u00e9charger la pression qui a pu \u00eatre v\u00e9cue en club. \u00c7a fait du bien aux internationaux. Djaoui \u00e9tait content de revenir apr\u00e8s avoir mis un tr\u00e8s beau but et on s&rsquo;appuiera sur ce qu&rsquo;il est all\u00e9 chercher en s\u00e9lection. C&rsquo;est une bonne chose. Le fait que des joueurs de l&rsquo;\u00e9quipe se qualifient pour la Coupe du Monde c&rsquo;est aussi une bonne chose et la qualification du S\u00e9n\u00e9gal est une satisfaction pour moi (sourire). \u00bb<\/p>\n","protected":false},"excerpt":{"rendered":"Regarder Pour lire cette vid\u00e9o, vous devez accepter les cookies Youtube J&rsquo;accepte \u00a0 Habib Beye Le groupe\u00ab Przemys\u0142aw&hellip;\n","protected":false},"author":2,"featured_media":471409,"comment_status":"","ping_status":"","sticky":false,"template":"","format":"standard","meta":{"footnotes":""},"categories":[2821],"tags":[1111,11,829,1777,674,1011,27,12,584,25],"class_list":{"0":"post-471408","1":"post","2":"type-post","3":"status-publish","4":"format-standard","5":"has-post-thumbnail","7":"category-rennes","8":"tag-actu","9":"tag-actualites","10":"tag-bretagne","11":"tag-eu","12":"tag-europe","13":"tag-fr","14":"tag-france","15":"tag-news","16":"tag-rennes","17":"tag-republique-francaise"},"share_on_mastodon":{"url":"https:\/\/pubeurope.com\/@fr\/115392790616765803","error":""},"_links":{"self":[{"href":"https:\/\/www.europesays.com\/fr\/wp-json\/wp\/v2\/posts\/471408","targetHints":{"allow":["GET"]}}],"collection":[{"href":"https:\/\/www.europesays.com\/fr\/wp-json\/wp\/v2\/posts"}],"about":[{"href":"https:\/\/www.europesays.com\/fr\/wp-json\/wp\/v2\/types\/post"}],"author":[{"embeddable":true,"href":"https:\/\/www.europesays.com\/fr\/wp-json\/wp\/v2\/users\/2"}],"replies":[{"embeddable":true,"href":"https:\/\/www.europesays.com\/fr\/wp-json\/wp\/v2\/comments?post=471408"}],"version-history":[{"count":0,"href":"https:\/\/www.europesays.com\/fr\/wp-json\/wp\/v2\/posts\/471408\/revisions"}],"wp:featuredmedia":[{"embeddable":true,"href":"https:\/\/www.europesays.com\/fr\/wp-json\/wp\/v2\/media\/471409"}],"wp:attachment":[{"href":"https:\/\/www.europesays.com\/fr\/wp-json\/wp\/v2\/media?parent=471408"}],"wp:term":[{"taxonomy":"category","embeddable":true,"href":"https:\/\/www.europesays.com\/fr\/wp-json\/wp\/v2\/categories?post=471408"},{"taxonomy":"post_tag","embeddable":true,"href":"https:\/\/www.europesays.com\/fr\/wp-json\/wp\/v2\/tags?post=471408"}],"curies":[{"name":"wp","href":"https:\/\/api.w.org\/{rel}","templated":true}]}}