{"id":471410,"date":"2025-10-18T02:23:35","date_gmt":"2025-10-18T02:23:35","guid":{"rendered":"https:\/\/www.europesays.com\/fr\/471410\/"},"modified":"2025-10-18T02:23:35","modified_gmt":"2025-10-18T02:23:35","slug":"a-cote-de-strasbourg-ils-ont-construit-une-ville-de-1000-m2-pour-enfants","status":"publish","type":"post","link":"https:\/\/www.europesays.com\/fr\/471410\/","title":{"rendered":"\u00e0 c\u00f4t\u00e9 de Strasbourg, ils ont construit une \u00ab ville \u00bb de 1000 m2 pour enfants"},"content":{"rendered":"<p>    <img loading=\"lazy\" width=\"1800\" height=\"900\" src=\"https:\/\/www.europesays.com\/fr\/wp-content\/uploads\/2025\/08\/jeanne-callthepolice.jpg\" class=\"attachment-full size-full\" alt=\"\" id=\"imageLove\" decoding=\"async\"  \/><\/p>\n<p id=\"breadcrumbs\"><a href=\"https:\/\/pokaa.fr\/\" rel=\"nofollow noopener\" target=\"_blank\">Accueil<\/a> \/ <a href=\"https:\/\/pokaa.fr\/categories\/les-bonnes-adresses\/\" rel=\"nofollow noopener\" target=\"_blank\">Bonnes adresses<\/a> \/ <a href=\"https:\/\/pokaa.fr\/categories\/les-bonnes-adresses\/ses-loisirs\/\" rel=\"nofollow noopener\" target=\"_blank\">Loisirs<\/a> \/ C\u2019est ouvert : \u00e0 c\u00f4t\u00e9 de Strasbourg, ils ont construit une \u00ab ville \u00bb de 1000 m2 pour enfants<\/p>\n<p>                    Loisirs<\/p>\n<p><strong>Faire semblant de faire ses courses, soigner ses compagnons \u00e0 quatre pattes, r\u00e9parer des voitures ou diriger un chantier : les enfants aiment inventer des histoires. \u00c7a tombe bien, car le but de Chibitopia, c\u2019est de leur offrir un espace pour les vivre, \u00e0 leur taille ! Ce lieu de 1000 m\u00b2 vient d\u2019ouvrir ses portes \u00e0 deux pas de Strasbourg, \u00e0 Lingolsheim. On vous montre.<\/strong><\/p>\n<p><strong>Imiter, inventer des histoires, faire \u00ab comme les grands \u00bb<\/strong>, c\u2019est l\u2019une des activit\u00e9s pr\u00e9f\u00e9r\u00e9es des enfants. Le but de Chibitopia, c\u2019est de leur offrir l\u2019espace n\u00e9cessaire pour le faire, \u00e0 leur taille !<\/p>\n<p><strong>Sur place : cabinet de v\u00e9t\u00e9rinaire, garage automobile, camion de pompiers\/\u00e8res, chantier ou restaurant sur mesure<\/strong> permettent de faire comme les adultes, et de vivre des histoires palpitantes.<\/p>\n<p>                <img width=\"625\" height=\"500\" src=\"https:\/\/www.europesays.com\/fr\/wp-content\/uploads\/2025\/10\/edifice-photocom-chibitopia-inauguration-003-1200px-625x500.jpg\" class=\"attachment-gallery size-gallery\" alt=\"Chibitopia\" data-full-url=\"https:\/\/pokaa.fr\/wp-content\/uploads\/2025\/10\/14\/edifice-photocom-chibitopia-inauguration-003-1200px.jpg\" decoding=\"async\" loading=\"lazy\"  \/>            <\/p>\n<p>                <img width=\"333\" height=\"500\" src=\"https:\/\/www.europesays.com\/fr\/wp-content\/uploads\/2025\/10\/edifice-photocom-chibitopia-inauguration-001-1200px-333x500.jpg\" class=\"attachment-gallery size-gallery\" alt=\"Chibitopia\" data-full-url=\"https:\/\/pokaa.fr\/wp-content\/uploads\/2025\/10\/14\/edifice-photocom-chibitopia-inauguration-001-1200px.jpg\" decoding=\"async\" loading=\"lazy\"  \/>            <\/p>\n<p>                <img width=\"750\" height=\"500\" src=\"https:\/\/www.europesays.com\/fr\/wp-content\/uploads\/2025\/10\/edifice-photocom-chibitopia-inauguration-011-1200px-750x500.jpg\" class=\"attachment-gallery size-gallery\" alt=\"Chibitopia\" data-full-url=\"https:\/\/pokaa.fr\/wp-content\/uploads\/2025\/10\/14\/edifice-photocom-chibitopia-inauguration-011-1200px.jpg\" decoding=\"async\" loading=\"lazy\"  \/>            <\/p>\n<p>                <img width=\"750\" height=\"500\" src=\"https:\/\/www.europesays.com\/fr\/wp-content\/uploads\/2025\/10\/edifice-photocom-chibitopia-inauguration-021-1200px-750x500.jpg\" class=\"attachment-gallery size-gallery\" alt=\"Chibitopia\" data-full-url=\"https:\/\/pokaa.fr\/wp-content\/uploads\/2025\/10\/14\/edifice-photocom-chibitopia-inauguration-021-1200px.jpg\" decoding=\"async\" loading=\"lazy\"  \/>            <\/p>\n<p>                <img width=\"750\" height=\"500\" src=\"https:\/\/www.europesays.com\/fr\/wp-content\/uploads\/2025\/10\/edifice-photocom-chibitopia-inauguration-058-1200px-750x500.jpg\" class=\"attachment-gallery size-gallery\" alt=\"Chibitopia\" data-full-url=\"https:\/\/pokaa.fr\/wp-content\/uploads\/2025\/10\/14\/edifice-photocom-chibitopia-inauguration-058-1200px.jpg\" decoding=\"async\" loading=\"lazy\"  \/>            <\/p>\n<p>                <img width=\"750\" height=\"500\" src=\"https:\/\/www.europesays.com\/fr\/wp-content\/uploads\/2025\/10\/edifice-photocom-chibitopia-inauguration-067-1200px-750x500.jpg\" class=\"attachment-gallery size-gallery\" alt=\"Chibitopia\" data-full-url=\"https:\/\/pokaa.fr\/wp-content\/uploads\/2025\/10\/14\/edifice-photocom-chibitopia-inauguration-067-1200px.jpg\" decoding=\"async\" loading=\"lazy\"  \/>            <\/p>\n<p>                <img width=\"750\" height=\"500\" src=\"https:\/\/www.europesays.com\/fr\/wp-content\/uploads\/2025\/10\/edifice-photocom-chibitopia-inauguration-065-1200px-750x500.jpg\" class=\"attachment-gallery size-gallery\" alt=\"Chibitopia\" data-full-url=\"https:\/\/pokaa.fr\/wp-content\/uploads\/2025\/10\/14\/edifice-photocom-chibitopia-inauguration-065-1200px.jpg\" decoding=\"async\" loading=\"lazy\"  \/>            <\/p>\n<p>                <img width=\"667\" height=\"500\" src=\"https:\/\/www.europesays.com\/fr\/wp-content\/uploads\/2025\/10\/edifice-photocom-chibitopia-inauguration-071-1200px-667x500.jpg\" class=\"attachment-gallery size-gallery\" alt=\"Chibitopia\" data-full-url=\"https:\/\/pokaa.fr\/wp-content\/uploads\/2025\/10\/14\/edifice-photocom-chibitopia-inauguration-071-1200px.jpg\" decoding=\"async\" loading=\"lazy\"  \/>            <\/p>\n<p>                    \u00a9 Edifice Photo pour Chibitopia \/ Documents remis<\/p>\n<p>Le lieu a \u00e9t\u00e9 imagin\u00e9 par trois papas, qui veulent offrir <strong>un espace pour jouer, s\u2019amuser, se d\u00e9fouler, mais aussi pour apprendre, grandir, coop\u00e9rer, cr\u00e9er, <\/strong>le tout encadr\u00e9 par une \u00e9quipe de huit personnes.<\/p>\n<p>    <img width=\"800\" height=\"533\" src=\"https:\/\/www.europesays.com\/fr\/wp-content\/uploads\/2025\/10\/edifice-photocom-chibitopia-inauguration-146-1200px-800x533.jpg\" class=\"attachment-image-size-L size-image-size-L\" alt=\"Chibitopia\" decoding=\"async\" loading=\"lazy\"  \/>         \u00a9 Edifice Photo pour Chibitopia \/ Document remis <\/p>\n<p>Plus de 1000 m2 <\/p>\n<p>Le parc de jeux indoor comprend <strong>\u00e9galement des espaces plus classiques. Il y a notamment un parcours d\u2019obstacles et des toboggans,<\/strong>\u00a0pour que les enfants puissent se d\u00e9fouler tandis que les parents sirotent un caf\u00e9 en paix, sur une chaise ou un transat.<\/p>\n<p>                <img width=\"750\" height=\"500\" src=\"https:\/\/www.europesays.com\/fr\/wp-content\/uploads\/2025\/10\/edifice-photocom-chibitopia-inauguration-031-1200px-750x500.jpg\" class=\"attachment-gallery size-gallery\" alt=\"Chibitopia\" data-full-url=\"https:\/\/pokaa.fr\/wp-content\/uploads\/2025\/10\/14\/edifice-photocom-chibitopia-inauguration-031-1200px.jpg\" decoding=\"async\" loading=\"lazy\"  \/>            <\/p>\n<p>                <img width=\"889\" height=\"500\" src=\"https:\/\/www.europesays.com\/fr\/wp-content\/uploads\/2025\/10\/edifice-photocom-chibitopia-inauguration-030-1200px-889x500.jpg\" class=\"attachment-gallery size-gallery\" alt=\"Chibitopia\" data-full-url=\"https:\/\/pokaa.fr\/wp-content\/uploads\/2025\/10\/14\/edifice-photocom-chibitopia-inauguration-030-1200px.jpg\" decoding=\"async\" loading=\"lazy\"  \/>            <\/p>\n<p>                <img width=\"750\" height=\"500\" src=\"https:\/\/www.europesays.com\/fr\/wp-content\/uploads\/2025\/10\/edifice-photocom-chibitopia-inauguration-042-1200px-750x500.jpg\" class=\"attachment-gallery size-gallery\" alt=\"Chibitopia\" data-full-url=\"https:\/\/pokaa.fr\/wp-content\/uploads\/2025\/10\/14\/edifice-photocom-chibitopia-inauguration-042-1200px.jpg\" decoding=\"async\" loading=\"lazy\"  \/>            <\/p>\n<p>                <img width=\"750\" height=\"500\" src=\"https:\/\/www.europesays.com\/fr\/wp-content\/uploads\/2025\/10\/edifice-photocom-chibitopia-inauguration-056-1200px-750x500.jpg\" class=\"attachment-gallery size-gallery\" alt=\"Chibitopia\" data-full-url=\"https:\/\/pokaa.fr\/wp-content\/uploads\/2025\/10\/14\/edifice-photocom-chibitopia-inauguration-056-1200px.jpg\" decoding=\"async\" loading=\"lazy\"  \/>            <\/p>\n<p>                    \u00a9 Edifice Photo pour Chibitopia \/ Documents remis<\/p>\n<p>    <img width=\"800\" height=\"640\" src=\"https:\/\/www.europesays.com\/fr\/wp-content\/uploads\/2025\/10\/edifice-photocom-chibitopia-inauguration-083-1200px-800x640.jpg\" class=\"attachment-image-size-L size-image-size-L\" alt=\"Chibitopia\" decoding=\"async\" loading=\"lazy\"  \/>         \u00a9 Edifice Photo pour Chibitopia \/ Document remis <\/p>\n<p>Si tout cela est pour <strong>les enfants de 3 \u00e0 10 ans,<\/strong> les plus petit(e)s ne sont pas oubli\u00e9(e)s !<\/p>\n<p><strong>Un espace zen est d\u00e9di\u00e9 aux bouts de chou entre 6 mois et 3 ans.<\/strong> Le principe ? Une salle insonoris\u00e9e d\u00e9di\u00e9e au d\u00e9veloppement des cinq sens, au calme.<\/p>\n<p>                <img width=\"333\" height=\"500\" src=\"https:\/\/www.europesays.com\/fr\/wp-content\/uploads\/2025\/10\/edifice-photocom-chibitopia-inauguration-094-1200px-333x500.jpg\" class=\"attachment-gallery size-gallery\" alt=\"Chibitopia\" data-full-url=\"https:\/\/pokaa.fr\/wp-content\/uploads\/2025\/10\/14\/edifice-photocom-chibitopia-inauguration-094-1200px.jpg\" decoding=\"async\" loading=\"lazy\"  \/>            <\/p>\n<p>                <img width=\"400\" height=\"500\" src=\"https:\/\/www.europesays.com\/fr\/wp-content\/uploads\/2025\/10\/edifice-photocom-chibitopia-inauguration-091-1200px-400x500.jpg\" class=\"attachment-gallery size-gallery\" alt=\"Chibitopia\" data-full-url=\"https:\/\/pokaa.fr\/wp-content\/uploads\/2025\/10\/14\/edifice-photocom-chibitopia-inauguration-091-1200px.jpg\" decoding=\"async\" loading=\"lazy\"  \/>            <\/p>\n<p>                <img width=\"625\" height=\"500\" src=\"https:\/\/www.europesays.com\/fr\/wp-content\/uploads\/2025\/10\/edifice-photocom-chibitopia-inauguration-089-1200px-625x500.jpg\" class=\"attachment-gallery size-gallery\" alt=\"Chibitopia\" data-full-url=\"https:\/\/pokaa.fr\/wp-content\/uploads\/2025\/10\/14\/edifice-photocom-chibitopia-inauguration-089-1200px.jpg\" decoding=\"async\" loading=\"lazy\"  \/>            <\/p>\n<p>                <img width=\"625\" height=\"500\" src=\"https:\/\/www.europesays.com\/fr\/wp-content\/uploads\/2025\/10\/edifice-photocom-chibitopia-inauguration-109-1200px-625x500.jpg\" class=\"attachment-gallery size-gallery\" alt=\"Chibitopia\" data-full-url=\"https:\/\/pokaa.fr\/wp-content\/uploads\/2025\/10\/14\/edifice-photocom-chibitopia-inauguration-109-1200px.jpg\" decoding=\"async\" loading=\"lazy\"  \/>            <\/p>\n<p>                <img width=\"750\" height=\"500\" src=\"https:\/\/www.europesays.com\/fr\/wp-content\/uploads\/2025\/10\/edifice-photocom-chibitopia-inauguration-103-1200px-750x500.jpg\" class=\"attachment-gallery size-gallery\" alt=\"Chibitopia\" data-full-url=\"https:\/\/pokaa.fr\/wp-content\/uploads\/2025\/10\/14\/edifice-photocom-chibitopia-inauguration-103-1200px.jpg\" decoding=\"async\" loading=\"lazy\"  \/>            <\/p>\n<p>                    \u00a9 Edifice Photo pour Chibitopia \/ Documents remis<\/p>\n<p>Pour venir <strong>s\u2019amuser sur un cr\u00e9neau de 2h, ou organiser un anniversaire inoubliable<\/strong> en compagnie de la mascotte Chibi, toutes les infos sont <strong><a href=\"https:\/\/www.chibitopia.fr\/\" target=\"_blank\" rel=\"noopener nofollow\">par ici<\/a><\/strong>\u00a0!<\/p>\n<p><strong>Alors, vous venez tenter avec vos enfants ?<\/strong><\/p>\n<p>            Chibitopia<\/p>\n<p>            Quoi ?<br \/>\n            Parc \u00e0 jeux indoor        <\/p>\n<p>            o\u00f9 ?<br \/>\n            5 all\u00e9e des Foulons, parc des Tanneries, \u00e0 Lingolsheim        <\/p>\n<p>                Plus d&rsquo;infos ?<\/p>\n<p><a href=\"https:\/\/www.chibitopia.fr\/\" target=\"_blank\" rel=\"noopener nofollow\">Site web et r\u00e9servations<\/a><\/p>\n<p>La r\u00e9servation en ligne est fortement conseill\u00e9e les week-ends et pendant les vacances scolaires.<\/p>\n<p>                <img width=\"750\" height=\"500\" src=\"https:\/\/www.europesays.com\/fr\/wp-content\/uploads\/2025\/10\/edifice-photocom-chibitopia-inauguration-023-1200px-750x500.jpg\" class=\"attachment-gallery size-gallery\" alt=\"Chibitopia\" data-full-url=\"https:\/\/pokaa.fr\/wp-content\/uploads\/2025\/10\/14\/edifice-photocom-chibitopia-inauguration-023-1200px.jpg\" decoding=\"async\" loading=\"lazy\"  \/>            <\/p>\n<p>                <img width=\"750\" height=\"500\" src=\"https:\/\/www.europesays.com\/fr\/wp-content\/uploads\/2025\/10\/edifice-photocom-chibitopia-inauguration-017-1200px-750x500.jpg\" class=\"attachment-gallery size-gallery\" alt=\"Chibitopia\" data-full-url=\"https:\/\/pokaa.fr\/wp-content\/uploads\/2025\/10\/14\/edifice-photocom-chibitopia-inauguration-017-1200px.jpg\" decoding=\"async\" loading=\"lazy\"  \/>            <\/p>\n<p>                <img width=\"750\" height=\"500\" src=\"https:\/\/www.europesays.com\/fr\/wp-content\/uploads\/2025\/10\/edifice-photocom-chibitopia-inauguration-012-1200px-750x500.jpg\" class=\"attachment-gallery size-gallery\" alt=\"Chibitopia\" data-full-url=\"https:\/\/pokaa.fr\/wp-content\/uploads\/2025\/10\/14\/edifice-photocom-chibitopia-inauguration-012-1200px.jpg\" decoding=\"async\" loading=\"lazy\"  \/>            <\/p>\n<p>                <img width=\"889\" height=\"500\" src=\"https:\/\/www.europesays.com\/fr\/wp-content\/uploads\/2025\/10\/edifice-photocom-chibitopia-inauguration-062-1200px-889x500.jpg\" class=\"attachment-gallery size-gallery\" alt=\"Chibitopia\" data-full-url=\"https:\/\/pokaa.fr\/wp-content\/uploads\/2025\/10\/14\/edifice-photocom-chibitopia-inauguration-062-1200px.jpg\" decoding=\"async\" loading=\"lazy\"  \/>            <\/p>\n<p>                    \u00a9 Edifice Photo pour Chibitopia \/ Documents remis<\/p>\n","protected":false},"excerpt":{"rendered":"Accueil \/ Bonnes adresses \/ Loisirs \/ C\u2019est ouvert : \u00e0 c\u00f4t\u00e9 de Strasbourg, ils ont construit une&hellip;\n","protected":false},"author":2,"featured_media":471411,"comment_status":"","ping_status":"","sticky":false,"template":"","format":"standard","meta":{"footnotes":""},"categories":[2820],"tags":[1111,11,59507,2389,2649,59508,1777,674,652,1011,27,775,12,59509,25,640],"class_list":{"0":"post-471410","1":"post","2":"type-post","3":"status-publish","4":"format-standard","5":"has-post-thumbnail","7":"category-strasbourg","8":"tag-actu","9":"tag-actualites","10":"tag-aire-de-jeux","11":"tag-alsace","12":"tag-bas-rhin","13":"tag-chibitopia","14":"tag-eu","15":"tag-europe","16":"tag-famille","17":"tag-fr","18":"tag-france","19":"tag-grand-est","20":"tag-news","21":"tag-parc-indoor","22":"tag-republique-francaise","23":"tag-strasbourg"},"share_on_mastodon":{"url":"https:\/\/pubeurope.com\/@fr\/115392795440710333","error":""},"_links":{"self":[{"href":"https:\/\/www.europesays.com\/fr\/wp-json\/wp\/v2\/posts\/471410","targetHints":{"allow":["GET"]}}],"collection":[{"href":"https:\/\/www.europesays.com\/fr\/wp-json\/wp\/v2\/posts"}],"about":[{"href":"https:\/\/www.europesays.com\/fr\/wp-json\/wp\/v2\/types\/post"}],"author":[{"embeddable":true,"href":"https:\/\/www.europesays.com\/fr\/wp-json\/wp\/v2\/users\/2"}],"replies":[{"embeddable":true,"href":"https:\/\/www.europesays.com\/fr\/wp-json\/wp\/v2\/comments?post=471410"}],"version-history":[{"count":0,"href":"https:\/\/www.europesays.com\/fr\/wp-json\/wp\/v2\/posts\/471410\/revisions"}],"wp:featuredmedia":[{"embeddable":true,"href":"https:\/\/www.europesays.com\/fr\/wp-json\/wp\/v2\/media\/471411"}],"wp:attachment":[{"href":"https:\/\/www.europesays.com\/fr\/wp-json\/wp\/v2\/media?parent=471410"}],"wp:term":[{"taxonomy":"category","embeddable":true,"href":"https:\/\/www.europesays.com\/fr\/wp-json\/wp\/v2\/categories?post=471410"},{"taxonomy":"post_tag","embeddable":true,"href":"https:\/\/www.europesays.com\/fr\/wp-json\/wp\/v2\/tags?post=471410"}],"curies":[{"name":"wp","href":"https:\/\/api.w.org\/{rel}","templated":true}]}}