{"id":471418,"date":"2025-10-18T02:27:18","date_gmt":"2025-10-18T02:27:18","guid":{"rendered":"https:\/\/www.europesays.com\/fr\/471418\/"},"modified":"2025-10-18T02:27:18","modified_gmt":"2025-10-18T02:27:18","slug":"au-chu-de-nantes-les-urgences-dentaires-ferment-lapres-midi","status":"publish","type":"post","link":"https:\/\/www.europesays.com\/fr\/471418\/","title":{"rendered":"au CHU de Nantes, les urgences dentaires ferment l&rsquo;apr\u00e8s-midi"},"content":{"rendered":"<p>            Par<br \/>\n        <strong><br \/>\n            <a href=\"https:\/\/actu.fr\/auteur\/clemence-pays02-actu-fr\" title=\"Consulter tous les articles de Cl\u00e9mence Pays\" target=\"_blank\" rel=\"noopener\">Cl\u00e9mence Pays<\/a><br \/>\n        <\/strong><\/p>\n<p>        Publi\u00e9 le<\/p>\n<p>            17 oct. 2025 \u00e0 14h47        <\/p>\n<p>\u00ab\u2009Cette d\u00e9cision est purement scandaleuse\u2009\u00bb, s\u2019insurge la CGT du <a href=\"https:\/\/actu.fr\/tag\/chu-de-nantes\" target=\"_blank\" rel=\"noopener\">CHU de Nantes<\/a>. Selon le syndicat, le directeur g\u00e9n\u00e9ral a pris la \u00ab\u2009d\u00e9cision unilat\u00e9rale\u2009\u00bb de <strong>fermer les urgences dentaires,<\/strong> tous les apr\u00e8s-midi, jusqu\u2019au 31\u00a0octobre 2025. Ainsi, les consultations sans rendez-vous ne sont plus possibles, en dehors du matin.<\/p>\n<p class=\" wall-content\">En effet, mercredi 15\u00a0octobre, les repr\u00e9sentants syndicaux ont appris que les urgences du Centre de soins dentaires \u00e9taient \u00ab\u2009momentan\u00e9ment ferm\u00e9es\u2009\u00bb durant l\u2019apr\u00e8s-midi,<strong> sans en avoir \u00e9t\u00e9 inform\u00e9 au pr\u00e9alable.<\/strong><\/p>\n<p>Un contexte de gr\u00e8ve<\/p>\n<p class=\" wall-content\">Cette d\u00e9cision survient dans un contexte d\u00e9j\u00e0 tendu puisque le 3\u00a0octobre, la CGT a d\u00e9pos\u00e9 un <strong>pr\u00e9avis de gr\u00e8ve<\/strong> pour alerter sur la situation des <strong>assistantes m\u00e9dico-administratives<\/strong> (Ama) du secr\u00e9tariat du Centre de soins dentaires.<\/p>\n<blockquote class=\"ac-article-quote wall-content\">\n<p>En effet, les admissions des urgences \u00e9taient auparavant assur\u00e9es par deux admissionnistes, qui ont \u00e9t\u00e9 retir\u00e9es par vos soins [ceux de la direction, N.D.L.R.).<br \/>\nCette suppression de postes am\u00e8ne les Ama \u00e0 r\u00e9aliser les admissions et \u00e0 d\u00e9laisser les t\u00e2ches du secr\u00e9tariat et \u00e0 cela s\u2019ajoute la prise de rendez-vous, l\u2019accueil physique, attributions des patients aux \u00e9tudiants\u2026<\/p>\n<p>    <strong>CGT CHU<\/strong><br \/>\n        Courrier adress\u00e9 au directeur g\u00e9n\u00e9ral du CHU de Nantes    <\/p><\/blockquote>\n<p class=\" wall-content\">Toujours selon le syndicat, <strong>plus de 1\u2009400 mails sont en attente de traitement,<\/strong> laissant les patients sans r\u00e9ponse quant \u00e0 leur prise de rendez-vous. \u00ab\u2009Cela a impact\u00e9 l\u2019ensemble de l\u2019activit\u00e9 du service\u2009\u00bb, fustige Olivier Sabin, repr\u00e9sentant syndical.<\/p>\n<p class=\" wall-content\"><strong>En gr\u00e8ve depuis le 8\u00a0octobre,<\/strong> la CGT r\u00e9clame le retour \u00e0 temps plein, de deux admissionnistes.<\/p>\n<p>Votre r\u00e9gion, votre actu !<\/p>\n<p>Recevez chaque jour les infos qui comptent pour vous.<\/p>\n<p>\t<a href=\"https:\/\/actu.fr\/newsletter\" class=\"ac-btn ac-btn--corner ac-btn--medium ac-btn--blue800\" target=\"_blank\" rel=\"noopener\">S&rsquo;incrire<\/a><br \/>\n\u00ab\u2009C\u2019est violent pour le personnel et les usagers\u2009\u00bb<\/p>\n<p class=\" wall-content\">En r\u00e9ponse \u00e0 cela, \u00ab\u2009la direction a d\u00e9cid\u00e9\u00a0de fermer les urgences l\u2019apr\u00e8s-midi\u2009\u00bb, pour permettre aux Ama de traiter les t\u00e2ches administratives en attente.<\/p>\n<p class=\" wall-content\">\u00ab\u2009La d\u00e9cision a \u00e9t\u00e9 prise <strong>du jour au lendemain,<\/strong> c\u2019est violent pour le personnel et les usagers\u2009\u00bb, d\u00e9plore Olivier Sabin, qui ajoute que cette situation entra\u00eene une \u00ab\u2009tension\u2009\u00bb au sein du service. En particulier pour le personnel d\u2019accueil, qui se retrouve face \u00e0 des patients ayant parfois fait plusieurs heures de routes pour se rendre aux urgences et se voyant donc refuser l\u2019acc\u00e8s aux urgences.<\/p>\n<p class=\" wall-content\">La CGT a sollicit\u00e9 un rendez-vous aupr\u00e8s de <strong>l\u2019Agence r\u00e9gionale de sant\u00e9<\/strong> (ARS). Une requ\u00eate rest\u00e9e \u00ab\u2009sans r\u00e9ponse\u2009\u00bb.<\/p>\n<p class=\" wall-content\">Contact\u00e9 par la r\u00e9daction, le CHU de Nantes n\u2019a<strong> pas r\u00e9pondu \u00e0 nos sollicitations<\/strong> \u00e0 l\u2019heure o\u00f9 nous \u00e9crivons ces lignes.<\/p>\n<p class=\" wall-content\">Personnalisez votre actualit\u00e9 en ajoutant vos villes et m\u00e9dias en favori avec <a href=\"https:\/\/moncompte.actu.fr\" title=\"D\u00e9couvez Mon Actu\" rel=\"nofollow noopener\" data-trk=\"{&quot;cta&quot;:{&quot;action&quot;:&quot;https:\\\/\\\/moncompte.actu.fr&quot;,&quot;category&quot;:&quot;mon compte&quot;,&quot;from&quot;:&quot;article footer&quot;,&quot;name&quot;:&quot;Mon actu&quot;,&quot;type&quot;:&quot;cta&quot;}}\" target=\"_blank\">Mon Actu<\/a>.<\/p>\n","protected":false},"excerpt":{"rendered":"Par Cl\u00e9mence Pays Publi\u00e9 le 17 oct. 2025 \u00e0 14h47 \u00ab\u2009Cette d\u00e9cision est purement scandaleuse\u2009\u00bb, s\u2019insurge la CGT&hellip;\n","protected":false},"author":2,"featured_media":471419,"comment_status":"","ping_status":"","sticky":false,"template":"","format":"standard","meta":{"footnotes":""},"categories":[2818],"tags":[1111,11,7426,1777,674,1011,27,766,12,2636,25,71,104,6444],"class_list":{"0":"post-471418","1":"post","2":"type-post","3":"status-publish","4":"format-standard","5":"has-post-thumbnail","7":"category-nantes","8":"tag-actu","9":"tag-actualites","10":"tag-chu-de-nantes","11":"tag-eu","12":"tag-europe","13":"tag-fr","14":"tag-france","15":"tag-nantes","16":"tag-news","17":"tag-pays-de-la-loire","18":"tag-republique-francaise","19":"tag-sante","20":"tag-societe","21":"tag-urgences"},"share_on_mastodon":{"url":"https:\/\/pubeurope.com\/@fr\/115392809734151014","error":""},"_links":{"self":[{"href":"https:\/\/www.europesays.com\/fr\/wp-json\/wp\/v2\/posts\/471418","targetHints":{"allow":["GET"]}}],"collection":[{"href":"https:\/\/www.europesays.com\/fr\/wp-json\/wp\/v2\/posts"}],"about":[{"href":"https:\/\/www.europesays.com\/fr\/wp-json\/wp\/v2\/types\/post"}],"author":[{"embeddable":true,"href":"https:\/\/www.europesays.com\/fr\/wp-json\/wp\/v2\/users\/2"}],"replies":[{"embeddable":true,"href":"https:\/\/www.europesays.com\/fr\/wp-json\/wp\/v2\/comments?post=471418"}],"version-history":[{"count":0,"href":"https:\/\/www.europesays.com\/fr\/wp-json\/wp\/v2\/posts\/471418\/revisions"}],"wp:featuredmedia":[{"embeddable":true,"href":"https:\/\/www.europesays.com\/fr\/wp-json\/wp\/v2\/media\/471419"}],"wp:attachment":[{"href":"https:\/\/www.europesays.com\/fr\/wp-json\/wp\/v2\/media?parent=471418"}],"wp:term":[{"taxonomy":"category","embeddable":true,"href":"https:\/\/www.europesays.com\/fr\/wp-json\/wp\/v2\/categories?post=471418"},{"taxonomy":"post_tag","embeddable":true,"href":"https:\/\/www.europesays.com\/fr\/wp-json\/wp\/v2\/tags?post=471418"}],"curies":[{"name":"wp","href":"https:\/\/api.w.org\/{rel}","templated":true}]}}