{"id":471432,"date":"2025-10-18T02:36:25","date_gmt":"2025-10-18T02:36:25","guid":{"rendered":"https:\/\/www.europesays.com\/fr\/471432\/"},"modified":"2025-10-18T02:36:25","modified_gmt":"2025-10-18T02:36:25","slug":"des-mesures-prises-en-urgence","status":"publish","type":"post","link":"https:\/\/www.europesays.com\/fr\/471432\/","title":{"rendered":"des mesures prises en urgence"},"content":{"rendered":"<p>            Par<br \/>\n        <strong><br \/>\n            <a href=\"https:\/\/actu.fr\/auteur\/thibault-nadal-actu-fr\" title=\"Consulter tous les articles de Thibault Nadal\" target=\"_blank\" rel=\"noopener\">Thibault Nadal<\/a><br \/>\n        <\/strong><\/p>\n<p>        Publi\u00e9 le<\/p>\n<p>            17 oct. 2025 \u00e0 17h30        <\/p>\n<p>Le ballet de klaxons et les embouteillages ont suffi \u00e0 faire comprendre que quelque chose n\u2019allait pas sur le boulevard de la Corderie, dans le 7e arrondissement de <a href=\"https:\/\/actu.fr\/marseille\/\" target=\"_blank\" rel=\"noopener\">Marseille<\/a>. En effet, depuis ce jeudi 16\u00a0octobre 2025, <strong>la rue du Commandant de Surian<\/strong>, qui permet de relier cet axe au Cours Pierre Puget, a d\u00fb \u00eatre ferm\u00e9e en urgence. La raison\u2009: un mur de plusieurs m\u00e8tres de hauteur, qui borde le parc attenant, menace de s\u2019effondrer.<\/p>\n<p class=\" wall-content\">Sur place, la route est totalement barr\u00e9e et <strong>des panneaux \u00ab\u2009chutes de pierres\u2009\u00bb<\/strong> ont \u00e9t\u00e9 install\u00e9s. Les voitures ne peuvent d\u00e9sormais plus emprunter le chemin. Seuls les pi\u00e9tons y ont acc\u00e8s.<\/p>\n<p>    <a href=\"https:\/\/www.google.com\/maps\/embed?pb=!1m18!1m12!1m3!1d2904.144630501626!2d5.368308176615946!3d43.29029277582653!2m3!1f0!2f0!3f0!3m2!1i1024!2i768!4f13.1!3m3!1m2!1s0x12c9c0c8796ee92f%3A0x9f2335ee17831a76!2sRue%20du%20Commandant%20de%20Surian%2C%2013007%20Marseille!5e0!3m2!1sfr!2sfr!4v1760705233233!5m2!1sfr!2sfr\" title=\"Ouvrie le lien\" target=\"_blank\" rel=\"noopener\">Cliquez ici pour visualiser le contenu<\/a><\/p>\n<p>\u00ab\u2009Des \u00e9l\u00e9ments se sont partiellement d\u00e9tach\u00e9s\u2009\u00bb<\/p>\n<p class=\" wall-content\">Contact\u00e9e, la Ville de Marseille nous donne plus de d\u00e9tails sur ce qu\u2019il s\u2019est pass\u00e9. Elle explique que \u00ab\u2009des \u00e9l\u00e9ments <strong>du mur de sout\u00e8nement du parc de la Colline Puget<\/strong> se sont partiellement d\u00e9tach\u00e9s et sont tomb\u00e9s sur la chauss\u00e9e\u2009\u00bb.<\/p>\n<p>    <img   decoding=\"async\" loading=\"lazy\" src=\"https:\/\/www.europesays.com\/fr\/wp-content\/uploads\/2025\/10\/design-sans-titre-68-960x640.png\" alt=\"La route est inaccessible aux voitures dans les deux sens.\" width=\"960\" height=\"640\"\/><br \/>\n    La route est inaccessible aux voitures dans les deux sens. (\u00a9TN \/ actu Marseille)<\/p>\n<p class=\" wall-content\">Elle a donc d\u00e9cid\u00e9 \u00ab\u2009par mesure de pr\u00e9caution\u2009\u00bb d\u2019installer \u00ab\u2009un p\u00e9rim\u00e8tre de s\u00e9curit\u00e9\u2009\u00bb.<\/p>\n<p>Trois lignes de bus d\u00e9vi\u00e9es<\/p>\n<p class=\" wall-content\">La fermeture de cette route oblige <a href=\"https:\/\/actu.fr\/tag\/rtm\" target=\"_blank\" rel=\"noopener\">la R\u00e9gie des transports m\u00e9tropolitains<\/a>\u00a0\u00e0 d\u00e9tourner plusieurs de ses lignes de bus. Voici le d\u00e9tail\u2009:<\/p>\n<p>Votre r\u00e9gion, votre actu !<\/p>\n<p>Recevez chaque jour les infos qui comptent pour vous.<\/p>\n<p>\t<a href=\"https:\/\/actu.fr\/newsletter\" class=\"ac-btn ac-btn--corner ac-btn--medium ac-btn--blue800\" target=\"_blank\" rel=\"noopener\">S&rsquo;incrire<\/a><\/p>\n<ul class=\" wall-content\">\n<li><strong>Bus 54 et 81<\/strong>\u2009: deux arr\u00eats non desservis en direction des terminus M\u00e9tro La Timone et M\u00e9tro Saint-Just\u2009: Puget Moulet et Puget Roux de Brignoles. D\u00e9viation par boulevard de la Corderie, rue Fort Notre Dame et rue Breteuil.<\/li>\n<li><strong>Bus S7<\/strong>\u2009: un arr\u00eat non desservi en direction du terminus Place de la Corderie\u2009: Puget Moulet. D\u00e9viation par boulevard de la Corderie, rue Fort Notre Dame et rue Breteuil.<\/li>\n<\/ul>\n<p class=\" wall-content\">\n<p class=\" wall-content\">La RTM pr\u00e9cise que ces changements vont <strong>durer a minima jusqu\u2019au 30\u00a0novembre prochain<\/strong>. Une date qui n\u2019a pas \u00e9t\u00e9 confirm\u00e9e par la municipalit\u00e9\u2009: cette derni\u00e8re fait savoir que \u00ab\u2009des v\u00e9rifications sont en cours\u2009\u00bb.<\/p>\n<p class=\" wall-content\">Personnalisez votre actualit\u00e9 en ajoutant vos villes et m\u00e9dias en favori avec <a href=\"https:\/\/moncompte.actu.fr\" title=\"D\u00e9couvez Mon Actu\" rel=\"nofollow noopener\" data-trk=\"{&quot;cta&quot;:{&quot;action&quot;:&quot;https:\\\/\\\/moncompte.actu.fr&quot;,&quot;category&quot;:&quot;mon compte&quot;,&quot;from&quot;:&quot;article footer&quot;,&quot;name&quot;:&quot;Mon actu&quot;,&quot;type&quot;:&quot;cta&quot;}}\" target=\"_blank\">Mon Actu<\/a>.<\/p>\n","protected":false},"excerpt":{"rendered":"Par Thibault Nadal Publi\u00e9 le 17 oct. 2025 \u00e0 17h30 Le ballet de klaxons et les embouteillages ont&hellip;\n","protected":false},"author":2,"featured_media":471433,"comment_status":"","ping_status":"","sticky":false,"template":"","format":"standard","meta":{"footnotes":""},"categories":[2814],"tags":[1111,11,1777,674,1011,27,884,12,882,25,10783,104,2803,2086],"class_list":{"0":"post-471432","1":"post","2":"type-post","3":"status-publish","4":"format-standard","5":"has-post-thumbnail","7":"category-marseille","8":"tag-actu","9":"tag-actualites","10":"tag-eu","11":"tag-europe","12":"tag-fr","13":"tag-france","14":"tag-marseille","15":"tag-news","16":"tag-provence-alpes-cote-dazur","17":"tag-republique-francaise","18":"tag-rtm","19":"tag-societe","20":"tag-transport","21":"tag-travaux"},"share_on_mastodon":{"url":"https:\/\/pubeurope.com\/@fr\/115392845551874276","error":""},"_links":{"self":[{"href":"https:\/\/www.europesays.com\/fr\/wp-json\/wp\/v2\/posts\/471432","targetHints":{"allow":["GET"]}}],"collection":[{"href":"https:\/\/www.europesays.com\/fr\/wp-json\/wp\/v2\/posts"}],"about":[{"href":"https:\/\/www.europesays.com\/fr\/wp-json\/wp\/v2\/types\/post"}],"author":[{"embeddable":true,"href":"https:\/\/www.europesays.com\/fr\/wp-json\/wp\/v2\/users\/2"}],"replies":[{"embeddable":true,"href":"https:\/\/www.europesays.com\/fr\/wp-json\/wp\/v2\/comments?post=471432"}],"version-history":[{"count":0,"href":"https:\/\/www.europesays.com\/fr\/wp-json\/wp\/v2\/posts\/471432\/revisions"}],"wp:featuredmedia":[{"embeddable":true,"href":"https:\/\/www.europesays.com\/fr\/wp-json\/wp\/v2\/media\/471433"}],"wp:attachment":[{"href":"https:\/\/www.europesays.com\/fr\/wp-json\/wp\/v2\/media?parent=471432"}],"wp:term":[{"taxonomy":"category","embeddable":true,"href":"https:\/\/www.europesays.com\/fr\/wp-json\/wp\/v2\/categories?post=471432"},{"taxonomy":"post_tag","embeddable":true,"href":"https:\/\/www.europesays.com\/fr\/wp-json\/wp\/v2\/tags?post=471432"}],"curies":[{"name":"wp","href":"https:\/\/api.w.org\/{rel}","templated":true}]}}