{"id":471436,"date":"2025-10-18T02:38:10","date_gmt":"2025-10-18T02:38:10","guid":{"rendered":"https:\/\/www.europesays.com\/fr\/471436\/"},"modified":"2025-10-18T02:38:10","modified_gmt":"2025-10-18T02:38:10","slug":"le-maire-doullins-pierre-benite-jerome-moroge-promu-vice-president-de-la-region","status":"publish","type":"post","link":"https:\/\/www.europesays.com\/fr\/471436\/","title":{"rendered":"Le maire d&rsquo;Oullins-Pierre-B\u00e9nite J\u00e9r\u00f4me Moroge promu vice-pr\u00e9sident de la R\u00e9gion"},"content":{"rendered":"<p itemprop=\"description\"><strong>Une place s&rsquo;est lib\u00e9r\u00e9e au conseil r\u00e9gional d&rsquo;Auvergne-Rh\u00f4ne-Alpes.<\/strong><\/p>\n<p>Avec le d\u00e9part de Jacques Blanchet, qui quittait son poste de vice-pr\u00e9sident charg\u00e9 de la Formation professionnelle et de l&rsquo;Apprentissage pour briguer la pr\u00e9sidence de la F\u00e9d\u00e9ration fran\u00e7aise du b\u00e2timent, c&rsquo;est <a href=\"https:\/\/www.lyonmag.com\/profil-personnalite-lyonnaise\/453\/jerome-moroge\" target=\"_blank\" rel=\"noopener\">J\u00e9r\u00f4me Moroge<\/a> qui est promu.<\/p>\n<p>Le maire LR d&rsquo;Oullins-Pierre-B\u00e9nite a \u00e9t\u00e9 \u00e9lu \u00e0 ce poste ce vendredi. D\u00e9j\u00e0 conseiller r\u00e9gional d\u00e9l\u00e9gu\u00e9 charg\u00e9 de ces th\u00e9matiques, il devient 10e vice-pr\u00e9sident de <a href=\"https:\/\/www.lyonmag.com\/profil-personnalite-lyonnaise\/747\/fabrice-pannekoucke\" target=\"_blank\" rel=\"noopener\">Fabrice Pannekoucke<\/a>.<\/p>\n<p>J\u00e9r\u00f4me Moroge rejoint les deux autres maires de la M\u00e9tropole de Lyon et du Rh\u00f4ne qui cumulent avec cette fonction r\u00e9gionale : <a href=\"https:\/\/www.lyonmag.com\/profil-personnalite-lyonnaise\/330\/laurence-fautra\" target=\"_blank\" rel=\"noopener\">Laurence Fautra<\/a> vice-pr\u00e9sidente \u00e0 la Sant\u00e9 et maire de D\u00e9cines et <a href=\"https:\/\/www.lyonmag.com\/profil-personnalite-lyonnaise\/170\/renaud-pfeffer\" target=\"_blank\" rel=\"noopener\">Renaud Pfeffer<\/a> vice-pr\u00e9sident \u00e0 la S\u00e9curit\u00e9 et au Sport et maire de Mornant.<\/p>\n","protected":false},"excerpt":{"rendered":"Une place s&rsquo;est lib\u00e9r\u00e9e au conseil r\u00e9gional d&rsquo;Auvergne-Rh\u00f4ne-Alpes. Avec le d\u00e9part de Jacques Blanchet, qui quittait son poste&hellip;\n","protected":false},"author":2,"featured_media":471437,"comment_status":"","ping_status":"","sticky":false,"template":"","format":"standard","meta":{"footnotes":""},"categories":[1889],"tags":[1111,11,2813,2190,2430,1109,251,1112,2811,1777,674,118,1011,27,1922,1110,1114,2428,2810,12,241,316,25,2812,517,800],"class_list":{"0":"post-471436","1":"post","2":"type-post","3":"status-publish","4":"format-standard","5":"has-post-thumbnail","7":"category-lyon","8":"tag-actu","9":"tag-actualites","10":"tag-article","11":"tag-asvel","12":"tag-auvergne-rhone-alpes","13":"tag-breves","14":"tag-culture","15":"tag-depeches","16":"tag-economique","17":"tag-eu","18":"tag-europe","19":"tag-faits-divers","20":"tag-fr","21":"tag-france","22":"tag-info","23":"tag-informations","24":"tag-infos","25":"tag-lyon","26":"tag-lyonmag","27":"tag-news","28":"tag-ol","29":"tag-politique","30":"tag-republique-francaise","31":"tag-sociale","32":"tag-sport","33":"tag-transports"},"share_on_mastodon":{"url":"https:\/\/pubeurope.com\/@fr\/115392852982488235","error":""},"_links":{"self":[{"href":"https:\/\/www.europesays.com\/fr\/wp-json\/wp\/v2\/posts\/471436","targetHints":{"allow":["GET"]}}],"collection":[{"href":"https:\/\/www.europesays.com\/fr\/wp-json\/wp\/v2\/posts"}],"about":[{"href":"https:\/\/www.europesays.com\/fr\/wp-json\/wp\/v2\/types\/post"}],"author":[{"embeddable":true,"href":"https:\/\/www.europesays.com\/fr\/wp-json\/wp\/v2\/users\/2"}],"replies":[{"embeddable":true,"href":"https:\/\/www.europesays.com\/fr\/wp-json\/wp\/v2\/comments?post=471436"}],"version-history":[{"count":0,"href":"https:\/\/www.europesays.com\/fr\/wp-json\/wp\/v2\/posts\/471436\/revisions"}],"wp:featuredmedia":[{"embeddable":true,"href":"https:\/\/www.europesays.com\/fr\/wp-json\/wp\/v2\/media\/471437"}],"wp:attachment":[{"href":"https:\/\/www.europesays.com\/fr\/wp-json\/wp\/v2\/media?parent=471436"}],"wp:term":[{"taxonomy":"category","embeddable":true,"href":"https:\/\/www.europesays.com\/fr\/wp-json\/wp\/v2\/categories?post=471436"},{"taxonomy":"post_tag","embeddable":true,"href":"https:\/\/www.europesays.com\/fr\/wp-json\/wp\/v2\/tags?post=471436"}],"curies":[{"name":"wp","href":"https:\/\/api.w.org\/{rel}","templated":true}]}}