{"id":471440,"date":"2025-10-18T02:41:23","date_gmt":"2025-10-18T02:41:23","guid":{"rendered":"https:\/\/www.europesays.com\/fr\/471440\/"},"modified":"2025-10-18T02:41:23","modified_gmt":"2025-10-18T02:41:23","slug":"double-facturation-dans-le-metro-et-rer-la-fin-du-casse-tete-pour-les-correspondances-passant-par-lexterieur","status":"publish","type":"post","link":"https:\/\/www.europesays.com\/fr\/471440\/","title":{"rendered":"Double facturation dans le m\u00e9tro et RER\u00a0: la fin du casse-t\u00eate pour les correspondances passant par l\u2019ext\u00e9rieur"},"content":{"rendered":"<p class=\"col subheadline margin_bottom_subheadline widescreen-12 desktop-10\">Pour transiter d\u2019une ligne \u00e0 l\u2019autre, il est parfois n\u00e9cessaire de passer par la rue, ce qui entra\u00eene le d\u00e9bit de deux tickets num\u00e9riques. Alert\u00e9 par les usagers, \u00cele-de-France Mobilit\u00e9s a revu sa copie pour \u00ab\u00a0offrir\u00a0\u00bb ces correspondances quand elles sont pertinentes, comme c\u2019\u00e9tait le cas avec le ticket en carton.<\/p>\n<p>Par <a href=\"https:\/\/www.leparisien.fr\/auteur\/sebastian-compagnon\/\" class=\"author_link\" target=\"_blank\" rel=\"noopener\">S\u00e9bastian Compagnon<\/a>\u00a0<\/p>\n<p>Le 17 octobre 2025 \u00e0 16h03<\/p>\n","protected":false},"excerpt":{"rendered":"Pour transiter d\u2019une ligne \u00e0 l\u2019autre, il est parfois n\u00e9cessaire de passer par la rue, ce qui entra\u00eene&hellip;\n","protected":false},"author":2,"featured_media":471441,"comment_status":"","ping_status":"","sticky":false,"template":"","format":"standard","meta":{"footnotes":""},"categories":[1592],"tags":[1111,11,1777,674,1011,27,662,1944,12,626,25,2382],"class_list":{"0":"post-471440","1":"post","2":"type-post","3":"status-publish","4":"format-standard","5":"has-post-thumbnail","7":"category-ile-de-france","8":"tag-actu","9":"tag-actualites","10":"tag-eu","11":"tag-europe","12":"tag-fr","13":"tag-france","14":"tag-ile-de-france","15":"tag-ma-ville","16":"tag-news","17":"tag-paris","18":"tag-republique-francaise","19":"tag-transport-idf-oise"},"share_on_mastodon":{"url":"https:\/\/pubeurope.com\/@fr\/115392864857093197","error":""},"_links":{"self":[{"href":"https:\/\/www.europesays.com\/fr\/wp-json\/wp\/v2\/posts\/471440","targetHints":{"allow":["GET"]}}],"collection":[{"href":"https:\/\/www.europesays.com\/fr\/wp-json\/wp\/v2\/posts"}],"about":[{"href":"https:\/\/www.europesays.com\/fr\/wp-json\/wp\/v2\/types\/post"}],"author":[{"embeddable":true,"href":"https:\/\/www.europesays.com\/fr\/wp-json\/wp\/v2\/users\/2"}],"replies":[{"embeddable":true,"href":"https:\/\/www.europesays.com\/fr\/wp-json\/wp\/v2\/comments?post=471440"}],"version-history":[{"count":0,"href":"https:\/\/www.europesays.com\/fr\/wp-json\/wp\/v2\/posts\/471440\/revisions"}],"wp:featuredmedia":[{"embeddable":true,"href":"https:\/\/www.europesays.com\/fr\/wp-json\/wp\/v2\/media\/471441"}],"wp:attachment":[{"href":"https:\/\/www.europesays.com\/fr\/wp-json\/wp\/v2\/media?parent=471440"}],"wp:term":[{"taxonomy":"category","embeddable":true,"href":"https:\/\/www.europesays.com\/fr\/wp-json\/wp\/v2\/categories?post=471440"},{"taxonomy":"post_tag","embeddable":true,"href":"https:\/\/www.europesays.com\/fr\/wp-json\/wp\/v2\/tags?post=471440"}],"curies":[{"name":"wp","href":"https:\/\/api.w.org\/{rel}","templated":true}]}}