{"id":471452,"date":"2025-10-18T02:47:22","date_gmt":"2025-10-18T02:47:22","guid":{"rendered":"https:\/\/www.europesays.com\/fr\/471452\/"},"modified":"2025-10-18T02:47:22","modified_gmt":"2025-10-18T02:47:22","slug":"le-11e-forum-economique-international-de-kiev-veut-continuer-a-attirer-les-investissements-face-a-la-guerre","status":"publish","type":"post","link":"https:\/\/www.europesays.com\/fr\/471452\/","title":{"rendered":"le 11e Forum \u00e9conomique international de Kiev veut continuer \u00e0 attirer les investissements face \u00e0 la guerre"},"content":{"rendered":"<p class=\"mb-4 text-lg md:leading-8 break-words\">En plein c\u0153ur de Kiev, la 11e \u00e9dition du Forum \u00e9conomique international a rassembl\u00e9 des centaines d&rsquo;acteurs \u00e9tatiques et du monde des entreprises, ukrainiens et internationaux. Cela au moment o\u00f9 l&rsquo;Ukraine cherche, plus que jamais, \u00e0 revigorer son \u00e9conomie afin de pouvoir continuer \u00e0 r\u00e9sister \u00e0 l&rsquo;agression russe.<\/p>\n<p class=\"mb-4 text-lg md:leading-8 break-words\">De notre correspondante \u00e0 Kiev,<\/p>\n<p class=\"mb-4 text-lg md:leading-8 break-words\">Le joyeux chaos qui r\u00e8gne dans les salons hors conf\u00e9rence du Forum \u00e9conomique international ferait presque oublier que ces journ\u00e9es se d\u00e9roulent au beau milieu d&rsquo;une guerre qui laisse l&rsquo;<strong><a href=\"https:\/\/www.rfi.fr\/fr\/tag\/ukraine\/\" class=\"link \" rel=\"nofollow noopener\" target=\"_blank\" data-ylk=\"slk:Ukraine;elm:context_link;itc:0;sec:content-canvas\">Ukraine<\/a><\/strong> un peu plus exsangue chaque jour. Pourtant, derri\u00e8re la bonne humeur de fa\u00e7ade des participants, la guerre est omnipr\u00e9sente, dans le programme, dans les esprits et dans l&rsquo;intitul\u00e9 : \u00ab Le pouvoir du peuple \u00bb, un peuple \u00e9prouv\u00e9, mais mobilis\u00e9, malgr\u00e9 quatre ann\u00e9es de guerre totale.<\/p>\n<p class=\"mb-4 text-lg md:leading-8 break-words\">Lors de cette 11e \u00e9dition, l&rsquo;ing\u00e9niosit\u00e9 des Ukrainiens en mati\u00e8re de solutions pour faire face \u00e0 la guerre est mise en avant. Un stand \u00e0 l&rsquo;entr\u00e9e de la grande salle de conf\u00e9rences est consacr\u00e9 \u00e0 l&rsquo;initiative \u00ab Fight for Light \u00bb. Cette collaboration entre le premier fournisseur priv\u00e9 d&rsquo;\u00e9lectricit\u00e9 en Ukraine DTEK et la marque de v\u00eatements Damirli commercialise des vestes inspir\u00e9es des travailleurs de la DTEK. Tous les profits de ventes sont revers\u00e9s \u00e0 \u00ab Gen Ukrainian \u00bb, une organisation non gouvernementale qui soutient les enfants ayant perdu leurs parents pendant la guerre.<\/p>\n<p class=\"mb-4 text-lg md:leading-8 break-words\">En grand, la photo de l&rsquo;ambassadeur du projet, le champion de boxe Oleksandr Usyk, lui aussi venu promouvoir la r\u00e9silience ukrainienne. Avec la philosophe et autrice r\u00e9v\u00e9r\u00e9e Oksana Zabuzhko, \u00e9galement pr\u00e9sente au forum, il fait partie des personnalit\u00e9s ukrainiennes les plus populaires, localement et \u00e0 l&rsquo;international, et leurs images sont largement mises \u00e0 contribution lors de ce plaidoyer pour l&rsquo;attractivit\u00e9 \u00e9conomique du pays.<\/p>\n<p>\u00ab Make Ukraine industrial again \u00bb<\/p>\n<p class=\"mb-4 text-lg md:leading-8 break-words\">Dmytro Kysylevsky, d\u00e9put\u00e9 du parti pr\u00e9sidentiel \u00ab Serviteur du Peuple \u00bb, souligne l&rsquo;importance de ce genre d&rsquo;\u00e9v\u00e9nements pour l&rsquo;avenir du pays. \u00ab Gagner la guerre, garantir la paix et assurer la restauration du pays ne sera possible qu&rsquo;avec une planification minutieuse. Par exemple, on ne peut pas pr\u00e9voir de manufacturer des armes \u00e0 longue port\u00e9e au jour le jour, cela demande des ann\u00e9es de pr\u00e9paration, et les opportunit\u00e9s qui se pr\u00e9sentent aujourd&rsquo;hui ont \u00e9t\u00e9 planifi\u00e9es d\u00e8s le d\u00e9but de l&rsquo;invasion \u00e0 grande \u00e9chelle. Il en va de m\u00eame pour l&rsquo;industrie : l&rsquo;industrie repr\u00e9sente actuellement une part tr\u00e8s faible dans l&rsquo;\u00e9conomie ukrainienne, environ la moiti\u00e9 de ce que l&rsquo;OCDE [Organisation de coop\u00e9ration et de d\u00e9veloppement \u00e9conomiques, <strong>NDLR]<\/strong> d\u00e9finit comme normal. D&rsquo;o\u00f9 l&rsquo;importance des \u00e9changes pr\u00e9sents, entre l&rsquo;\u00c9tat et les entreprises, afin d&rsquo;accro\u00eetre nos capacit\u00e9s industrielles et notre stabilit\u00e9 \u00e9conomique. \u00bb<\/p>\n<p class=\"mb-4 text-lg md:leading-8 break-words\">Dans les salles de conf\u00e9rences, les discussions sont justement ax\u00e9es autour du futur du pays. Clin d&rsquo;\u0153il au mouvement trumpiste, le panel \u00ab Make Ukraine industrial again \u00bb met en avant les probl\u00e8mes auxquels doivent faire face les acteurs du secteur \u00e9nerg\u00e9tique. Cela alors que les campagnes de frappes russes se sont intensifi\u00e9es et ravagent les infrastructures \u00e9nerg\u00e9tiques du pays.<\/p>\n<p class=\"mb-4 text-lg md:leading-8 break-words\">Au moment o\u00f9 l&rsquo;Europe finance \u00e0 l&rsquo;aide de plusieurs milliards d&rsquo;euros la r\u00e9paration et la protection des infrastructures \u00e9nerg\u00e9tiques, l&rsquo;ambassadrice de l&rsquo;Union europ\u00e9enne en Ukraine, Katarina Mathernova, rappelle : \u00ab Nous soutenons \u00e0 la fois la production d&rsquo;\u00e9nergie et sa distribution \u00e0 travers toute une s\u00e9rie de programmes pour r\u00e9parer ce qui peut l&rsquo;\u00eatre cette saison, notamment avec une aide financi\u00e8re massive \u00e0 Ukrenergo [l&rsquo;entreprise d&rsquo;\u00c9tat de production \u00e9nerg\u00e9tique, NDLR], et nous travaillons aussi \u00e0 l&rsquo;interconnectivit\u00e9 des r\u00e9seaux europ\u00e9ens et ukrainiens, ce qui est une mesure \u00e0 la fois politique, technique et financi\u00e8re. N&rsquo;oublions pas non plus l&rsquo;importance du soutien logistique et les cha\u00eenes de transport qui apportent l&rsquo;\u00e9quipement n\u00e9cessaire dans les entrep\u00f4ts ukrainiens, et l&rsquo;importance d&rsquo;une production \u00e9nerg\u00e9tique d\u00e9centralis\u00e9e. \u00bb<\/p>\n<p>Poursuivre l\u2019effort de reconstruction<\/p>\n<p class=\"mb-4 text-lg md:leading-8 break-words\">C\u00f4t\u00e9 ukrainien, loin du nouvel acte diplomatique qui se joue \u00e0 Washington, l&rsquo;objectif est de ne pas rel\u00e2cher l&rsquo;effort de reconstruction. Car malgr\u00e9 les efforts diplomatiques entrepris depuis plusieurs mois, la Russie reste inflexible et l&rsquo;Ukraine n&rsquo;a aucune raison de croire en une quelconque volont\u00e9 de paix de la part de Moscou : la <strong><a href=\"https:\/\/www.rfi.fr\/fr\/tag\/russie\/\" class=\"link \" rel=\"nofollow noopener\" target=\"_blank\" data-ylk=\"slk:Russie;elm:context_link;itc:0;sec:content-canvas\">Russie<\/a><\/strong> continue de bombarder le pays quotidiennement.<\/p>\n<p class=\"mb-4 text-lg md:leading-8 break-words\">Or, l&rsquo;avenir de l&rsquo;Ukraine passe par la survie des infrastructures du pays, lourdement \u00e9prouv\u00e9es apr\u00e8s quatre ans de guerre et plus encore ces derni\u00e8res semaines. \u00ab Le 3 octobre, nous avons essuy\u00e9 ce qui a probablement \u00e9t\u00e9 l&rsquo;attaque la plus massive de l&rsquo;histoire contre les infrastructures gazi\u00e8res, explique Natalia Boyko, vice-pr\u00e9sidente de Naftogaz, l&rsquo;entreprise d&rsquo;\u00c9tat de production gazi\u00e8re. Et lorsque je suis venue ici pour cette discussion, certaines de nos installations \u00e9taient encore en feu. Mais d\u00e8s que ce sera possible, nous en commencerons les r\u00e9parations. Nous avons d\u00e9j\u00e0 restaur\u00e9 beaucoup de choses, en termes de gestion de crise et de remise en service de chaque m\u00e8tre cube de gaz, nos sp\u00e9cialistes font un travail remarquable. \u00bb<\/p>\n<p class=\"mb-4 text-lg md:leading-8 break-words\">Au-del\u00e0 de la qu\u00eate constante de soutien et de financements, essentiels \u00e0 la survie \u00e9conomique du pays, cette 11e \u00e9dition du Forum \u00e9conomique permet de consolider l&rsquo;identit\u00e9 ukrainienne en mettant en avant ce qui, malgr\u00e9 la guerre, semble in\u00e9branlable : l&rsquo;esprit d&rsquo;entrepreneuriat, tout comme le Made in Ukraine. Sur ces derniers se forge l&rsquo;espoir de millions d&rsquo;Ukrainiens pour le futur du pays, alors que Moscou continue son entreprise de destruction quotidienne.<\/p>\n","protected":false},"excerpt":{"rendered":"En plein c\u0153ur de Kiev, la 11e \u00e9dition du Forum \u00e9conomique international a rassembl\u00e9 des centaines d&rsquo;acteurs \u00e9tatiques&hellip;\n","protected":false},"author":2,"featured_media":471453,"comment_status":"","ping_status":"","sticky":false,"template":"","format":"standard","meta":{"footnotes":""},"categories":[1590],"tags":[11,59511,1777,674,5556,11229,5493,7403,12,220],"class_list":{"0":"post-471452","1":"post","2":"type-post","3":"status-publish","4":"format-standard","5":"has-post-thumbnail","7":"category-ukraine","8":"tag-actualites","9":"tag-economique-international","10":"tag-eu","11":"tag-europe","12":"tag-forum","13":"tag-kiev","14":"tag-lukraine","15":"tag-la-guerre","16":"tag-news","17":"tag-ukraine"},"share_on_mastodon":{"url":"https:\/\/pubeurope.com\/@fr\/115392888410572542","error":""},"_links":{"self":[{"href":"https:\/\/www.europesays.com\/fr\/wp-json\/wp\/v2\/posts\/471452","targetHints":{"allow":["GET"]}}],"collection":[{"href":"https:\/\/www.europesays.com\/fr\/wp-json\/wp\/v2\/posts"}],"about":[{"href":"https:\/\/www.europesays.com\/fr\/wp-json\/wp\/v2\/types\/post"}],"author":[{"embeddable":true,"href":"https:\/\/www.europesays.com\/fr\/wp-json\/wp\/v2\/users\/2"}],"replies":[{"embeddable":true,"href":"https:\/\/www.europesays.com\/fr\/wp-json\/wp\/v2\/comments?post=471452"}],"version-history":[{"count":0,"href":"https:\/\/www.europesays.com\/fr\/wp-json\/wp\/v2\/posts\/471452\/revisions"}],"wp:featuredmedia":[{"embeddable":true,"href":"https:\/\/www.europesays.com\/fr\/wp-json\/wp\/v2\/media\/471453"}],"wp:attachment":[{"href":"https:\/\/www.europesays.com\/fr\/wp-json\/wp\/v2\/media?parent=471452"}],"wp:term":[{"taxonomy":"category","embeddable":true,"href":"https:\/\/www.europesays.com\/fr\/wp-json\/wp\/v2\/categories?post=471452"},{"taxonomy":"post_tag","embeddable":true,"href":"https:\/\/www.europesays.com\/fr\/wp-json\/wp\/v2\/tags?post=471452"}],"curies":[{"name":"wp","href":"https:\/\/api.w.org\/{rel}","templated":true}]}}