{"id":471458,"date":"2025-10-18T02:50:16","date_gmt":"2025-10-18T02:50:16","guid":{"rendered":"https:\/\/www.europesays.com\/fr\/471458\/"},"modified":"2025-10-18T02:50:16","modified_gmt":"2025-10-18T02:50:16","slug":"lallemagne-considere-la-turkiye-comme-un-partenaire-strategique","status":"publish","type":"post","link":"https:\/\/www.europesays.com\/fr\/471458\/","title":{"rendered":"L\u2019Allemagne consid\u00e8re la T\u00fcrkiye comme un \u00ab\u202fpartenaire strat\u00e9gique\u202f\u00bb"},"content":{"rendered":"<p>AA \/ Berlin \/ Ayhan Simsek<\/p>\n<p>L\u2019Allemagne consid\u00e8re la T\u00fcrkiye comme un \u00ab\u202fpartenaire strat\u00e9gique\u202f\u00bb au sein de l\u2019OTAN et voit un fort potentiel de coop\u00e9ration en mati\u00e8re de politique \u00e9trang\u00e8re, a d\u00e9clar\u00e9 vendredi le ministre des Affaires \u00e9trang\u00e8res Johann Wadephul avant sa visite \u00e0 Ankara.<\/p>\n<p>S\u2019adressant aux journalistes \u00e0 Berlin, le chef de la diplomatie allemande a pr\u00e9cis\u00e9 que ses entretiens \u00e0 Ankara plus tard dans la journ\u00e9e porteront sur les d\u00e9veloppements au Moyen-Orient, le cessez-le-feu \u00e0 Gaza, la transition politique en Syrie, le conflit Russie-Ukraine et d\u2019autres questions de politique \u00e9trang\u00e8re.<\/p>\n<p>\u00ab\u202fDans le conflit au Moyen-Orient, la T\u00fcrkiye a contribu\u00e9 au cessez-le-feu historique \u00e0 Gaza par son r\u00f4le de m\u00e9diateur\u202f\u00bb, a soulign\u00e9 Wadephul, se r\u00e9f\u00e9rant au cessez-le-feu entre le Hamas et Isra\u00ebl fond\u00e9 sur le plan en 20 points du pr\u00e9sident am\u00e9ricain Donald Trump.<\/p>\n<p>\u00ab\u202fAvec la lib\u00e9ration des prisonniers et le cessez-le-feu, beaucoup de choses ont \u00e9t\u00e9 accomplies qui semblaient impossibles il y a seulement quelques semaines. Cependant, le travail pour un avenir s\u00fbr et digne pour le peuple de Gaza ne fait que commencer\u202f\u00bb, a-t-il poursuivi.<\/p>\n<p>\u00ab\u202fEnsemble, nous \u0153uvrons pour un acc\u00e8s total des acteurs humanitaires afin d\u2019att\u00e9nuer les pires souffrances, et nous travaillons conjointement \u00e0 assurer la pleine mise en \u0153uvre du plan en 20 points pour une paix durable\u202f\u00bb, a ajout\u00e9 Wadephul, soulignant que Berlin attendait une pression continue sur le Hamas.<\/p>\n<p>Au cours de son d\u00e9placement d\u2019une journ\u00e9e \u00e0 Ankara, Wadephul doit rencontrer le ministre turc des Affaires \u00e9trang\u00e8res Hakan Fidan pour des discussions approfondies sur une s\u00e9rie de questions internationales et r\u00e9gionales cruciales. Les entretiens aborderont \u00e9galement les relations bilat\u00e9rales, l\u2019\u00e9volution des liens entre l\u2019UE et la T\u00fcrkiye, la coop\u00e9ration en cours dans le secteur de la d\u00e9fense et les questions li\u00e9es \u00e0 l\u2019OTAN.<\/p>\n<p>\u00ab\u202fLa T\u00fcrkiye est un partenaire strat\u00e9gique cl\u00e9 pour nous au sein de l\u2019alliance OTAN\u202f\u00bb, a insist\u00e9 Wadephul avant ses entretiens, notant que les discussions avec son homologue turc porteront \u00e9galement sur les questions de s\u00e9curit\u00e9 internationale et r\u00e9gionale, ainsi que sur les derniers d\u00e9veloppements du conflit Russie-Ukraine.<\/p>\n<p>\u00ab\u202fNotre objectif commun est de mettre fin rapidement \u00e0 cette guerre \u2013 pour cela, nous devons \u00e9galement tarir encore plus rapidement la caisse de guerre de la Russie. En tant que gardienne de la convention de Montreux, la T\u00fcrkiye a aussi une responsabilit\u00e9 directe sur l\u2019acc\u00e8s \u00e0 la mer Noire. Istanbul est \u00e9galement un lieu important pour les n\u00e9gociations\u202f\u00bb, a conclu le ministre allemand.<\/p>\n<p>* Traduit de l&rsquo;anglais par Seyma Erkul Dayanc<\/p>\n<p>                            &#13;<br \/>\n                                <a href=\"https:\/\/www.aa.com.tr\/fr\/p\/abonnement\/1001\" target=\"_blank\" style=\"font-size:12px; color:#444; text-decoration:none;\" rel=\"nofollow noopener\">&#13;<br \/>\n                                    Seulement une partie des d\u00e9p\u00eaches, que l&rsquo;Agence Anadolu diffuse \u00e0 ses abonn\u00e9s via le Syst\u00e8me de Diffusion interne (HAS), est diffus\u00e9e sur le site de l&rsquo;AA, de mani\u00e8re r\u00e9sum\u00e9e. <b style=\"color:#1897F7\">Contactez-nous s&rsquo;il vous pla\u00eet pour vous abonner.<\/b>&#13;<br \/>\n                                <\/a>&#13;<\/p>\n","protected":false},"excerpt":{"rendered":"AA \/ Berlin \/ Ayhan Simsek L\u2019Allemagne consid\u00e8re la T\u00fcrkiye comme un \u00ab\u202fpartenaire strat\u00e9gique\u202f\u00bb au sein de l\u2019OTAN&hellip;\n","protected":false},"author":2,"featured_media":471459,"comment_status":"","ping_status":"","sticky":false,"template":"","format":"standard","meta":{"footnotes":""},"categories":[1587],"tags":[11,672,1785,1804,1805,1803,1777,674,1801,12,1802,1906],"class_list":{"0":"post-471458","1":"post","2":"type-post","3":"status-publish","4":"format-standard","5":"has-post-thumbnail","7":"category-allemagne","8":"tag-actualites","9":"tag-allemagne","10":"tag-anadolu-ajansi","11":"tag-bundesrepublik-deutschland","12":"tag-de","13":"tag-deutschland","14":"tag-eu","15":"tag-europe","16":"tag-germany","17":"tag-news","18":"tag-republique-federale-dallemagne","19":"tag-trkiye"},"share_on_mastodon":{"url":"https:\/\/pubeurope.com\/@fr\/115392900317045292","error":""},"_links":{"self":[{"href":"https:\/\/www.europesays.com\/fr\/wp-json\/wp\/v2\/posts\/471458","targetHints":{"allow":["GET"]}}],"collection":[{"href":"https:\/\/www.europesays.com\/fr\/wp-json\/wp\/v2\/posts"}],"about":[{"href":"https:\/\/www.europesays.com\/fr\/wp-json\/wp\/v2\/types\/post"}],"author":[{"embeddable":true,"href":"https:\/\/www.europesays.com\/fr\/wp-json\/wp\/v2\/users\/2"}],"replies":[{"embeddable":true,"href":"https:\/\/www.europesays.com\/fr\/wp-json\/wp\/v2\/comments?post=471458"}],"version-history":[{"count":0,"href":"https:\/\/www.europesays.com\/fr\/wp-json\/wp\/v2\/posts\/471458\/revisions"}],"wp:featuredmedia":[{"embeddable":true,"href":"https:\/\/www.europesays.com\/fr\/wp-json\/wp\/v2\/media\/471459"}],"wp:attachment":[{"href":"https:\/\/www.europesays.com\/fr\/wp-json\/wp\/v2\/media?parent=471458"}],"wp:term":[{"taxonomy":"category","embeddable":true,"href":"https:\/\/www.europesays.com\/fr\/wp-json\/wp\/v2\/categories?post=471458"},{"taxonomy":"post_tag","embeddable":true,"href":"https:\/\/www.europesays.com\/fr\/wp-json\/wp\/v2\/tags?post=471458"}],"curies":[{"name":"wp","href":"https:\/\/api.w.org\/{rel}","templated":true}]}}