{"id":471460,"date":"2025-10-18T02:51:19","date_gmt":"2025-10-18T02:51:19","guid":{"rendered":"https:\/\/www.europesays.com\/fr\/471460\/"},"modified":"2025-10-18T02:51:19","modified_gmt":"2025-10-18T02:51:19","slug":"envie-deurope-pour-air-cote-divoire","status":"publish","type":"post","link":"https:\/\/www.europesays.com\/fr\/471460\/","title":{"rendered":"Envie d\u2019Europe pour Air C\u00f4te d\u2019Ivoire"},"content":{"rendered":"<p><a class=\"m-item-image m-item-image--1x1 o-podcast-header__image\" href=\"https:\/\/www.rfi.fr\/fr\/podcasts\/chronique-transports\/\" title=\"Chronique transports\" data-article-item-link=\"\" aria-hidden=\"true\" tabindex=\"-1\" rel=\"nofollow noopener\" target=\"_blank\"><\/p>\n<p><img decoding=\"async\" fetchpriority=\"high\" src=\"https:\/\/www.europesays.com\/fr\/wp-content\/uploads\/2025\/10\/carre-3000-ChroniquedesTransports.png\"   width=\"480\" height=\"480\" alt=\"Image carr\u00e9e\" loading=\"eager\" class=\"a-img \"\/><br \/>\n                                <\/a>                <\/p>\n<p class=\"t-content__chapo\">\n                                                C&rsquo;est une premi\u00e8re pour l&rsquo;aviation ivoirienne et un grand pas vers l&rsquo;Europe : Air C\u00f4te d&rsquo;Ivoire ouvre ses premiers vols hors d&rsquo;Afrique. Avec sept vols directs Abidjan\/Paris par semaine, la compagnie nationale ivoirienne veut s\u00e9duire l&rsquo;Europe et le reste du monde. L&rsquo;ambition est affich\u00e9e, faire de la C\u00f4te d&rsquo;Ivoire la plateforme a\u00e9rienne d&rsquo;Afrique de l&rsquo;Ouest. Une tour Eiffel toute verte \u00e0 c\u00f4t\u00e9 d&rsquo;une h\u00f4tesse de l&rsquo;air ! Pour f\u00eater ces vols directs Abidjan\/Paris, Air C\u00f4te d&rsquo;Ivoire a transform\u00e9 son site internet. Tous les experts a\u00e9riens l&rsquo;affirment, cette nouveaut\u00e9 va bousculer le march\u00e9 de l&rsquo;aviation africaine.                    <\/p>\n<p><img decoding=\"async\" fetchpriority=\"low\" src=\"https:\/\/www.europesays.com\/fr\/wp-content\/uploads\/2025\/10\/000-73FZ9NQ.jpg\"   width=\"1024\" height=\"576\" alt=\"Vue du nouvel Airbus A 330 Neo de la compagnie a\u00e9rienne nationale ivoirienne Air C\u00f4te d'Ivoire, utilis\u00e9 pour le trajet Abidjan-Paris, ici \u00e0 l'a\u00e9roport F\u00e9lix Houphou\u00ebt-Boigny d'Abidjan le 4 septembre 2025.\" loading=\"eager\" class=\"a-img \"\/><\/p>\n<p>                Vue du nouvel Airbus A 330 Neo de la compagnie a\u00e9rienne nationale ivoirienne Air C\u00f4te d&rsquo;Ivoire, utilis\u00e9 pour le trajet Abidjan-Paris, ici \u00e0 l&rsquo;a\u00e9roport F\u00e9lix Houphou\u00ebt-Boigny d&rsquo;Abidjan le 4 septembre 2025.                AFP &#8211; ISSOUF SANOGO            <\/p>\n","protected":false},"excerpt":{"rendered":"C&rsquo;est une premi\u00e8re pour l&rsquo;aviation ivoirienne et un grand pas vers l&rsquo;Europe : Air C\u00f4te d&rsquo;Ivoire ouvre ses&hellip;\n","protected":false},"author":2,"featured_media":471461,"comment_status":"","ping_status":"","sticky":false,"template":"","format":"standard","meta":{"footnotes":""},"categories":[1586],"tags":[11,879,38323,1639,1777,674,1011,27,12,25,2803],"class_list":{"0":"post-471460","1":"post","2":"type-post","3":"status-publish","4":"format-standard","5":"has-post-thumbnail","7":"category-europe","8":"tag-actualites","9":"tag-afrique","10":"tag-chronique-transports","11":"tag-cote-divoire","12":"tag-eu","13":"tag-europe","14":"tag-fr","15":"tag-france","16":"tag-news","17":"tag-republique-francaise","18":"tag-transport"},"share_on_mastodon":{"url":"https:\/\/pubeurope.com\/@fr\/115392904929393820","error":""},"_links":{"self":[{"href":"https:\/\/www.europesays.com\/fr\/wp-json\/wp\/v2\/posts\/471460","targetHints":{"allow":["GET"]}}],"collection":[{"href":"https:\/\/www.europesays.com\/fr\/wp-json\/wp\/v2\/posts"}],"about":[{"href":"https:\/\/www.europesays.com\/fr\/wp-json\/wp\/v2\/types\/post"}],"author":[{"embeddable":true,"href":"https:\/\/www.europesays.com\/fr\/wp-json\/wp\/v2\/users\/2"}],"replies":[{"embeddable":true,"href":"https:\/\/www.europesays.com\/fr\/wp-json\/wp\/v2\/comments?post=471460"}],"version-history":[{"count":0,"href":"https:\/\/www.europesays.com\/fr\/wp-json\/wp\/v2\/posts\/471460\/revisions"}],"wp:featuredmedia":[{"embeddable":true,"href":"https:\/\/www.europesays.com\/fr\/wp-json\/wp\/v2\/media\/471461"}],"wp:attachment":[{"href":"https:\/\/www.europesays.com\/fr\/wp-json\/wp\/v2\/media?parent=471460"}],"wp:term":[{"taxonomy":"category","embeddable":true,"href":"https:\/\/www.europesays.com\/fr\/wp-json\/wp\/v2\/categories?post=471460"},{"taxonomy":"post_tag","embeddable":true,"href":"https:\/\/www.europesays.com\/fr\/wp-json\/wp\/v2\/tags?post=471460"}],"curies":[{"name":"wp","href":"https:\/\/api.w.org\/{rel}","templated":true}]}}